{"id":20083,"date":"2024-07-17T12:20:06","date_gmt":"2024-07-17T15:20:06","guid":{"rendered":"https:\/\/dgospel.com.br\/portal\/?p=20083"},"modified":"2024-07-17T12:20:07","modified_gmt":"2024-07-17T15:20:07","slug":"poliomielite-doenca-pode-causar-paralisia-permanente-explica-infectologista","status":"publish","type":"post","link":"https:\/\/dgospel.com.br\/portal\/index.php\/2024\/07\/17\/poliomielite-doenca-pode-causar-paralisia-permanente-explica-infectologista\/","title":{"rendered":"POLIOMIELITE: doen\u00e7a pode causar paralisia permanente, explica infectologista"},"content":{"rendered":"\n<p>A paralisia infantil, tamb\u00e9m chamada de poliomielite, \u00e9 uma doen\u00e7a infecciosa causada pelo poliov\u00edrus e transmitida de pessoa a pessoa pela via fecal-oral. A infectologista Raquel Stucchi, consultora da Sociedade Brasileira de Infectologia, explica que, nos casos mais graves, a poliomielite pode acometer os neur\u00f4nios motores e provocar paralisia permanente.<\/p>\n\n\n\n<p>\u201cMais frequentemente, o que n\u00f3s vemos s\u00e3o os neur\u00f4nios motores respons\u00e1veis pela mobilidade de membros inferiores, mas pode acometer tamb\u00e9m musculatura respirat\u00f3ria, por exemplo, em que a pessoa n\u00e3o consegue ter for\u00e7a na musculatura para respirar, e eventualmente nos membros superiores tamb\u00e9m.\u201d<\/p>\n\n\n\n<p>Apesar de o Brasil ter recebido o certificado de elimina\u00e7\u00e3o do poliov\u00edrus selvagem do territ\u00f3rio nacional em 1994 \u2014 como resultado da intensifica\u00e7\u00e3o da vacina\u00e7\u00e3o \u2014, o v\u00edrus continua circulando em outros pa\u00edses. Por isso, o diretor do Departamento do Programa Nacional de Imuniza\u00e7\u00f5es do Minist\u00e9rio da Sa\u00fade, Eder Gatti, alerta os profissionais de sa\u00fade, pais ou respons\u00e1veis sobre a import\u00e2ncia de vacinar os pequenos.<\/p>\n\n\n\n<p>&#8220;A poliomielite \u00e9 uma doen\u00e7a que, por muitas d\u00e9cadas, causou paralisia e morte em crian\u00e7as. S\u00f3 que essa doen\u00e7a n\u00e3o faz mais parte do nosso cen\u00e1rio epidemiol\u00f3gico gra\u00e7as \u00e0 vacina\u00e7\u00e3o e o Brasil, desde 1989, n\u00e3o registra nenhum caso. Embora tenhamos eliminado a doen\u00e7a, ela ainda existe no mundo e pode ser reintroduzida no nosso pa\u00eds. Por isso, \u00e9 muito importante que os pais levem seus filhos menores de cinco anos para checar a caderneta e atualizar a situa\u00e7\u00e3o vacinal se necess\u00e1rio.&#8221;&nbsp;<\/p>\n\n\n\n<p>Todas as crian\u00e7as menores de 5 anos de idade devem ser vacinadas contra a p\u00f3lio de acordo com o <a href=\"https:\/\/www.gov.br\/saude\/pt-br\/vacinacao\/calendario\" target=\"_blank\" rel=\"noreferrer noopener\">Calend\u00e1rio Nacional de Vacina\u00e7\u00e3o<\/a> e na campanha anual. O esquema vacinal contra a poliomielite possui tr\u00eas doses de vacina inativada \u2014 aos 2, 4 e 6 meses de idade \u2014 e mais duas doses de refor\u00e7o com a vacina oral bivalente, a gotinha.&nbsp;<\/p>\n\n\n\n<p>Vale lembrar que a vacina protege as crian\u00e7as por toda a vida e \u00e9 segura.<\/p>\n\n\n\n<p>Procure uma unidade b\u00e1sica de sa\u00fade e cuide bem dos nossos futuros campe\u00f5es. Vamos nos unir ao Movimento Nacional pela Vacina\u00e7\u00e3o.<\/p>\n\n\n\n<p>Fonte: <a href=\"https:\/\/brasil61.com\/n\/poliomielite-doenca-pode-causar-paralisia-permanente-explica-infectologista-poli240008?email=dgospel1@gmail.com&amp;utm_source=email_individual&amp;utm_medium=email_individual&amp;utm_campaign=email_individual\" target=\"_blank\" rel=\"noreferrer noopener\">Brasil 61<\/a><\/p>\n","protected":false},"excerpt":{"rendered":"<p>A paralisia infantil, tamb\u00e9m chamada de poliomielite, \u00e9 uma doen\u00e7a infecciosa causada pelo poliov\u00edrus e transmitida de pessoa a pessoa pela via fecal-oral. A infectologista Raquel Stucchi, consultora da Sociedade Brasileira de Infectologia, explica que, nos casos mais graves, a poliomielite pode acometer os neur\u00f4nios motores e provocar paralisia permanente. \u201cMais frequentemente, o que n\u00f3s [&hellip;]<\/p>\n","protected":false},"author":2,"featured_media":20084,"comment_status":"open","ping_status":"open","sticky":false,"template":"","format":"standard","meta":[],"categories":[12,10],"tags":[],"_links":{"self":[{"href":"https:\/\/dgospel.com.br\/portal\/index.php\/wp-json\/wp\/v2\/posts\/20083"}],"collection":[{"href":"https:\/\/dgospel.com.br\/portal\/index.php\/wp-json\/wp\/v2\/posts"}],"about":[{"href":"https:\/\/dgospel.com.br\/portal\/index.php\/wp-json\/wp\/v2\/types\/post"}],"author":[{"embeddable":true,"href":"https:\/\/dgospel.com.br\/portal\/index.php\/wp-json\/wp\/v2\/users\/2"}],"replies":[{"embeddable":true,"href":"https:\/\/dgospel.com.br\/portal\/index.php\/wp-json\/wp\/v2\/comments?post=20083"}],"version-history":[{"count":1,"href":"https:\/\/dgospel.com.br\/portal\/index.php\/wp-json\/wp\/v2\/posts\/20083\/revisions"}],"predecessor-version":[{"id":20085,"href":"https:\/\/dgospel.com.br\/portal\/index.php\/wp-json\/wp\/v2\/posts\/20083\/revisions\/20085"}],"wp:featuredmedia":[{"embeddable":true,"href":"https:\/\/dgospel.com.br\/portal\/index.php\/wp-json\/wp\/v2\/media\/20084"}],"wp:attachment":[{"href":"https:\/\/dgospel.com.br\/portal\/index.php\/wp-json\/wp\/v2\/media?parent=20083"}],"wp:term":[{"taxonomy":"category","embeddable":true,"href":"https:\/\/dgospel.com.br\/portal\/index.php\/wp-json\/wp\/v2\/categories?post=20083"},{"taxonomy":"post_tag","embeddable":true,"href":"https:\/\/dgospel.com.br\/portal\/index.php\/wp-json\/wp\/v2\/tags?post=20083"}],"curies":[{"name":"wp","href":"https:\/\/api.w.org\/{rel}","templated":true}]}}