{"id":20092,"date":"2024-07-17T22:29:58","date_gmt":"2024-07-18T01:29:58","guid":{"rendered":"https:\/\/dgospel.com.br\/portal\/?p=20092"},"modified":"2024-07-17T22:29:59","modified_gmt":"2024-07-18T01:29:59","slug":"mpf-pede-a-retirada-do-campo-sexo-do-novo-rg","status":"publish","type":"post","link":"https:\/\/dgospel.com.br\/portal\/index.php\/2024\/07\/17\/mpf-pede-a-retirada-do-campo-sexo-do-novo-rg\/","title":{"rendered":"MPF pede a retirada do campo \u201csexo\u201d do novo RG"},"content":{"rendered":"\n<p>No dia 8 de julho, o Minist\u00e9rio P\u00fablico Federal (MPF) apresentou um recurso ao Tribunal Regional da 1\u00aa Regi\u00e3o, em Bras\u00edlia (DF), fazendo dois pedidos: a retirada do campo \u201csexo\u201d e a unifica\u00e7\u00e3o do campo \u201cnome\u201d e \u201cnome social\u201d na nova carteira de identidade nacional (CIN).<\/p>\n\n\n\n<p>Os pedidos respondem a uma quest\u00e3o relacionada \u00e0s pessoas trans, como explicou o procurador da Rep\u00fablica Lucas Costa Almeida Dias, que ajuizou o caso em primeiro grau, no Acre.<\/p>\n\n\n\n<p>\u2013 As regras atuais desrespeitam o direito ao nome social das pessoas transexuais e geram constrangimentos a integrantes da popula\u00e7\u00e3o LGBTQIA+ ao priorizar o nome de registro civil e o sexo biol\u00f3gico na carteira de identidade e sistemas governamentais \u2013 disse ele ao G1.<\/p>\n\n\n\n<p>A Justi\u00e7a Federal do Acre acolheu o pedido inicial, feito em janeiro deste ano, e determinou que o layout do novo RG fosse alterado em 60 dias. Mas o governo federal entrou com recurso no TRF1, justificando que tal altera\u00e7\u00e3o causaria les\u00e3o \u00e0 ordem p\u00fablica e econ\u00f4mica e, dessa forma, conseguiu suspender a liminar.<\/p>\n\n\n\n<p>O novo recurso do MPF apresentado pela procuradora regional da Rep\u00fablica Michele Rangel de Barros Vollstedt Bastos pede que seja restabelecida a liminar do Acre.<\/p>\n\n\n\n<p>Ainda, v\u00e1rios pontos foram apresentados al\u00e9m da quest\u00e3o do nome e sexo, a a\u00e7\u00e3o tamb\u00e9m pede a importa\u00e7\u00e3o dos campos \u201cnome social\u201d, \u201corienta\u00e7\u00e3o sexual\u201d e \u201cidentidade de g\u00eanero\u201d para \u00f3rg\u00e3os p\u00fablicos e a promo\u00e7\u00e3o de treinamentos e capacita\u00e7\u00f5es dos operadores dos sistemas federais.<\/p>\n\n\n\n<p>Al\u00e9m disso, o MPF pede pagamento de dano moral coletivo de R$ 1 milh\u00e3o para projetos educativos e informativos sobre promo\u00e7\u00e3o da diversidade e cultura LGBTQIA+.<\/p>\n","protected":false},"excerpt":{"rendered":"<p>No dia 8 de julho, o Minist\u00e9rio P\u00fablico Federal (MPF) apresentou um recurso ao Tribunal Regional da 1\u00aa Regi\u00e3o, em Bras\u00edlia (DF), fazendo dois pedidos: a retirada do campo \u201csexo\u201d e a unifica\u00e7\u00e3o do campo \u201cnome\u201d e \u201cnome social\u201d na nova carteira de identidade nacional (CIN). Os pedidos respondem a uma quest\u00e3o relacionada \u00e0s pessoas [&hellip;]<\/p>\n","protected":false},"author":2,"featured_media":20093,"comment_status":"open","ping_status":"open","sticky":false,"template":"","format":"standard","meta":[],"categories":[12,10],"tags":[],"_links":{"self":[{"href":"https:\/\/dgospel.com.br\/portal\/index.php\/wp-json\/wp\/v2\/posts\/20092"}],"collection":[{"href":"https:\/\/dgospel.com.br\/portal\/index.php\/wp-json\/wp\/v2\/posts"}],"about":[{"href":"https:\/\/dgospel.com.br\/portal\/index.php\/wp-json\/wp\/v2\/types\/post"}],"author":[{"embeddable":true,"href":"https:\/\/dgospel.com.br\/portal\/index.php\/wp-json\/wp\/v2\/users\/2"}],"replies":[{"embeddable":true,"href":"https:\/\/dgospel.com.br\/portal\/index.php\/wp-json\/wp\/v2\/comments?post=20092"}],"version-history":[{"count":1,"href":"https:\/\/dgospel.com.br\/portal\/index.php\/wp-json\/wp\/v2\/posts\/20092\/revisions"}],"predecessor-version":[{"id":20094,"href":"https:\/\/dgospel.com.br\/portal\/index.php\/wp-json\/wp\/v2\/posts\/20092\/revisions\/20094"}],"wp:featuredmedia":[{"embeddable":true,"href":"https:\/\/dgospel.com.br\/portal\/index.php\/wp-json\/wp\/v2\/media\/20093"}],"wp:attachment":[{"href":"https:\/\/dgospel.com.br\/portal\/index.php\/wp-json\/wp\/v2\/media?parent=20092"}],"wp:term":[{"taxonomy":"category","embeddable":true,"href":"https:\/\/dgospel.com.br\/portal\/index.php\/wp-json\/wp\/v2\/categories?post=20092"},{"taxonomy":"post_tag","embeddable":true,"href":"https:\/\/dgospel.com.br\/portal\/index.php\/wp-json\/wp\/v2\/tags?post=20092"}],"curies":[{"name":"wp","href":"https:\/\/api.w.org\/{rel}","templated":true}]}}