{"id":20098,"date":"2024-07-18T11:27:12","date_gmt":"2024-07-18T14:27:12","guid":{"rendered":"https:\/\/dgospel.com.br\/portal\/?p=20098"},"modified":"2024-07-18T11:27:13","modified_gmt":"2024-07-18T14:27:13","slug":"gipao-propoe-bolsa-de-estudos-para-universitarios-portadores-de-deficiencia-fisica","status":"publish","type":"post","link":"https:\/\/dgospel.com.br\/portal\/index.php\/2024\/07\/18\/gipao-propoe-bolsa-de-estudos-para-universitarios-portadores-de-deficiencia-fisica\/","title":{"rendered":"Gip\u00e3o prop\u00f5e bolsa de estudos para universit\u00e1rios portadores de defici\u00eancia f\u00edsica"},"content":{"rendered":"\n<p>O deputado estadual Gip\u00e3o defendeu, atrav\u00e9s de um Projeto de Lei, a cria\u00e7\u00e3o de bolsas nas universidades p\u00fablicas e privadas do estado, destinadas a beneficiar alunos com defici\u00eancia que fa\u00e7am gradua\u00e7\u00e3o ou p\u00f3s-gradua\u00e7\u00e3o, em cursos de forma\u00e7\u00e3o profissional para trabalharem com outras pessoas com defici\u00eancia.<\/p>\n\n\n\n<p>O PL destaca que as bolsas de estudos ser\u00e3o concedidas no decorrer de toda a forma\u00e7\u00e3o acad\u00eamica, desde que n\u00e3o haja desist\u00eancia do estudante, e ter\u00e3o ao menos o valor de meio sal\u00e1rio m\u00ednimo mensal, sendo que a Secretaria de Estado da Educa\u00e7\u00e3o seria respons\u00e1vel pela defini\u00e7\u00e3o de crit\u00e9rios de perman\u00eancia e concess\u00e3o, bem como, pela manuten\u00e7\u00e3o administrativa e financeira das bolsas, podendo o estado firmar inclusive conv\u00eanios com institui\u00e7\u00f5es privadas e associa\u00e7\u00f5es para a implementa\u00e7\u00e3o das pol\u00edticas previstas na lei.<\/p>\n\n\n\n<p><strong>Na justificativa, o parlamentar deixa claro o objetivo de sua iniciativa:<\/strong><\/p>\n\n\n\n<p>\u201cNossa a\u00e7\u00e3o visa promover a inclus\u00e3o e a igualdade de oportunidades no acesso \u00e0 educa\u00e7\u00e3o e ao mercado de trabalho, para esse p\u00fablico t\u00e3o vulner\u00e1vel. N\u00f3s sabemos que as pessoas com defici\u00eancia&nbsp; j\u00e1 enfrentam muitos desafios para acessar a educa\u00e7\u00e3o superior. Eu poderia citar v\u00e1rias quest\u00f5es, como por exemplo: falta de acessibilidade f\u00edsica, discrimina\u00e7\u00e3o ou mesmo falta de recursos. Eu entendo que as bolsas podem ajudar a minimizar essas barreiras, tornando a educa\u00e7\u00e3o superior mais acess\u00edvel para esse grupo\u201d, frisou Gip\u00e3o.<\/p>\n","protected":false},"excerpt":{"rendered":"<p>O deputado estadual Gip\u00e3o defendeu, atrav\u00e9s de um Projeto de Lei, a cria\u00e7\u00e3o de bolsas nas universidades p\u00fablicas e privadas do estado, destinadas a beneficiar alunos com defici\u00eancia que fa\u00e7am gradua\u00e7\u00e3o ou p\u00f3s-gradua\u00e7\u00e3o, em cursos de forma\u00e7\u00e3o profissional para trabalharem com outras pessoas com defici\u00eancia. O PL destaca que as bolsas de estudos ser\u00e3o concedidas [&hellip;]<\/p>\n","protected":false},"author":2,"featured_media":20099,"comment_status":"open","ping_status":"open","sticky":false,"template":"","format":"standard","meta":[],"categories":[8,12],"tags":[],"_links":{"self":[{"href":"https:\/\/dgospel.com.br\/portal\/index.php\/wp-json\/wp\/v2\/posts\/20098"}],"collection":[{"href":"https:\/\/dgospel.com.br\/portal\/index.php\/wp-json\/wp\/v2\/posts"}],"about":[{"href":"https:\/\/dgospel.com.br\/portal\/index.php\/wp-json\/wp\/v2\/types\/post"}],"author":[{"embeddable":true,"href":"https:\/\/dgospel.com.br\/portal\/index.php\/wp-json\/wp\/v2\/users\/2"}],"replies":[{"embeddable":true,"href":"https:\/\/dgospel.com.br\/portal\/index.php\/wp-json\/wp\/v2\/comments?post=20098"}],"version-history":[{"count":1,"href":"https:\/\/dgospel.com.br\/portal\/index.php\/wp-json\/wp\/v2\/posts\/20098\/revisions"}],"predecessor-version":[{"id":20100,"href":"https:\/\/dgospel.com.br\/portal\/index.php\/wp-json\/wp\/v2\/posts\/20098\/revisions\/20100"}],"wp:featuredmedia":[{"embeddable":true,"href":"https:\/\/dgospel.com.br\/portal\/index.php\/wp-json\/wp\/v2\/media\/20099"}],"wp:attachment":[{"href":"https:\/\/dgospel.com.br\/portal\/index.php\/wp-json\/wp\/v2\/media?parent=20098"}],"wp:term":[{"taxonomy":"category","embeddable":true,"href":"https:\/\/dgospel.com.br\/portal\/index.php\/wp-json\/wp\/v2\/categories?post=20098"},{"taxonomy":"post_tag","embeddable":true,"href":"https:\/\/dgospel.com.br\/portal\/index.php\/wp-json\/wp\/v2\/tags?post=20098"}],"curies":[{"name":"wp","href":"https:\/\/api.w.org\/{rel}","templated":true}]}}