{"id":20104,"date":"2024-07-19T15:58:27","date_gmt":"2024-07-19T18:58:27","guid":{"rendered":"https:\/\/dgospel.com.br\/portal\/?p=20104"},"modified":"2024-07-19T15:58:29","modified_gmt":"2024-07-19T18:58:29","slug":"governo-do-tocantins-impulsiona-a-economia-estadual-com-foco-no-empreendedorismo-regional-e-sustentavel","status":"publish","type":"post","link":"https:\/\/dgospel.com.br\/portal\/index.php\/2024\/07\/19\/governo-do-tocantins-impulsiona-a-economia-estadual-com-foco-no-empreendedorismo-regional-e-sustentavel\/","title":{"rendered":"Governo do Tocantins impulsiona a economia estadual com foco no empreendedorismo regional e sustent\u00e1vel"},"content":{"rendered":"\n<p>O Governo do Tocantins celebra o resultado das a\u00e7\u00f5es, desenvolvidas pela &nbsp;Ag\u00eancia de Fomento do Tocantins,&nbsp; realizadas no primeiro semestre de 2024. Com a atua\u00e7\u00e3o da Pasta em todo o Estado, a\u00e7\u00f5es empreendedoras foram incentivadas e resultados positivos contabilizados.<\/p>\n\n\n\n<p>Em mar\u00e7o de 2024, foi homologado o 1\u00ba concurso da Ag\u00eancia de Fomento. O certame foi realizado atendendo a recomenda\u00e7\u00e3o do governador Wanderlei Barbosa, que expressou convic\u00e7\u00e3o no sentido de ser necess\u00e1rio garantir o acesso das pessoas ao servi\u00e7o p\u00fablico, ao respeitar as regras constitucionais, proporcionar seguran\u00e7a jur\u00eddica e garantir a regulariza\u00e7\u00e3o da carreira dos profissionais da Ag\u00eancia. Em um ato cont\u00ednuo, alguns aprovados foram convocados, considerando a necessidade da administra\u00e7\u00e3o da institui\u00e7\u00e3o. Os demais, ser\u00e3o convocados paulatinamente nos pr\u00f3ximos meses.&nbsp; &nbsp;<\/p>\n\n\n\n<p>J\u00e1 em maio de 2024, ap\u00f3s intensa gest\u00e3o do Governo do Tocantins, o Minist\u00e9rio do Turismo disponibilizou mais R$ 15 milh\u00f5es para a concess\u00e3o de cr\u00e9dito a empreendimentos tur\u00edsticos, via Fundo Geral de Turismo (Fungetur). Foi firmado outro termo aditivo ao contrato vigente, visando receber os recursos, cujas taxas de juros s\u00e3o at\u00e9 5% ao ano mais \u00cdndice Nacional de Pre\u00e7os ao Consumidor (INPC), o que representa aproximadamente 0,7% ao m\u00eas \u2013 bem abaixo daquelas praticadas pelo mercado financeiro \u2013 e que impulsionaram o setor tur\u00edstico.<\/p>\n\n\n\n<p>Ainda no m\u00eas de maio de 2024, foi lan\u00e7ada a linha&nbsp;<em>M\u00e3es Empreendedoras<\/em>, uma iniciativa em alus\u00e3o ao Dia das M\u00e3es e ao empoderamento feminino. A linha de cr\u00e9dito destinou-se a micros, pequenas e m\u00e9dias empresas, desde que a s\u00f3cia majorit\u00e1ria fosse do sexo feminino. Os valores das opera\u00e7\u00f5es poderiam chegar at\u00e9 R$ 30 mil, se destinados \u00e0s Microempreendedores Individuais (MEIs). Para empresas de outros portes, o valor da opera\u00e7\u00e3o poderia alcan\u00e7ar o patamar de at\u00e9 R$ 200 mil. As taxas para ambos casos foram de 1,89% a.m. em at\u00e9 48 meses para MEIs; e 60 meses para outros empreendedores, cujos prazos de car\u00eancia foram de dois meses.&nbsp;<\/p>\n\n\n\n<p>No mesmo m\u00eas, a Ag\u00eancia de Fomento e a Universidade Estadual do Tocantins (Unitins) firmaram conv\u00eanio para estabelecer um ponto de atendimento da Ag\u00eancia no N\u00facleo de Pr\u00e1ticas Cont\u00e1bil e Jur\u00eddica da Unitins, c\u00e2mpus de Augustin\u00f3polis. Com isso, foi poss\u00edvel aumentar e facilitar a articula\u00e7\u00e3o da concess\u00e3o de empr\u00e9stimos e linhas de cr\u00e9dito para os empres\u00e1rios da regi\u00e3o do Bico do Papagaio.&nbsp;<\/p>\n\n\n\n<p>Para o governador Wanderlei Barbosa, o conv\u00eanio \u00e9 primordial para alavancar o empreendedorismo. &#8220;Agora, a Fomento estar\u00e1 em Augustin\u00f3polis, para trabalhar com nossos acad\u00eamicos e professores da Unitins, fazendo projetos que v\u00e3o ajudar pequenos e m\u00e9dios empreendedores. Essa \u00e9 uma vertente que auxiliar\u00e1 o crescimento da economia na regi\u00e3o do Bico do Papagaio&#8221;, enfatizou o chefe do Executivo, ao celebrar o conv\u00eanio.<\/p>\n\n\n\n<p>Em junho, por ordem do gestor estadual Wanderlei Barbosa, foi publicada a Medida Provis\u00f3ria n\u00ba 15, que institui o Fundo de Desenvolvimento Econ\u00f4mico e Sustent\u00e1vel do Estado do Tocantins (Fdesto), vinculado \u00e0 Secretaria de Estado da Fazenda, que delega \u00e0 Ag\u00eancia de Fomento do Estado do Tocantins S\/A (FomenTO), a sua gest\u00e3o e a execu\u00e7\u00e3o administrativa, financeira, cont\u00e1bil e or\u00e7ament\u00e1rio. Com essa MP, a gest\u00e3o operacional do Fundo, migrada da Sefaz para a Fomento, viabiliza tamb\u00e9m uma maior din\u00e2mica na equaliza\u00e7\u00e3o e na redu\u00e7\u00e3o das taxas. Al\u00e9m disso, a medida teve por objetivo fomentar a economia, com vistas a desenvolver a produ\u00e7\u00e3o e a comercializa\u00e7\u00e3o de produtos e servi\u00e7os, nos setores da ind\u00fastria; da agroind\u00fastria; da piscicultura; e do com\u00e9rcio e servi\u00e7o por meio de financiamento de micro, pequenos e m\u00e9dios empreendimentos, considerados relevantes para o desenvolvimento sustent\u00e1vel do Estado do Tocantins.&nbsp;<\/p>\n\n\n\n<p>A presidente da Ag\u00eancia de Fomento, Denise Rocha,&nbsp;ressalta que a nova viabiliza\u00e7\u00e3o do Fundo \u00e9 importante, pois reconhece a import\u00e2ncia da agricultura familiar e dos pequenos empreendedores que, muitas vezes, enfrentam dificuldades de acesso a cr\u00e9dito pelos bancos tradicionais. \u201cEssa iniciativa revelou-se uma pe\u00e7a fundamental para o fortalecer esses segmentos e superar os desafios econ\u00f4micos. \u00c9 uma forma, enfim, de democratizar o acesso ao cr\u00e9dito e promover o desenvolvimento sustent\u00e1vel da economia\u201d.<\/p>\n\n\n\n<p>Edi\u00e7\u00e3o: Alba Cobo<\/p>\n\n\n\n<p>Revis\u00e3o Textual: Marynne Juliate<\/p>\n\n\n\n<p><img src=\"https:\/\/central.to.gov.br\/image\/385585?w=670&amp;h=383\"><\/p>\n\n\n\n<p>Governador Wanderlei Barbosa, a presidente da Fomento, Denise Rocha, e o secret\u00e1rio de Turismo, Hercy Filho, durante a assinatura do Termo Aditivo para aporte de R$ 15 milh\u00f5es &#8211; Ademir do Anjos\/Governo do Tocantins&nbsp;<a href=\"https:\/\/central.to.gov.br\/image\/385585?f=1\" target=\"_blank\" rel=\"noreferrer noopener\"><em>file_download<\/em><\/a><\/p>\n\n\n\n<p><img src=\"https:\/\/central.to.gov.br\/image\/385582?w=670&amp;h=383\"><\/p>\n\n\n\n<p>Primeira-dama, Karynne Sotero, e presidente da Fomento, Denise Rocha, assinam resolu\u00e7\u00e3o da Linha de Cr\u00e9dito &#8220;M\u00e3es Empreendedoras&#8221; &#8211; Loise Maria\/Governo do Tocantins&nbsp;<a href=\"https:\/\/central.to.gov.br\/image\/385582?f=1\" target=\"_blank\" rel=\"noreferrer noopener\"><em>file_download<\/em><\/a><\/p>\n\n\n\n<p><img src=\"https:\/\/central.to.gov.br\/image\/385586?w=670&amp;h=383\"><\/p>\n\n\n\n<p>Governador, Wanderlei Barbosa, a presidente da Fomento, Denise Rocha, e o reitor da Unitins Augusto Rezende durante a assinatura do conv\u00eanio para atendimento no Bico do Papagaio &#8211; Secom\/Governo do Tocantins&nbsp;<a href=\"https:\/\/central.to.gov.br\/image\/385586?f=1\" target=\"_blank\" rel=\"noreferrer noopener\"><em>file_download<\/em><\/a><\/p>\n\n\n\n<p><img src=\"https:\/\/central.to.gov.br\/image\/385584?w=670&amp;h=383\"><\/p>\n\n\n\n<p>Presidente Denise Rocha e o secret\u00e1rio Administra\u00e7\u00e3o Paulo Benfica assinam conv\u00eanio para Cart\u00e3o Consignado &#8211; Thalyta Oliveira\/Governo do Tocantins&nbsp;<a href=\"https:\/\/central.to.gov.br\/image\/385584?f=1\" target=\"_blank\" rel=\"noreferrer noopener\"><em>file_download<\/em><\/a><a href=\"javascript:\"><em>keyboard_arrow_up<\/em><\/a><\/p>\n","protected":false},"excerpt":{"rendered":"<p>O Governo do Tocantins celebra o resultado das a\u00e7\u00f5es, desenvolvidas pela &nbsp;Ag\u00eancia de Fomento do Tocantins,&nbsp; realizadas no primeiro semestre de 2024. Com a atua\u00e7\u00e3o da Pasta em todo o Estado, a\u00e7\u00f5es empreendedoras foram incentivadas e resultados positivos contabilizados. Em mar\u00e7o de 2024, foi homologado o 1\u00ba concurso da Ag\u00eancia de Fomento. O certame foi [&hellip;]<\/p>\n","protected":false},"author":2,"featured_media":20105,"comment_status":"open","ping_status":"open","sticky":false,"template":"","format":"standard","meta":[],"categories":[3],"tags":[13],"_links":{"self":[{"href":"https:\/\/dgospel.com.br\/portal\/index.php\/wp-json\/wp\/v2\/posts\/20104"}],"collection":[{"href":"https:\/\/dgospel.com.br\/portal\/index.php\/wp-json\/wp\/v2\/posts"}],"about":[{"href":"https:\/\/dgospel.com.br\/portal\/index.php\/wp-json\/wp\/v2\/types\/post"}],"author":[{"embeddable":true,"href":"https:\/\/dgospel.com.br\/portal\/index.php\/wp-json\/wp\/v2\/users\/2"}],"replies":[{"embeddable":true,"href":"https:\/\/dgospel.com.br\/portal\/index.php\/wp-json\/wp\/v2\/comments?post=20104"}],"version-history":[{"count":1,"href":"https:\/\/dgospel.com.br\/portal\/index.php\/wp-json\/wp\/v2\/posts\/20104\/revisions"}],"predecessor-version":[{"id":20106,"href":"https:\/\/dgospel.com.br\/portal\/index.php\/wp-json\/wp\/v2\/posts\/20104\/revisions\/20106"}],"wp:featuredmedia":[{"embeddable":true,"href":"https:\/\/dgospel.com.br\/portal\/index.php\/wp-json\/wp\/v2\/media\/20105"}],"wp:attachment":[{"href":"https:\/\/dgospel.com.br\/portal\/index.php\/wp-json\/wp\/v2\/media?parent=20104"}],"wp:term":[{"taxonomy":"category","embeddable":true,"href":"https:\/\/dgospel.com.br\/portal\/index.php\/wp-json\/wp\/v2\/categories?post=20104"},{"taxonomy":"post_tag","embeddable":true,"href":"https:\/\/dgospel.com.br\/portal\/index.php\/wp-json\/wp\/v2\/tags?post=20104"}],"curies":[{"name":"wp","href":"https:\/\/api.w.org\/{rel}","templated":true}]}}