{"id":20107,"date":"2024-07-20T16:03:13","date_gmt":"2024-07-20T19:03:13","guid":{"rendered":"https:\/\/dgospel.com.br\/portal\/?p=20107"},"modified":"2024-07-20T16:03:15","modified_gmt":"2024-07-20T19:03:15","slug":"bolsonaro-chorou-durante-a-pandemia-ao-ver-comercios-fechando-relatou-gilmar-mendes","status":"publish","type":"post","link":"https:\/\/dgospel.com.br\/portal\/index.php\/2024\/07\/20\/bolsonaro-chorou-durante-a-pandemia-ao-ver-comercios-fechando-relatou-gilmar-mendes\/","title":{"rendered":"Bolsonaro chorou durante a pandemia ao ver com\u00e9rcios fechando, relatou Gilmar Mendes"},"content":{"rendered":"\n<p>De f\u00e9rias em Lisboa, o ministro Gilmar Mendes, do Supremo Tribunal Federal (STF), participou de um jantar-debate no restaurante C\u00edcero Bistrot, considerado uma \u201csegunda embaixada\u201d dos brasileiros na capital portuguesa. O evento fez parte do lan\u00e7amento do livro \u201cPor que a democracia brasileira n\u00e3o morreu?\u201d, dos cientistas pol\u00edticos Marcus Andr\u00e9 Melo e Carlos Pereira.<\/p>\n\n\n\n<p>Durante o jantar, Gilmar Mendes animou os presentes ao relatar experi\u00eancias pessoais e compartilhar detalhes dos bastidores do poder em Bras\u00edlia. O magistrado destacou um encontro que teve com o ex-presidente Jair Bolsonaro (PL) durante a pandemia. Gilmar contou que foi convidado por Bolsonaro para uma reuni\u00e3o na resid\u00eancia oficial, em um s\u00e1bado pela manh\u00e3. Na \u00e9poca, o ent\u00e3o presidente n\u00e3o concordava com as medidas de isolamento e fechamento do com\u00e9rcio impostas por estados e munic\u00edpios.<\/p>\n\n\n\n<p>\u201cEle pegava o celular, abria o WhatsApp e me mostrava v\u00eddeos,\u201d recordou Gilmar, complementando que Bolsonaro dizia: \u201cOlha s\u00f3, tem esse cara aqui que vai ter que fechar a lot\u00e9rica, e n\u00e3o pode.\u201d<\/p>\n\n\n\n<p>O ministro lembrou que, em determinado momento, os assessores sa\u00edram da sala e Bolsonaro desabafou, demonstrando grande ang\u00fastia. \u201cEle ficou falando sobre como estava dif\u00edcil, sobre como era atacado, da fam\u00edlia, e, l\u00e1 pelas tantas, se p\u00f4s a chorar,\u201d detalhou Gilmar. O ministro disse que Bolsonaro parecia angustiado e que respondeu: \u201cSenhor presidente, a vida \u00e9 dif\u00edcil mesmo.\u201d<\/p>\n\n\n\n<p>Jair Bolsonaro confirmou o encontro e admitiu que se emocionou. Ele relembrou que falou da fam\u00edlia, da facada que sofreu durante a campanha presidencial e das dificuldades enfrentadas at\u00e9 chegar \u00e0 Presid\u00eancia da Rep\u00fablica. Sobre as medidas de enfrentamento \u00e0 Covid-19, Bolsonaro afirmou que ressaltou a Gilmar que o governo federal contava com o general Braga Neto para gerenciar a crise pand\u00eamica.<\/p>\n","protected":false},"excerpt":{"rendered":"<p>De f\u00e9rias em Lisboa, o ministro Gilmar Mendes, do Supremo Tribunal Federal (STF), participou de um jantar-debate no restaurante C\u00edcero Bistrot, considerado uma \u201csegunda embaixada\u201d dos brasileiros na capital portuguesa. O evento fez parte do lan\u00e7amento do livro \u201cPor que a democracia brasileira n\u00e3o morreu?\u201d, dos cientistas pol\u00edticos Marcus Andr\u00e9 Melo e Carlos Pereira. Durante [&hellip;]<\/p>\n","protected":false},"author":2,"featured_media":20108,"comment_status":"open","ping_status":"open","sticky":false,"template":"","format":"standard","meta":[],"categories":[4],"tags":[13],"_links":{"self":[{"href":"https:\/\/dgospel.com.br\/portal\/index.php\/wp-json\/wp\/v2\/posts\/20107"}],"collection":[{"href":"https:\/\/dgospel.com.br\/portal\/index.php\/wp-json\/wp\/v2\/posts"}],"about":[{"href":"https:\/\/dgospel.com.br\/portal\/index.php\/wp-json\/wp\/v2\/types\/post"}],"author":[{"embeddable":true,"href":"https:\/\/dgospel.com.br\/portal\/index.php\/wp-json\/wp\/v2\/users\/2"}],"replies":[{"embeddable":true,"href":"https:\/\/dgospel.com.br\/portal\/index.php\/wp-json\/wp\/v2\/comments?post=20107"}],"version-history":[{"count":1,"href":"https:\/\/dgospel.com.br\/portal\/index.php\/wp-json\/wp\/v2\/posts\/20107\/revisions"}],"predecessor-version":[{"id":20109,"href":"https:\/\/dgospel.com.br\/portal\/index.php\/wp-json\/wp\/v2\/posts\/20107\/revisions\/20109"}],"wp:featuredmedia":[{"embeddable":true,"href":"https:\/\/dgospel.com.br\/portal\/index.php\/wp-json\/wp\/v2\/media\/20108"}],"wp:attachment":[{"href":"https:\/\/dgospel.com.br\/portal\/index.php\/wp-json\/wp\/v2\/media?parent=20107"}],"wp:term":[{"taxonomy":"category","embeddable":true,"href":"https:\/\/dgospel.com.br\/portal\/index.php\/wp-json\/wp\/v2\/categories?post=20107"},{"taxonomy":"post_tag","embeddable":true,"href":"https:\/\/dgospel.com.br\/portal\/index.php\/wp-json\/wp\/v2\/tags?post=20107"}],"curies":[{"name":"wp","href":"https:\/\/api.w.org\/{rel}","templated":true}]}}