{"id":20116,"date":"2024-07-22T16:09:10","date_gmt":"2024-07-22T19:09:10","guid":{"rendered":"https:\/\/dgospel.com.br\/portal\/?p=20116"},"modified":"2024-07-22T16:09:12","modified_gmt":"2024-07-22T19:09:12","slug":"governo-do-tocantins-investe-mais-de-r-165-milhoes-em-estruturacao-da-gestao-ambiental-do-estado","status":"publish","type":"post","link":"https:\/\/dgospel.com.br\/portal\/index.php\/2024\/07\/22\/governo-do-tocantins-investe-mais-de-r-165-milhoes-em-estruturacao-da-gestao-ambiental-do-estado\/","title":{"rendered":"Governo do Tocantins investe mais de R$ 16,5 milh\u00f5es em estrutura\u00e7\u00e3o da gest\u00e3o ambiental do Estado"},"content":{"rendered":"\n<p>O Governo do Tocantins investiu mais de R$ 16,5 milh\u00f5es, por interm\u00e9dio da Secretaria de Estado do Meio Ambiente e Recursos H\u00eddricos (Semarh), na estrutura\u00e7\u00e3o da gest\u00e3o ambiental do Estado no primeiro semestre de 2024. Com a aplica\u00e7\u00e3o de recursos estadual, nacional e internacional em programas e a\u00e7\u00f5es de desenvolvimento sustent\u00e1vel, voltados para a gest\u00e3o do carbono florestal, intelig\u00eancia ambiental, gest\u00e3o dos recursos h\u00eddricos, educa\u00e7\u00e3o ambiental e gest\u00e3o dos res\u00edduos s\u00f3lidos, o Estado avan\u00e7a na estrat\u00e9gia de preserva\u00e7\u00e3o do meio ambiente, desenvolvimento competitivo e sustent\u00e1vel.<\/p>\n\n\n\n<p>O governador Wanderlei Barbosa afirma que, \u201cos investimentos desses recursos s\u00e3o fundamentais para estruturar as pol\u00edticas p\u00fablicas ambientais que n\u00e3o est\u00e3o, de forma alguma, desassociadas da pol\u00edtica de desenvolvimento econ\u00f4mico do Tocantins\u201d. O governador acrescentou que o Estado procura essa compatibilidade entre a pol\u00edtica econ\u00f4mica, a agricultura e a pecu\u00e1ria no centro desse plano, com o desenvolvimento ambiental. O chefe do Executivo ainda enfatiza que, \u201cessa uni\u00e3o \u00e9 que vai dar qualidade de vida para o povo tocantinense e \u00e9 o que vai dar seguran\u00e7a neste momento de enfrentamento das mudan\u00e7as clim\u00e1ticas\u201d.<\/p>\n\n\n\n<p>O titular da&nbsp;Semarh,&nbsp;Marcello Lelis, destaca que, \u201ciniciamos o ano com investimento na estrutura\u00e7\u00e3o do Cigma [Centro de Intelig\u00eancia Geogr\u00e1fica em Gest\u00e3o do Meio Ambiente], os trabalhos necess\u00e1rios para valida\u00e7\u00e3o e certifica\u00e7\u00e3o dos cr\u00e9ditos carbono no padr\u00e3o Art Trees, o desenvolvimento do m\u00f3dulo de an\u00e1lise do CAR [Cadastro Ambiental Rural] e a operacionaliza\u00e7\u00e3o do Pacto pelo Desmatamento Ilegal Zero no Estado\u201d.&nbsp;<\/p>\n\n\n\n<p>\u201cA soma de mais de R$ 16,5 milh\u00f5es em recursos j\u00e1 est\u00e1 sendo aplicada, mas temos em andamento outros dois projetos, que podem trazer para o Estado um recurso complementar de US$ 184 mil, para investimento nas pol\u00edticas p\u00fablicas ambientais do Estado, na estrutura de combate \u00e0s queimadas ilegais e em a\u00e7\u00f5es voltadas para redu\u00e7\u00e3o do desmatamento e promo\u00e7\u00e3o da bioeconomia. A gest\u00e3o ambiental do Governo do Tocantins desperta interesse de coopera\u00e7\u00e3o t\u00e9cnica em todas as esferas e agora se destaca, atraindo a aten\u00e7\u00e3o de iniciativas internacionais &#8220;, ressalta o secret\u00e1rio Marcello Lelis.<\/p>\n\n\n\n<p><strong>Pol\u00edticas P\u00fablicas Ambientais<\/strong><\/p>\n\n\n\n<p>Na gest\u00e3o das pol\u00edticas p\u00fablicas, a Semarh concentrou todos os esfor\u00e7os na estrutura\u00e7\u00e3o do monitoramento integrado, com tecnologia geoespacial, investindo R$ 1,8 milh\u00e3o do total do recurso de pr\u00e9-investimento de R$ 7 milh\u00f5es, do programa Jurisdicional de Redu\u00e7\u00e3o de Emiss\u00f5es de Gases de Efeito Estufa por Desmatamento e Degrada\u00e7\u00e3o do Tocantins (REDD+ Jurisdicional-TO), na implanta\u00e7\u00e3o do Centro de Intelig\u00eancia Geogr\u00e1fica em Gest\u00e3o do Meio Ambiente (Cigma), que demandou ainda a reforma da rede l\u00f3gica e el\u00e9trica, para garantir agilidade e estabilidade do fluxo de dados.<\/p>\n\n\n\n<p>Para estruturar o corpo t\u00e9cnico especializado do Cigma, a Semarh firmou o Acordo de Coopera\u00e7\u00e3o T\u00e9cnica com a Universidade Federal do Tocantins (UFT); avan\u00e7ou com os trabalhos constituindo o GT de Salvaguardas &#8211; Ind\u00edgenas; e tem dedicado esfor\u00e7os ao cumprimento dos requisitos de certifica\u00e7\u00e3o dos cr\u00e9ditos de carbono no padr\u00e3o Art Trees. Al\u00e9m disso, contratou consultorias para implementa\u00e7\u00e3o do Fundo Clima e da Lei da Pol\u00edtica Estadual de Pagamento por Servi\u00e7os Ambientais (PEPSA) e para estrutura\u00e7\u00e3o do Sistema de Governan\u00e7a &#8211; Unidades Colegiadas; instituiu o GT Carbono-Semarh; participou de evento, capacita\u00e7\u00e3o e oficina de REDD+; avan\u00e7ou com os tr\u00e2mites para assinatura do Acordo de Coopera\u00e7\u00e3o T\u00e9cnica com a&nbsp;<em>Conservation International<\/em>; e \u00e0 convite do governo da Noruega, apresentou a estrat\u00e9gia da gest\u00e3o ambiental do Estado e participou do&nbsp;Oslo Tropical Forest Forum 2024.<\/p>\n\n\n\n<p><strong>Intelig\u00eancia Ambiental<\/strong><\/p>\n\n\n\n<p>Na gest\u00e3o do monitoramento ambiental, a Semarh introduziu o desenvolvimento do M\u00f3dulo de An\u00e1lise do Cadastro Ambiental Rural (CAR), com recursos do saldo de R$ 5,5 milh\u00f5es do pr\u00e9-investimento do REDD+ Jurisdicional. A entrega deste m\u00f3dulo automatizado est\u00e1 prevista para setembro deste ano; em paralelo foram ativados 488 CAR-projetos de assentamento, cancelados 292 CAR-im\u00f3veis rurais e no sistema Sigcar foram realizadas 3.420 an\u00e1lises de trocas de respons\u00e1veis t\u00e9cnicos, com aprova\u00e7\u00e3o de 2.327 solicita\u00e7\u00f5es.<\/p>\n\n\n\n<p>No semestre, a Semarh participou da operacionaliza\u00e7\u00e3o do Pacto pelo Desmatamento Ilegal Zero no Estado; celebrou o&nbsp;Termo de Execu\u00e7\u00e3o Descentralizada (TED)&nbsp;de R$ 1,081 milh\u00e3o do Fundo Estadual de Recursos H\u00eddricos ao Corpo de Bombeiros Militar do Tocantins (CBMTO) para contrata\u00e7\u00e3o de brigadistas e aparelhamento; firmou o Pacto Interfederativo para o Combate aos Inc\u00eandios no Pantanal e na Amaz\u00f4nia (nove estados e Uni\u00e3o); foi aprovado o projeto Fundo Terra com recursos de US$ 100 mil, para aquisi\u00e7\u00e3o de equipamentos de prote\u00e7\u00e3o individual (EPIs)&nbsp;e de combate ao fogo para o CBMTO e estrutura\u00e7\u00e3o de brigadas; submeteu o projeto Sustento \u2013 Promovendo a Bioeconomia e a Redu\u00e7\u00e3o do Desmatamento e Inc\u00eandios Florestais no Territ\u00f3rio Tocantinense, com recurso de US$ 84 mil; realizou a Capacita\u00e7\u00e3o do ICMS Ecol\u00f3gico, com 320 participantes e o Monitoramento das Unidades de Conserva\u00e7\u00e3o (UC) de Prote\u00e7\u00e3o Integral, publicado no sistema Gesto.&nbsp;<\/p>\n\n\n\n<p><strong>Recursos H\u00eddricos<\/strong><\/p>\n\n\n\n<p>Na gest\u00e3o h\u00eddrica do Estado, a Semarh realizou investimentos em programas, a\u00e7\u00f5es, contratos e conv\u00eanios, que somam o recurso de R$ 7,073 milh\u00f5es neste ano. No projeto Barraginhas o investimento \u00e9 de R$ 1 milh\u00e3o para constru\u00e7\u00e3o de 1.700 unidades, em munic\u00edpios da regi\u00e3o centro-sul; firmou II Conv\u00eanio com o Cons\u00f3rcio Intermunicipal para gest\u00e3o compartilhada da Bacia Hidrogr\u00e1fica do M\u00e9dio Tocantins (CI-Lago) no valor de R$ 1,5 milh\u00e3o para servi\u00e7os de apoio aos Comit\u00eas; e investiu R$ 447,5 mil na contrata\u00e7\u00e3o de consultoria especializada para elabora\u00e7\u00e3o do Plano de Recursos H\u00eddricos das bacias hidrogr\u00e1ficas dos Rios Santo Ant\u00f4nio e Santa Tereza.<\/p>\n\n\n\n<p>No semestre, investiu R$ 411,5 mil para concess\u00e3o de bolsas de pesquisa e extens\u00e3o, via TED \u00e0&nbsp;Funda\u00e7\u00e3o de Amparo \u00e0 Pesquisa do Tocantins (Fapt); firmou conv\u00eanio com a&nbsp;Fapt&nbsp;no valor de R$ 700 mil para o projeto de inova\u00e7\u00e3o e extens\u00e3o tecnol\u00f3gica, com o Sistema Gest\u00e3o de Alto N\u00edvel-Rio Formoso; investiu R$ 1,5 milh\u00e3o na Revitaliza\u00e7\u00e3o de Nascentes para contrata\u00e7\u00e3o do servi\u00e7o de recupera\u00e7\u00e3o florestal de 200 hectares de \u00c1rea de Preserva\u00e7\u00e3o Permanente (APP); investiu R$ 544,2 mil na Rede Hidrometeorol\u00f3gica do Estado para contrata\u00e7\u00e3o da instala\u00e7\u00e3o de 20 esta\u00e7\u00f5es no adensamento da rede; investiu no Monitoramento Sistem\u00e1tico da Qualidade de \u00c1gua (30 BHs) R$ 176 mil; investiu R$ 227,7 mil no fortalecimento dos Comit\u00eas de Bacias Hidrogr\u00e1ficas; na manuten\u00e7\u00e3o dos viveiros dos quatro Centros de Recupera\u00e7\u00e3o de \u00c1reas Degradadas do Estado (Crad) investiu R$ 200 mil; e no conv\u00eanio com a Fapt para servi\u00e7os de an\u00e1lise da qualidade das \u00e1guas superficiais do Estado, o recurso previsto \u00e9 de R$ 366 mil, neste ano.<\/p>\n\n\n\n<p><strong>Educa\u00e7\u00e3o Ambiental<\/strong><\/p>\n\n\n\n<p>Com o programa&nbsp;<em>Foco no Fogo<\/em>, a Semarh investiu no primeiro semestre de 2024 R$ 270 mil, antecipou a a\u00e7\u00e3o preventiva de sensibiliza\u00e7\u00e3o e estendeu a iniciativa \u00e0s unidades de ensino. At\u00e9 o momento, o&nbsp;<em>Foco no Fogo<\/em>&nbsp;j\u00e1 alcan\u00e7ou 10.641 pessoas em 49 cidades e, at\u00e9 o m\u00eas de setembro deste ano, o programa tem a meta de visitar 70 munic\u00edpios. Com o&nbsp;<em>Sementinhas do Cerrado<\/em>, o Governo do Tocantins investiu R$ 100 mil na a\u00e7\u00e3o de educa\u00e7\u00e3o ambiental para estudantes, que alcan\u00e7ou 500 alunos da rede de ensino de cinco munic\u00edpios.<\/p>\n\n\n\n<p>No programa&nbsp;<em>Praia Consciente 2024<\/em>, com investimento de R$ 20 mil, as a\u00e7\u00f5es educativas para a comunidade local e os usu\u00e1rios (comerciantes, barqueiros e turistas) come\u00e7am a ser realizadas para promover a conserva\u00e7\u00e3o ambiental e a manuten\u00e7\u00e3o das praias limpas, a fim de evitar a contamina\u00e7\u00e3o do solo (areia da praia) e da \u00e1gua (dos rios), pelo descarte inadequado dos res\u00edduos gerados durante a temporada de praia.&nbsp;<\/p>\n\n\n\n<p><strong>Res\u00edduos S\u00f3lidos<\/strong><\/p>\n\n\n\n<p>Na gest\u00e3o dos res\u00edduos s\u00f3lidos, a Semarh realizou a\u00e7\u00f5es dos programas&nbsp;<em>Gest\u00e3o Integrada de Res\u00edduos S\u00f3lidos, Lix\u00e3o Zero e Pr\u00f3 Catadores\/Recicla+ Tocantins<\/em>; concentrando as atividades do primeiro semestre no Mapeamento da Cadeia Produtiva dos Res\u00edduos S\u00f3lidos do Tocantins, com visitas a quatro tipos de iniciativas, entre elas, o aterro sanit\u00e1rio de Couto Magalh\u00e3es, o Projeto Cidade Limpa de Lajeado, o laborat\u00f3rio de artesanato sustent\u00e1vel da Associa\u00e7\u00e3o das Mulheres Artes\u00e3s e Empreendedoras de Lajeado (Amae), o Centro de Recondicionamento de Computadores Lab Palmas &#8211; Programando o Futuro (log\u00edstica reversa de eletroeletr\u00f4nicos), totalizando onze iniciativas.&nbsp;<\/p>\n\n\n\n<p>No semestre, a Semarh articulou reuni\u00f5es do&nbsp;<em>Projeto-Piloto Lix\u00e3o Zero<\/em>&nbsp;e, em parceria com o Cons\u00f3rcio Intermunicipal de Desenvolvimento Sustent\u00e1vel (CIDS) Vale do Rio Manoel Alves, acompanhou as tratativas da doa\u00e7\u00e3o da \u00e1rea para o projeto-piloto de constru\u00e7\u00e3o do aterro sanit\u00e1rio, que tem estimativa de atender mais de 19 mil toneladas de res\u00edduos s\u00f3lidos gerados por aproximadamente 36 mil habitantes da regi\u00e3o sudeste do Estado. Tamb\u00e9m aderiu \u00e0 Agenda Ambiental da Administra\u00e7\u00e3o P\u00fablica (A3P\/MMA), por meio do programa&nbsp;<em>Eco Semarh &#8211; Construindo o Futuro Sustent\u00e1vel<\/em>; implantou os coletores seletivos; e adquiriu equipamentos para auxiliar nas a\u00e7\u00f5es de monitoramento dos res\u00edduos s\u00f3lidos da Secretaria. Recentemente, a pasta realizou a primeira edi\u00e7\u00e3o do&nbsp;<em>Concurso Estande Sustent\u00e1vel<\/em>, na 24\u00aa edi\u00e7\u00e3o da Feira de Tecnologia Agropecu\u00e1ria do Tocantins (Agrotins 2024), e premiou os tr\u00eas expositores que se destacaram.<\/p>\n\n\n\n<p>Edi\u00e7\u00e3o: Alba Cobo<\/p>\n\n\n\n<p>Revis\u00e3o Textual: Marynne Juliate<\/p>\n\n\n\n<p><img src=\"https:\/\/central.to.gov.br\/image\/384959?w=670&amp;h=383\"><\/p>\n\n\n\n<p>Estrutura\u00e7\u00e3o do Cigma (Centro de Intelig\u00eancia Geogr\u00e1fica em Gest\u00e3o do Meio Ambiente) &#8211; Adilvan Nogueira\/Governo do Tocantins&nbsp;<a href=\"https:\/\/central.to.gov.br\/image\/384959?f=1\" target=\"_blank\" rel=\"noreferrer noopener\"><em>file_download<\/em><\/a><\/p>\n\n\n\n<p><img src=\"https:\/\/central.to.gov.br\/image\/384961?w=670&amp;h=383\"><\/p>\n\n\n\n<p>Entrega da instala\u00e7\u00e3o do CIGMA &#8211; Adilvan Nogueira\/Governo do Tocantins&nbsp;<a href=\"https:\/\/central.to.gov.br\/image\/384961?f=1\" target=\"_blank\" rel=\"noreferrer noopener\"><em>file_download<\/em><\/a><\/p>\n\n\n\n<p><img src=\"https:\/\/central.to.gov.br\/image\/384962?w=670&amp;h=383\"><\/p>\n\n\n\n<p>Comit\u00ea de Bacias dos Rios Lontra e Corda na Semana da \u00c1gua Anan\u00e1s &#8211; Jordana Capistrano\/Governo do Tocantins&nbsp;<a href=\"https:\/\/central.to.gov.br\/image\/384962?f=1\" target=\"_blank\" rel=\"noreferrer noopener\"><em>file_download<\/em><\/a><\/p>\n\n\n\n<p><img src=\"https:\/\/central.to.gov.br\/image\/384963?w=670&amp;h=383\"><\/p>\n\n\n\n<p>Sistema de Monitoramento ambiental com imagens de sat\u00e9lite &#8211; Washington Luiz\/Governo do Tocantins&nbsp;<a href=\"https:\/\/central.to.gov.br\/image\/384963?f=1\" target=\"_blank\" rel=\"noreferrer noopener\"><em>file_download<\/em><\/a><\/p>\n\n\n\n<p><img src=\"https:\/\/central.to.gov.br\/image\/384964?w=670&amp;h=383\"><\/p>\n\n\n\n<p>A visita ao aterro municipal de Couto Magalh\u00e3es faz parte da agenda da Rede Tocantins Sustent\u00e1vel e do programa Lix\u00e3o Zero do Estado &#8211; Washington Luiz\/Governo do Tocantins&nbsp;<a href=\"https:\/\/central.to.gov.br\/image\/384964?f=1\" target=\"_blank\" rel=\"noreferrer noopener\"><em>file_download<\/em><\/a><\/p>\n\n\n\n<p><img src=\"https:\/\/central.to.gov.br\/image\/384965?w=670&amp;h=383\"><\/p>\n\n\n\n<p>Secret\u00e1rio Marcello Lelis no com os estudantes no Projeto Sementinhas do Cerrado &#8211; Jordana Capistrano\/Governo do Tocantins&nbsp;<a href=\"https:\/\/central.to.gov.br\/image\/384965?f=1\" target=\"_blank\" rel=\"noreferrer noopener\"><em>file_download<\/em><\/a><\/p>\n\n\n\n<p><img src=\"https:\/\/central.to.gov.br\/image\/384966?w=670&amp;h=383\"><\/p>\n\n\n\n<p>Equipe do Projeto Foco no Fogo 2024 &#8211; Washington Luiz\/Governo do Tocantins&nbsp;<a href=\"https:\/\/central.to.gov.br\/image\/384966?f=1\" target=\"_blank\" rel=\"noreferrer noopener\"><em>file_download<\/em><\/a><\/p>\n\n\n\n<p><img src=\"https:\/\/central.to.gov.br\/image\/384967?w=670&amp;h=383\"><\/p>\n\n\n\n<p>Entrega da Plataforma de Coleta de Dados na Semana da \u00c1gua 2024 &#8211; Jordana Capistrano\/Governo do Tocantins&nbsp;<a href=\"https:\/\/central.to.gov.br\/image\/384967?f=1\" target=\"_blank\" rel=\"noreferrer noopener\"><em>file_download<\/em><\/a><\/p>\n\n\n\n<p><img src=\"https:\/\/central.to.gov.br\/image\/384968?w=670&amp;h=383\"><\/p>\n\n\n\n<p>Cerca de 222 inscritos entre secret\u00e1rios municipais de meio ambiente, t\u00e9cnicos e consultores ambientais participam do 2\u00ba dia da Capacita\u00e7\u00e3o do ICMS Ecol\u00f3gico &#8211; Marcel de Paula\/Governo do Tocantins&nbsp;<a href=\"https:\/\/central.to.gov.br\/image\/384968?f=1\" target=\"_blank\" rel=\"noreferrer noopener\"><em>file_download<\/em><\/a><\/p>\n\n\n\n<p><img src=\"https:\/\/central.to.gov.br\/image\/384969?w=670&amp;h=383\"><\/p>\n\n\n\n<p>Governador Wanderlei Barbosa e Secret\u00e1rio Marcelo Lelis durante inaugura\u00e7\u00e3o da reforma da sede Semarh &#8211; Adilvan Nogueira\/Governo do Tocantins&nbsp;<a href=\"https:\/\/central.to.gov.br\/image\/384969?f=1\" target=\"_blank\" rel=\"noreferrer noopener\"><em>file_download<\/em><\/a><\/p>\n\n\n\n<p><img src=\"https:\/\/central.to.gov.br\/image\/384970?w=670&amp;h=383\"><\/p>\n\n\n\n<p>Brigadistas contratados com recursos do TED Semarh-CBMTO refor\u00e7am equipes de combate em 2024 &#8211; Luiz Henrique Machado\/Governo do Tocantins&nbsp;<a href=\"https:\/\/central.to.gov.br\/image\/384970?f=1\" target=\"_blank\" rel=\"noreferrer noopener\"><em>file_download<\/em><\/a><\/p>\n\n\n\n<p><img src=\"https:\/\/central.to.gov.br\/image\/384971?w=670&amp;h=383\"><\/p>\n\n\n\n<p>Monitoramento ambiental com imagens de sat\u00e9lite &#8211; Marcel de Paula\/Governo do Tocantins&nbsp;<a href=\"https:\/\/central.to.gov.br\/image\/384971?f=1\" target=\"_blank\" rel=\"noreferrer noopener\"><em>f<\/em><\/a><\/p>\n","protected":false},"excerpt":{"rendered":"<p>O Governo do Tocantins investiu mais de R$ 16,5 milh\u00f5es, por interm\u00e9dio da Secretaria de Estado do Meio Ambiente e Recursos H\u00eddricos (Semarh), na estrutura\u00e7\u00e3o da gest\u00e3o ambiental do Estado no primeiro semestre de 2024. Com a aplica\u00e7\u00e3o de recursos estadual, nacional e internacional em programas e a\u00e7\u00f5es de desenvolvimento sustent\u00e1vel, voltados para a gest\u00e3o [&hellip;]<\/p>\n","protected":false},"author":2,"featured_media":20117,"comment_status":"open","ping_status":"open","sticky":false,"template":"","format":"standard","meta":[],"categories":[3],"tags":[13],"_links":{"self":[{"href":"https:\/\/dgospel.com.br\/portal\/index.php\/wp-json\/wp\/v2\/posts\/20116"}],"collection":[{"href":"https:\/\/dgospel.com.br\/portal\/index.php\/wp-json\/wp\/v2\/posts"}],"about":[{"href":"https:\/\/dgospel.com.br\/portal\/index.php\/wp-json\/wp\/v2\/types\/post"}],"author":[{"embeddable":true,"href":"https:\/\/dgospel.com.br\/portal\/index.php\/wp-json\/wp\/v2\/users\/2"}],"replies":[{"embeddable":true,"href":"https:\/\/dgospel.com.br\/portal\/index.php\/wp-json\/wp\/v2\/comments?post=20116"}],"version-history":[{"count":1,"href":"https:\/\/dgospel.com.br\/portal\/index.php\/wp-json\/wp\/v2\/posts\/20116\/revisions"}],"predecessor-version":[{"id":20118,"href":"https:\/\/dgospel.com.br\/portal\/index.php\/wp-json\/wp\/v2\/posts\/20116\/revisions\/20118"}],"wp:featuredmedia":[{"embeddable":true,"href":"https:\/\/dgospel.com.br\/portal\/index.php\/wp-json\/wp\/v2\/media\/20117"}],"wp:attachment":[{"href":"https:\/\/dgospel.com.br\/portal\/index.php\/wp-json\/wp\/v2\/media?parent=20116"}],"wp:term":[{"taxonomy":"category","embeddable":true,"href":"https:\/\/dgospel.com.br\/portal\/index.php\/wp-json\/wp\/v2\/categories?post=20116"},{"taxonomy":"post_tag","embeddable":true,"href":"https:\/\/dgospel.com.br\/portal\/index.php\/wp-json\/wp\/v2\/tags?post=20116"}],"curies":[{"name":"wp","href":"https:\/\/api.w.org\/{rel}","templated":true}]}}