{"id":20128,"date":"2024-07-24T18:41:51","date_gmt":"2024-07-24T21:41:51","guid":{"rendered":"https:\/\/dgospel.com.br\/portal\/?p=20128"},"modified":"2024-07-24T18:41:52","modified_gmt":"2024-07-24T21:41:52","slug":"justica-anula-acao-contra-escolas-civico-militares-de-tarcisio-em-sp","status":"publish","type":"post","link":"https:\/\/dgospel.com.br\/portal\/index.php\/2024\/07\/24\/justica-anula-acao-contra-escolas-civico-militares-de-tarcisio-em-sp\/","title":{"rendered":"Justi\u00e7a anula a\u00e7\u00e3o contra escolas c\u00edvico-militares de Tarc\u00edsio em SP"},"content":{"rendered":"\n<p>A Justi\u00e7a do estado de S\u00e3o Paulo determinou a extin\u00e7\u00e3o de uma a\u00e7\u00e3o apresentada pela Defensoria P\u00fablica paulista e pelo Minist\u00e9rio P\u00fablico do Estado contra as escolas-c\u00edvico militares, inciativa proposta e aprovada pela gest\u00e3o do governador Tarc\u00edsio de Freitas (Republicanos).<\/p>\n\n\n\n<p>Segundo o MP e a Defensoria, a resolu\u00e7\u00e3o da Secretaria de Educa\u00e7\u00e3o sobre o programa descumpria a Lei de Diretrizes e Bases da Educa\u00e7\u00e3o Nacional e o Plano Nacional e o Estadual de Educa\u00e7\u00e3o. A a\u00e7\u00e3o tinha como objetivo anular a resolu\u00e7\u00e3o e tamb\u00e9m pedia que fossem proibidos novos atos do governo que tivessem a finalidade de transformar escolas em modelos c\u00edvico-militares.<\/p>\n\n\n\n<p>Em sua decis\u00e3o, o juiz Marcio Ferraz Nunes da 16\u00aa Vara da Fazenda P\u00fablica de S\u00e3o Paulo considerou que o motivo da a\u00e7\u00e3o foi, na realidade, questionar a lei que criou esse formato de escola, o que julgou ser uma distor\u00e7\u00e3o do sistema legal vigente. Segundo Nunes, ele n\u00e3o possui compet\u00eancia para \u201cextirpar\u201d do ordenamento jur\u00eddico um estatuto e os autores n\u00e3o possuem legitimidade para propor a\u00e7\u00e3o com esse escopo. Sendo assim, concluiu que o processo teria que ser extinto.<\/p>\n\n\n\n<p>A Assembleia Legislativa de S\u00e3o Paulo (Alesp) aprovou no fim de maio a lei que institui as escolas-c\u00edvico militares no estado. No dia 27 do mesmo m\u00eas, Tarc\u00edsio sancionou a diretriz permitindo que as unidades municipais e estaduais solicitem a convers\u00e3o para o modelo, se desejarem. Institui\u00e7\u00f5es de ensino fundamental, m\u00e9dio e educa\u00e7\u00e3o profissional podem adotar o novo formato.<\/p>\n\n\n\n<p>No Supremo Tribunal Federal (STF), o PSOL solicitou a suspens\u00e3o da legisla\u00e7\u00e3o sob o argumento de que o projeto \u00e9 inconstitucional, pois invade a compet\u00eancia da Uni\u00e3o em legislar sobre educa\u00e7\u00e3o, al\u00e9m de desrespeitar fun\u00e7\u00f5es da Pol\u00edcia Militar. Tarc\u00edsio justificou que a lei n\u00e3o cria novas modalidades de ensino, apenas um modelo de gest\u00e3o.<\/p>\n\n\n\n<p>*AE<\/p>\n","protected":false},"excerpt":{"rendered":"<p>A Justi\u00e7a do estado de S\u00e3o Paulo determinou a extin\u00e7\u00e3o de uma a\u00e7\u00e3o apresentada pela Defensoria P\u00fablica paulista e pelo Minist\u00e9rio P\u00fablico do Estado contra as escolas-c\u00edvico militares, inciativa proposta e aprovada pela gest\u00e3o do governador Tarc\u00edsio de Freitas (Republicanos). Segundo o MP e a Defensoria, a resolu\u00e7\u00e3o da Secretaria de Educa\u00e7\u00e3o sobre o programa [&hellip;]<\/p>\n","protected":false},"author":2,"featured_media":20129,"comment_status":"open","ping_status":"open","sticky":false,"template":"","format":"standard","meta":[],"categories":[4],"tags":[13],"_links":{"self":[{"href":"https:\/\/dgospel.com.br\/portal\/index.php\/wp-json\/wp\/v2\/posts\/20128"}],"collection":[{"href":"https:\/\/dgospel.com.br\/portal\/index.php\/wp-json\/wp\/v2\/posts"}],"about":[{"href":"https:\/\/dgospel.com.br\/portal\/index.php\/wp-json\/wp\/v2\/types\/post"}],"author":[{"embeddable":true,"href":"https:\/\/dgospel.com.br\/portal\/index.php\/wp-json\/wp\/v2\/users\/2"}],"replies":[{"embeddable":true,"href":"https:\/\/dgospel.com.br\/portal\/index.php\/wp-json\/wp\/v2\/comments?post=20128"}],"version-history":[{"count":1,"href":"https:\/\/dgospel.com.br\/portal\/index.php\/wp-json\/wp\/v2\/posts\/20128\/revisions"}],"predecessor-version":[{"id":20130,"href":"https:\/\/dgospel.com.br\/portal\/index.php\/wp-json\/wp\/v2\/posts\/20128\/revisions\/20130"}],"wp:featuredmedia":[{"embeddable":true,"href":"https:\/\/dgospel.com.br\/portal\/index.php\/wp-json\/wp\/v2\/media\/20129"}],"wp:attachment":[{"href":"https:\/\/dgospel.com.br\/portal\/index.php\/wp-json\/wp\/v2\/media?parent=20128"}],"wp:term":[{"taxonomy":"category","embeddable":true,"href":"https:\/\/dgospel.com.br\/portal\/index.php\/wp-json\/wp\/v2\/categories?post=20128"},{"taxonomy":"post_tag","embeddable":true,"href":"https:\/\/dgospel.com.br\/portal\/index.php\/wp-json\/wp\/v2\/tags?post=20128"}],"curies":[{"name":"wp","href":"https:\/\/api.w.org\/{rel}","templated":true}]}}