{"id":20137,"date":"2024-07-24T18:50:03","date_gmt":"2024-07-24T21:50:03","guid":{"rendered":"https:\/\/dgospel.com.br\/portal\/?p=20137"},"modified":"2024-07-24T18:50:05","modified_gmt":"2024-07-24T21:50:05","slug":"lideres-cristaos-dos-eua-recebem-netanyahu-estamos-firmemente-ao-lado-de-israel","status":"publish","type":"post","link":"https:\/\/dgospel.com.br\/portal\/index.php\/2024\/07\/24\/lideres-cristaos-dos-eua-recebem-netanyahu-estamos-firmemente-ao-lado-de-israel\/","title":{"rendered":"L\u00edderes crist\u00e3os dos EUA recebem Netanyahu: \u201cEstamos firmemente ao lado de Israel\u201d"},"content":{"rendered":"\n<p>O primeiro-ministro israelense&nbsp;<strong><a href=\"https:\/\/guiame.com.br\/gospel\/noticias\/antissemitismo-engolira-o-mundo-inteiro-se-nao-contido-diz-netanyahu.html\">Benjamin Netanyahu<\/a><\/strong>&nbsp;encontrou um espa\u00e7o em sua agenda cheia esta semana em Washington para se reunir com os l\u00edderes crist\u00e3os evang\u00e9licos.<\/p>\n\n\n\n<p>Durante o evento na noite de quarta-feira (22), o primeiro-ministro expressou sua sincera gratid\u00e3o aos l\u00edderes comunit\u00e1rios pelo significativo apoio que oferecem a&nbsp;<strong><a href=\"https:\/\/guiame.com.br\/gospel\/israel\/lideres-evangelicos-brasileiros-sao-recebidos-por-presidente-de-israel.html\">Israel<\/a><\/strong>.<\/p>\n\n\n\n<p>O primeiro-ministro ouviu dos l\u00edderes comunit\u00e1rios ora\u00e7\u00f5es pelo retorno dos ref\u00e9ns mantidos pelo Hamas em Gaza, pela paz dos soldados israelenses e pela seguran\u00e7a do Estado de Israel.<\/p>\n\n\n\n<p><img src=\"https:\/\/thumbor.guiame.com.br\/unsafe\/smart\/https:\/\/media.guiame.com.br\/archives\/2024\/07\/24\/4015709812-.jpg\" alt=\"\" width=\"600\"><sup>Benjamin Netanyahu em Washington, em 23 de julho de 2024. (Foto: Amos Ben Gershon\/Gabinete de Imprensa do Governo).<\/sup><\/p>\n\n\n\n<p>Netanyahu tamb\u00e9m agradeceu aos evang\u00e9licos por seu trabalho en\u00e9rgico entre os jovens da comunidade, que tem incentivado o cont\u00ednuo apoio a Israel.<\/p>\n\n\n\n<p>O primeiro-ministro disse estar ciente do profundo comprometimento deles com Israel e da for\u00e7a de seu apoio \u00e0 verdade e aos valores compartilhados.<\/p>\n\n\n\n<p><strong>\u2018Ao lado de Israel\u2019<\/strong><\/p>\n\n\n\n<p>O evento crist\u00e3o contou com a presen\u00e7a de cerca de 15 a 20 l\u00edderes evang\u00e9licos pr\u00f3-Israel.<\/p>\n\n\n\n<p>Entre os participantes estavam o pastor&nbsp;<strong>John Hagee<\/strong>, da Christians United for Israel (CUFI); Tony Perkins, presidente do Family Research Council; Luke Moon, diretor executivo do Philos Project; a televangelista Paula White; Mike Evans, presidente da Friends of Zion; e Jordanna McMillen, diretora dos EUA da Israel Allies Caucus Foundation.<\/p>\n\n\n\n<p><img src=\"https:\/\/thumbor.guiame.com.br\/unsafe\/smart\/https:\/\/media.guiame.com.br\/archives\/2024\/07\/24\/2649069380-john-hagee.jpg\" alt=\"\" width=\"600\"><sup>O pastor John Hagee discursa na C\u00fapula anual dos Crist\u00e3os Unidos por Israel (CUFI) em Washington em 17 de julho de 2023. (Foto: CUFI).<\/sup><\/p>\n\n\n\n<p>Pastores evang\u00e9licos latinos, incluindo Carlos Ortiz, tamb\u00e9m estavam presentes.<\/p>\n\n\n\n<p>\u201cNossa mensagem hoje ao primeiro-ministro e ao povo judeu de Israel e dos Estados Unidos, [\u00e9] que os crist\u00e3os da Am\u00e9rica est\u00e3o firmemente ao lado de Israel\u201d, disse o pastor Hagee.<\/p>\n\n\n\n<p>\u201cEstamos indignados com a forma como nosso governo tem tratado o povo judeu, e queremos que o povo de Israel saiba que estamos firmemente apoiando-os. Acreditamos que eles t\u00eam todo o direito de serem totalmente vitoriosos neste conflito militar e estamos aqui para dizer isso pessoalmente\u201d, acrescentou.<\/p>\n\n\n\n<p>Quando perguntado se Netanyahu fez um bom trabalho em fortalecer os la\u00e7os com os crist\u00e3os pr\u00f3-Israel, Hagee respondeu:<\/p>\n\n\n\n<p>\u201cAcho que o primeiro-ministro fez um bom trabalho, ponto final. Ele fez isso em um ambiente de hostilidade em muitos setores que n\u00e3o merecia. Ele administrou os assuntos do Estado de Israel de maneira magn\u00edfica. Mas, especificamente com a comunidade crist\u00e3. Temos sido amigos desde 1985 e sempre tivemos um \u00f3timo relacionamento e ele sempre estendeu a m\u00e3o em amizade.\u201d<\/p>\n\n\n\n<p><strong>\u2018Maior apoiador\u2019<\/strong><\/p>\n\n\n\n<p>O pastor Tony Perkins disse: \u201cAcho que Israel e o povo judeu n\u00e3o t\u00eam maior apoiador, aliado e amigo do que os crist\u00e3os evang\u00e9licos que acreditam na B\u00edblia neste pa\u00eds.\u201d<\/p>\n\n\n\n<p>\u201cCompartilhamos o Livro e os valores. E, como crentes, acreditamos no que diz G\u00eanesis 12, que \u2018aqueles que aben\u00e7oam Israel ser\u00e3o aben\u00e7oados.\u2019 E assim, enquanto muitos no mundo est\u00e3o se afastando, n\u00f3s n\u00e3o faremos isso\u201d, continuou.<\/p>\n\n\n\n<p>\u201cNosso recado ao primeiro-ministro \u00e9 que estamos orando por voc\u00ea e acreditamos\u201d, disse ele. \u201cEu oro todas as manh\u00e3s pelo primeiro-ministro pessoalmente, pelo nome, e pe\u00e7o que, assim como Deus fez no passado, manifestando seu poder em favor de Israel, Ele fa\u00e7a novamente\u201d, acrescentou.<\/p>\n\n\n\n<p>O pastor Mario Bramnick disse que sua mensagem ao primeiro-ministro \u00e9 simples: \u201cMantenha-se firme.\u201d Ele acrescentou que a comunidade est\u00e1 \u201cmuito grata por ele estar se mantendo firme como l\u00edder da na\u00e7\u00e3o de Israel, protegendo sua soberania e seguran\u00e7a.<\/p>\n\n\n\n<p>\u201cRepresentando milh\u00f5es de crist\u00e3os, estamos orando por ele. Estamos ao seu lado. Sentimo-nos honrados por ele estar aqui e muito orgulhosos de que ele vai se dirigir ao nosso Congresso.\u201d<\/p>\n\n\n\n<p><strong>Rela\u00e7\u00f5es importantes<\/strong><\/p>\n\n\n\n<p>Para Bramnick, rela\u00e7\u00f5es fortes entre grupos religiosos judeus e crist\u00e3os s\u00e3o extremamente importantes.<\/p>\n\n\n\n<p>\u201cFazemos muito trabalho com a comunidade judaica. Realizamos muitos eventos crist\u00e3o-judaicos. Acho que, na maior parte, a comunidade crist\u00e3 pr\u00f3-Israel tem demonstrado sua solidariedade e apoio a Israel. E acredito que \u00e9 muito importante que fiquemos unidos em apoio ao primeiro-ministro e ao direito de Israel de se defender\u201d, disse ele.<\/p>\n\n\n\n<p>Bramnick argumentou que a chave para proteger a seguran\u00e7a de Israel \u00e9 n\u00e3o ceder \u00e0 press\u00e3o do atual governo dos EUA pela cria\u00e7\u00e3o de um estado palestino.<\/p>\n\n\n\n<p>\u201cUma solu\u00e7\u00e3o de dois estados seria muito prejudicial, serviria apenas para recompensar o terrorismo que vimos em&nbsp;<strong>7 de outubro<\/strong>\u201d, disse ele.<\/p>\n\n\n\n<p>Evans, que dirige o Museu Friends of Zion em Jerusal\u00e9m e \u00e9 um amigo de longa data de Netanyahu, afirmou que \u201csem o apoio dos crist\u00e3os, dificilmente haveria apoio aos Estados Unidos por Israel.\u201d<\/p>\n\n\n\n<p>Os evang\u00e9licos, disse ele, \u201cs\u00e3o a base fundamental do apoio ao Estado de Israel. Sim, a comunidade judaica tem sido forte at\u00e9 certo ponto, mas os evang\u00e9licos est\u00e3o 100% comprometidos com Israel. E isso se deve ao fato de ser uma quest\u00e3o b\u00edblica para n\u00f3s.\u201d<\/p>\n","protected":false},"excerpt":{"rendered":"<p>O primeiro-ministro israelense&nbsp;Benjamin Netanyahu&nbsp;encontrou um espa\u00e7o em sua agenda cheia esta semana em Washington para se reunir com os l\u00edderes crist\u00e3os evang\u00e9licos. Durante o evento na noite de quarta-feira (22), o primeiro-ministro expressou sua sincera gratid\u00e3o aos l\u00edderes comunit\u00e1rios pelo significativo apoio que oferecem a&nbsp;Israel. O primeiro-ministro ouviu dos l\u00edderes comunit\u00e1rios ora\u00e7\u00f5es pelo retorno dos [&hellip;]<\/p>\n","protected":false},"author":2,"featured_media":20138,"comment_status":"open","ping_status":"open","sticky":false,"template":"","format":"standard","meta":[],"categories":[16],"tags":[13],"_links":{"self":[{"href":"https:\/\/dgospel.com.br\/portal\/index.php\/wp-json\/wp\/v2\/posts\/20137"}],"collection":[{"href":"https:\/\/dgospel.com.br\/portal\/index.php\/wp-json\/wp\/v2\/posts"}],"about":[{"href":"https:\/\/dgospel.com.br\/portal\/index.php\/wp-json\/wp\/v2\/types\/post"}],"author":[{"embeddable":true,"href":"https:\/\/dgospel.com.br\/portal\/index.php\/wp-json\/wp\/v2\/users\/2"}],"replies":[{"embeddable":true,"href":"https:\/\/dgospel.com.br\/portal\/index.php\/wp-json\/wp\/v2\/comments?post=20137"}],"version-history":[{"count":1,"href":"https:\/\/dgospel.com.br\/portal\/index.php\/wp-json\/wp\/v2\/posts\/20137\/revisions"}],"predecessor-version":[{"id":20139,"href":"https:\/\/dgospel.com.br\/portal\/index.php\/wp-json\/wp\/v2\/posts\/20137\/revisions\/20139"}],"wp:featuredmedia":[{"embeddable":true,"href":"https:\/\/dgospel.com.br\/portal\/index.php\/wp-json\/wp\/v2\/media\/20138"}],"wp:attachment":[{"href":"https:\/\/dgospel.com.br\/portal\/index.php\/wp-json\/wp\/v2\/media?parent=20137"}],"wp:term":[{"taxonomy":"category","embeddable":true,"href":"https:\/\/dgospel.com.br\/portal\/index.php\/wp-json\/wp\/v2\/categories?post=20137"},{"taxonomy":"post_tag","embeddable":true,"href":"https:\/\/dgospel.com.br\/portal\/index.php\/wp-json\/wp\/v2\/tags?post=20137"}],"curies":[{"name":"wp","href":"https:\/\/api.w.org\/{rel}","templated":true}]}}