{"id":2014,"date":"2018-12-06T17:34:32","date_gmt":"2018-12-06T19:34:32","guid":{"rendered":"http:\/\/dgospel.com.br\/portal\/?p=2014"},"modified":"2018-12-06T17:34:32","modified_gmt":"2018-12-06T19:34:32","slug":"pastora-damares-alves-e-anunciada-ministra-de-mulher-familia-e-direitos-humanos","status":"publish","type":"post","link":"https:\/\/dgospel.com.br\/portal\/index.php\/2018\/12\/06\/pastora-damares-alves-e-anunciada-ministra-de-mulher-familia-e-direitos-humanos\/","title":{"rendered":"Pastora Damares Alves \u00e9 anunciada ministra de Mulher, Fam\u00edlia e Direitos Humanos"},"content":{"rendered":"<p>O futuro ministro-chefe da Casa Civil, Onyx Lorenzoni, anunciou nesta quinta-feira (6) que a advogada e pastora evang\u00e9lica Damares Alves \u2013 assessora do senador Magno Malta (PR-ES) desde 2015 \u2013 ser\u00e1 a ministra de Mulher, Fam\u00edlia e Direitos Humanos no governo\u00a0<a style=\"font-style: inherit;\" href=\"http:\/\/g1.globo.com\/politica\/politico\/jair-bolsonaro.html\"><strong>Jair Bolsonaro<\/strong><\/a>.<\/p>\n<p data-track-category=\"Link no Texto\" data-track-links=\"\">Ainda de acordo com Onyx, a pasta que ser\u00e1 comandada pela assessora parlamentar do Senado ficar\u00e1 respons\u00e1vel pela gest\u00e3o da Funda\u00e7\u00e3o Nacional do \u00cdndio (Funai), entidade que d\u00e1 assist\u00eancia aos povos ind\u00edgenas. A Funai vai deixar o guarda-chuva do Minist\u00e9rio da Justi\u00e7a a partir do ano que vem.<\/p>\n<p data-track-category=\"Link no Texto\" data-track-links=\"\">Com a indica\u00e7\u00e3o de Damares para a Esplanada dos Minist\u00e9rios, Bolsonaro j\u00e1 definiu 21 dos 22 minist\u00e9rios de seu governo. Falta apenas definir e anunciar o titular do Minist\u00e9rio do Meio Ambiente.<\/p>\n<p data-track-category=\"Link no Texto\" data-track-links=\"\">O an\u00fancio de Damares para o comando do novo Minist\u00e9rio dos Direitos Humanos ocorreu durante uma entrevista coletiva concedida na sede do governo de transi\u00e7\u00e3o, em Bras\u00edlia. A futura ministra estava ao lado de Onyx e chegou a conversar com a imprensa.<strong>\u00a0<\/strong><\/p>\n<h2><strong>Inf\u00e2ncia, igualdade salarial e menina<\/strong><\/h2>\n<p>Em meio \u00e0 entrevista, Damares Alves disse que pretende dar protagonismo no governo a pol\u00edticas p\u00fablicas voltadas \u00e0s mulheres. Damares tamb\u00e9m ressaltou que pretende propor um &#8220;pacto pela inf\u00e2ncia&#8221; \u00e0 frente do minist\u00e9rio. Ela destacou que, em m\u00e9dia, 30 crian\u00e7as s\u00e3o assassinadas por dia no Brasil.<\/p>\n<p data-track-category=\"Link no Texto\" data-track-links=\"\">&#8220;Nunca a inf\u00e2ncia foi t\u00e3o atingida como nos dias de hoje. N\u00f3s vamos propor um pacto pela inf\u00e2ncia [&#8230;] A inf\u00e2ncia vai ser prioridade nesse governo&#8221;, enfatizou.<\/p>\n<p data-track-category=\"Link no Texto\" data-track-links=\"\">Ela declarou aos rep\u00f3rteres que, se depender dela, vai para porta de empresa na qual funcion\u00e1rio homem ganhe mais do que mulher para protestar por equipara\u00e7\u00e3o salarial de g\u00eanero.<\/p>\n<p><strong> &#8220;Nenhum homem vai ganhar mais do que mulher nessa na\u00e7\u00e3o desenvolvendo a mesma fun\u00e7\u00e3o. Isso j\u00e1 \u00e9 lei&#8221; (Damares Alves)<\/strong><\/p>\n<p>A futura ministra observou ainda que o Brasil ganhou o t\u00edtulo de &#8220;pior pa\u00eds da Am\u00e9rica do Sul&#8221; para se nascer menina. Damares destacou aos rep\u00f3rteres que o plano \u00e0 frente do minist\u00e9rio \u00e9 combater essa realidade com a\u00e7\u00f5es integradas com outros minist\u00e9rios, como sa\u00fade e educa\u00e7\u00e3o.<\/p>\n<p data-track-category=\"Link no Texto\" data-track-links=\"\">&#8220;Nosso objetivo \u00e9 que em poucos anos essa vai ser a melhor na\u00e7\u00e3o do mundo para se nascer menina.&#8221;<\/p>\n<h2><strong>\u00a0Fonte: G1<\/strong><\/h2>\n","protected":false},"excerpt":{"rendered":"<p>O futuro ministro-chefe da Casa Civil, Onyx Lorenzoni, anunciou nesta quinta-feira (6) que a advogada e pastora evang\u00e9lica Damares Alves \u2013 assessora do senador Magno Malta (PR-ES) desde 2015 \u2013 ser\u00e1 a ministra de Mulher, Fam\u00edlia e Direitos Humanos no governo\u00a0Jair Bolsonaro. Ainda de acordo com Onyx, a pasta que ser\u00e1 comandada pela assessora parlamentar [&hellip;]<\/p>\n","protected":false},"author":2,"featured_media":2015,"comment_status":"open","ping_status":"open","sticky":false,"template":"","format":"standard","meta":[],"categories":[2,4],"tags":[],"_links":{"self":[{"href":"https:\/\/dgospel.com.br\/portal\/index.php\/wp-json\/wp\/v2\/posts\/2014"}],"collection":[{"href":"https:\/\/dgospel.com.br\/portal\/index.php\/wp-json\/wp\/v2\/posts"}],"about":[{"href":"https:\/\/dgospel.com.br\/portal\/index.php\/wp-json\/wp\/v2\/types\/post"}],"author":[{"embeddable":true,"href":"https:\/\/dgospel.com.br\/portal\/index.php\/wp-json\/wp\/v2\/users\/2"}],"replies":[{"embeddable":true,"href":"https:\/\/dgospel.com.br\/portal\/index.php\/wp-json\/wp\/v2\/comments?post=2014"}],"version-history":[{"count":1,"href":"https:\/\/dgospel.com.br\/portal\/index.php\/wp-json\/wp\/v2\/posts\/2014\/revisions"}],"predecessor-version":[{"id":2016,"href":"https:\/\/dgospel.com.br\/portal\/index.php\/wp-json\/wp\/v2\/posts\/2014\/revisions\/2016"}],"wp:featuredmedia":[{"embeddable":true,"href":"https:\/\/dgospel.com.br\/portal\/index.php\/wp-json\/wp\/v2\/media\/2015"}],"wp:attachment":[{"href":"https:\/\/dgospel.com.br\/portal\/index.php\/wp-json\/wp\/v2\/media?parent=2014"}],"wp:term":[{"taxonomy":"category","embeddable":true,"href":"https:\/\/dgospel.com.br\/portal\/index.php\/wp-json\/wp\/v2\/categories?post=2014"},{"taxonomy":"post_tag","embeddable":true,"href":"https:\/\/dgospel.com.br\/portal\/index.php\/wp-json\/wp\/v2\/tags?post=2014"}],"curies":[{"name":"wp","href":"https:\/\/api.w.org\/{rel}","templated":true}]}}