{"id":20153,"date":"2024-07-24T19:20:29","date_gmt":"2024-07-24T22:20:29","guid":{"rendered":"https:\/\/dgospel.com.br\/portal\/?p=20153"},"modified":"2024-07-24T19:20:30","modified_gmt":"2024-07-24T22:20:30","slug":"garcia-repudia-fala-de-lula-sobre-herancas-quer-arrancar-mais","status":"publish","type":"post","link":"https:\/\/dgospel.com.br\/portal\/index.php\/2024\/07\/24\/garcia-repudia-fala-de-lula-sobre-herancas-quer-arrancar-mais\/","title":{"rendered":"Garcia repudia fala de Lula sobre heran\u00e7as: \u201cQuer arrancar mais\u201d"},"content":{"rendered":"\n<p>O jornalista Alexandre Garcia expressou indigna\u00e7\u00e3o para com as falas do presidente Luiz In\u00e1cio Lula da Silva (PT) a respeito de aumentar o imposto sobre heran\u00e7as. Em coluna no Gazeta do Povo publicada nesta ter\u00e7a-feira (23), o comunicador afirmou que o chefe do Executivo \u201cquer que o Estado fique com a riqueza\u201d que o brasileiro \u201cconstr\u00f3i para sua fam\u00edlia\u201d ao longo de sua vida.<\/p>\n\n\n\n<p>\u2013 Lula quer arrancar mais. (\u2026) Diz que \u00e9 muito pouco o que se cobra no Brasil, que a pessoa devia deixar quase metade para o Estado e n\u00e3o para os seus herdeiros. A pessoa trabalha a vida toda para deixar para os filhos e netos, mas o Estado vem l\u00e1 sem nenhum motivo, porque o Estado certamente s\u00f3 atrapalhou a vida dele, e quer tirar \u2013 queixou-se Garcia.<\/p>\n\n\n\n<p>O analista pol\u00edtico ainda chamou a aten\u00e7\u00e3o para o fato de que o presidente falou em \u201cdevolver o patrim\u00f4nio\u201d, dando a entender que considera o resultado do trabalho do povo uma posse do Estado.<\/p>\n\n\n\n<p>\u2013 Lula chegou a usar uma palavrinha muito, muito significativa do que ele pensa a respeito. Ele disse que a pessoa n\u00e3o tem interesse em \u201cdevolver o patrim\u00f4nio\u201d. Ou seja, ele acha que a origem de toda riqueza \u00e9 o Estado. \u00c9 uma desonestidade dizer isso, porque o Estado n\u00e3o cria riqueza; ele s\u00f3 atrapalha a gera\u00e7\u00e3o de riqueza e diminui o patrim\u00f4nio das pessoas, que investem menos, empregam menos, produzem menos. A interfer\u00eancia do Estado \u00e9 uma roda girando ao contr\u00e1rio. O governo s\u00f3 fala em aumentar impostos \u2013 acrescentou.<\/p>\n\n\n\n<p>Na avalia\u00e7\u00e3o de Garcia, as defici\u00eancias do saneamento b\u00e1sico e de outros servi\u00e7os essenciais ao cidad\u00e3o s\u00e3o uma prova de que o \u201cgoverno s\u00f3 tira, mas n\u00e3o devolve\u201d.<\/p>\n\n\n\n<p>\u2013 Isso comprova o desleixo, o descumprimento de cl\u00e1usula entre governo e pagador de impostos, que paga cinco meses de trabalho por ano para o Estado brasileiro e, em troca, deveria receber bons servi\u00e7os e investimentos p\u00fablicos em infraestrutura, como \u00e9 o caso do saneamento b\u00e1sico, ou servi\u00e7os de seguran\u00e7a, de justi\u00e7a, de sa\u00fade, de educa\u00e7\u00e3o. S\u00f3 que n\u00e3o \u2013 assinalou.<\/p>\n\n\n\n<p><strong>ENTENDA<br><\/strong>Nesta ter\u00e7a-feira, o presidente Lula abordou o tema do imposto cobrado em cima de heran\u00e7as no Brasil e afirmou que ele n\u00e3o \u201c\u00e9 nada\u201d se comparado ao existente em outros pa\u00edses, como nos Estados Unidos. De acordo com o petista, o baixo valor do tributo no pa\u00eds desestimula doa\u00e7\u00f5es para o governo e outras institui\u00e7\u00f5es.<\/p>\n\n\n\n<p>\u2013 Nos Estados Unidos, quando uma pessoa tem heran\u00e7a e ela morre, 40% da heran\u00e7a \u00e9 paga de imposto. Uma fazenda dessa, se fosse vendida pelos herdeiros, 40% era de imposto. Ent\u00e3o, nos Estados Unidos, como o imposto \u00e9 caro, voc\u00ea tem muitos empres\u00e1rios que fazem doa\u00e7\u00e3o de patrim\u00f4nio para universidade, para instituto, para laborat\u00f3rio, para funda\u00e7\u00f5es. Aqui, no Brasil, voc\u00ea n\u00e3o tem ningu\u00e9m que fa\u00e7a doa\u00e7\u00e3o porque o imposto sobre heran\u00e7a \u00e9 nada, \u00e9 s\u00f3 4%. Ent\u00e3o, a pessoa n\u00e3o tem interesse em devolver o patrim\u00f4nio dela \u2013 declarou o petista em solenidade na Universidade Federal de S\u00e3o Carlos, em Buri (SP).<\/p>\n","protected":false},"excerpt":{"rendered":"<p>O jornalista Alexandre Garcia expressou indigna\u00e7\u00e3o para com as falas do presidente Luiz In\u00e1cio Lula da Silva (PT) a respeito de aumentar o imposto sobre heran\u00e7as. Em coluna no Gazeta do Povo publicada nesta ter\u00e7a-feira (23), o comunicador afirmou que o chefe do Executivo \u201cquer que o Estado fique com a riqueza\u201d que o brasileiro [&hellip;]<\/p>\n","protected":false},"author":2,"featured_media":20154,"comment_status":"open","ping_status":"open","sticky":false,"template":"","format":"standard","meta":[],"categories":[4],"tags":[],"_links":{"self":[{"href":"https:\/\/dgospel.com.br\/portal\/index.php\/wp-json\/wp\/v2\/posts\/20153"}],"collection":[{"href":"https:\/\/dgospel.com.br\/portal\/index.php\/wp-json\/wp\/v2\/posts"}],"about":[{"href":"https:\/\/dgospel.com.br\/portal\/index.php\/wp-json\/wp\/v2\/types\/post"}],"author":[{"embeddable":true,"href":"https:\/\/dgospel.com.br\/portal\/index.php\/wp-json\/wp\/v2\/users\/2"}],"replies":[{"embeddable":true,"href":"https:\/\/dgospel.com.br\/portal\/index.php\/wp-json\/wp\/v2\/comments?post=20153"}],"version-history":[{"count":1,"href":"https:\/\/dgospel.com.br\/portal\/index.php\/wp-json\/wp\/v2\/posts\/20153\/revisions"}],"predecessor-version":[{"id":20155,"href":"https:\/\/dgospel.com.br\/portal\/index.php\/wp-json\/wp\/v2\/posts\/20153\/revisions\/20155"}],"wp:featuredmedia":[{"embeddable":true,"href":"https:\/\/dgospel.com.br\/portal\/index.php\/wp-json\/wp\/v2\/media\/20154"}],"wp:attachment":[{"href":"https:\/\/dgospel.com.br\/portal\/index.php\/wp-json\/wp\/v2\/media?parent=20153"}],"wp:term":[{"taxonomy":"category","embeddable":true,"href":"https:\/\/dgospel.com.br\/portal\/index.php\/wp-json\/wp\/v2\/categories?post=20153"},{"taxonomy":"post_tag","embeddable":true,"href":"https:\/\/dgospel.com.br\/portal\/index.php\/wp-json\/wp\/v2\/tags?post=20153"}],"curies":[{"name":"wp","href":"https:\/\/api.w.org\/{rel}","templated":true}]}}