{"id":20159,"date":"2024-07-25T19:59:31","date_gmt":"2024-07-25T22:59:31","guid":{"rendered":"https:\/\/dgospel.com.br\/portal\/?p=20159"},"modified":"2024-07-25T19:59:32","modified_gmt":"2024-07-25T22:59:32","slug":"haddad-quem-nao-paga-imposto-tem-que-voltar-a-pagar","status":"publish","type":"post","link":"https:\/\/dgospel.com.br\/portal\/index.php\/2024\/07\/25\/haddad-quem-nao-paga-imposto-tem-que-voltar-a-pagar\/","title":{"rendered":"Haddad: \u201cQuem n\u00e3o paga imposto tem que voltar a pagar\u201d"},"content":{"rendered":"\n<p>O ministro da Fazenda, Fernando Haddad, afirmou, nesta quarta-feira (24), que o governo Lula (PT) far\u00e1 o que for \u201cnecess\u00e1rio para colocar o pa\u00eds em ordem e com justi\u00e7a social\u201d. Nesse sentido, ele defendeu o crescimento do pa\u00eds e a inser\u00e7\u00e3o do pobre no or\u00e7amento, mas destacou que \u201cquem n\u00e3o paga imposto, tem que voltar a pagar\u201d para que as contas fiquem \u201cequilibradas\u201d.<\/p>\n\n\n\n<p>\u2013 Vamos entregar um or\u00e7amento fiscal para o ano que vem bastante consistente, com base no trabalho que vem sendo feito desde o ano passado. Como o presidente Lula n\u00e3o cansa de frisar: vamos fazer o que for necess\u00e1rio para colocar o pa\u00eds em ordem e com justi\u00e7a social. N\u00e3o queremos prejudicar o crescimento, n\u00e3o queremos prejudicar os mais pobres, o pobre tem que estar no or\u00e7amento, mas quem n\u00e3o paga imposto tem que voltar a pagar. Sen\u00e3o a gente n\u00e3o equilibra as contas \u2013 declarou o ministro em entrevista \u00e0 GloboNews.<\/p>\n\n\n\n<p>Na ocasi\u00e3o, Haddad adiantou algumas das propostas que far\u00e1 ao presidente Luiz In\u00e1cio Lula da Silva para a segunda etapa da reforma tribut\u00e1ria.<\/p>\n\n\n\n<p>\u2013 Vamos entregar alguns cen\u00e1rios de como vemos a oportunidade de fazer a reforma para melhorar a distribui\u00e7\u00e3o da renda e, se poss\u00edvel, promover ou o aumento das taxas de isen\u00e7\u00e3o ou uma diminui\u00e7\u00e3o da al\u00edquota do imposto sobre consumo \u2013 disse.<\/p>\n\n\n\n<p>O ministro tamb\u00e9m defendeu a cria\u00e7\u00e3o de uma Secretaria Extraordin\u00e1ria da Reforma Tribut\u00e1ria e culpou o Congresso pelo Brasil n\u00e3o ter conseguido alcan\u00e7ar a meta de d\u00e9ficit zero este ano. Haddad apontou como um dos motivos a n\u00e3o aprova\u00e7\u00e3o do fim da desonera\u00e7\u00e3o da folha de pagamento de 17 setores e de munic\u00edpios.<\/p>\n\n\n\n<p><strong>TAXA\u00c7\u00c3O DOS SUPER RICOS<\/strong><br>Durante reuni\u00e3o ministerial de apresenta\u00e7\u00e3o da proposta brasileira pela Alian\u00e7a Global contra a Fome e a Pobreza no G20, o ministro voltou a falar sobre a cobran\u00e7a de impostos para grandes fortunas.<\/p>\n\n\n\n<p>Segundo Haddad, a falta de uma cobran\u00e7a aos super ricos faz com que no \u201ctopo da pir\u00e2mide\u201d, os sistemas tribut\u00e1rios \u201csejam regressivos e n\u00e3o progressivos\u201d, o que torna a cobran\u00e7a de impostos desigual entre as camadas sociais.<\/p>\n\n\n\n<p>Haddad citou um estudo do economista Gabriel Zucman que diz que um imposto de 2% para os super ricos geraria uma arrecada\u00e7\u00e3o entre 200 bilh\u00f5es e 250 bilh\u00f5es de d\u00f3lares (aproximadamente R$ 1,4 trilh\u00e3o) para enfrentar a fome e a pobreza no mundo.<\/p>\n\n\n\n<p>Inclusive, o governo brasileiro contratou Zucman para elaborar uma proposta para taxa\u00e7\u00e3o dos \u201csuper ricos\u201d, uma proposta do governo federal que deve ser usada para a redu\u00e7\u00e3o da pobreza no mundo.<\/p>\n","protected":false},"excerpt":{"rendered":"<p>O ministro da Fazenda, Fernando Haddad, afirmou, nesta quarta-feira (24), que o governo Lula (PT) far\u00e1 o que for \u201cnecess\u00e1rio para colocar o pa\u00eds em ordem e com justi\u00e7a social\u201d. Nesse sentido, ele defendeu o crescimento do pa\u00eds e a inser\u00e7\u00e3o do pobre no or\u00e7amento, mas destacou que \u201cquem n\u00e3o paga imposto, tem que voltar [&hellip;]<\/p>\n","protected":false},"author":2,"featured_media":20160,"comment_status":"open","ping_status":"open","sticky":false,"template":"","format":"standard","meta":[],"categories":[4],"tags":[13],"_links":{"self":[{"href":"https:\/\/dgospel.com.br\/portal\/index.php\/wp-json\/wp\/v2\/posts\/20159"}],"collection":[{"href":"https:\/\/dgospel.com.br\/portal\/index.php\/wp-json\/wp\/v2\/posts"}],"about":[{"href":"https:\/\/dgospel.com.br\/portal\/index.php\/wp-json\/wp\/v2\/types\/post"}],"author":[{"embeddable":true,"href":"https:\/\/dgospel.com.br\/portal\/index.php\/wp-json\/wp\/v2\/users\/2"}],"replies":[{"embeddable":true,"href":"https:\/\/dgospel.com.br\/portal\/index.php\/wp-json\/wp\/v2\/comments?post=20159"}],"version-history":[{"count":1,"href":"https:\/\/dgospel.com.br\/portal\/index.php\/wp-json\/wp\/v2\/posts\/20159\/revisions"}],"predecessor-version":[{"id":20161,"href":"https:\/\/dgospel.com.br\/portal\/index.php\/wp-json\/wp\/v2\/posts\/20159\/revisions\/20161"}],"wp:featuredmedia":[{"embeddable":true,"href":"https:\/\/dgospel.com.br\/portal\/index.php\/wp-json\/wp\/v2\/media\/20160"}],"wp:attachment":[{"href":"https:\/\/dgospel.com.br\/portal\/index.php\/wp-json\/wp\/v2\/media?parent=20159"}],"wp:term":[{"taxonomy":"category","embeddable":true,"href":"https:\/\/dgospel.com.br\/portal\/index.php\/wp-json\/wp\/v2\/categories?post=20159"},{"taxonomy":"post_tag","embeddable":true,"href":"https:\/\/dgospel.com.br\/portal\/index.php\/wp-json\/wp\/v2\/tags?post=20159"}],"curies":[{"name":"wp","href":"https:\/\/api.w.org\/{rel}","templated":true}]}}