{"id":20162,"date":"2024-07-25T21:07:36","date_gmt":"2024-07-26T00:07:36","guid":{"rendered":"https:\/\/dgospel.com.br\/portal\/?p=20162"},"modified":"2024-07-25T21:07:38","modified_gmt":"2024-07-26T00:07:38","slug":"governo-do-tocantins-intensifica-acoes-de-fiscalizacao-do-procon-e-garante-direitos-do-consumidor","status":"publish","type":"post","link":"https:\/\/dgospel.com.br\/portal\/index.php\/2024\/07\/25\/governo-do-tocantins-intensifica-acoes-de-fiscalizacao-do-procon-e-garante-direitos-do-consumidor\/","title":{"rendered":"Governo do Tocantins intensifica a\u00e7\u00f5es de fiscaliza\u00e7\u00e3o do Procon e garante direitos do consumidor"},"content":{"rendered":"\n<p>Com o objetivo de promover o equil\u00edbrio nas rela\u00e7\u00f5es de consumo, o Governo do Tocantins, por meio do Procon Tocantins, desenvolveu uma s\u00e9rie de a\u00e7\u00f5es na \u00e1rea de educa\u00e7\u00e3o, comunica\u00e7\u00e3o e atendimento ao p\u00fablico neste primeiro semestre de 2024. Na parte de fiscaliza\u00e7\u00e3o, a Superintend\u00eancia de Prote\u00e7\u00e3o aos Direitos do Consumidor (Procon) Tocantins realizou um trabalho intenso, totalizando 1.554 estabelecimentos fiscalizados, tanto na capital quanto no interior do Estado.<\/p>\n\n\n\n<p>Durante as opera\u00e7\u00f5es, foram apreendidos 26.954 itens de mercadorias impr\u00f3prias para consumo. Esses itens inclu\u00edram produtos fora do prazo de validade, embalagens adulteradas, amassadas e enferrujadas, entre outros. A remo\u00e7\u00e3o desses produtos das prateleiras \u00e9 essencial para garantir a seguran\u00e7a dos consumidores e a conformidade com as normas sanit\u00e1rias.<\/p>\n\n\n\n<p>O governador Wanderlei Barbosa destaca que a intensifica\u00e7\u00e3o das opera\u00e7\u00f5es de fiscaliza\u00e7\u00e3o resulta na garantia da prote\u00e7\u00e3o do consumidor. \u201cA atua\u00e7\u00e3o proativa do Procon Tocantins reflete o compromisso que o Governo tem em assegurar um ambiente de consumo justo e transparente para todos os tocantinenses\u201d, refor\u00e7a.<\/p>\n\n\n\n<p>Ainda como resultado das fiscaliza\u00e7\u00f5es neste primeiro semestre, foram emitidas 769 notifica\u00e7\u00f5es em diversas \u00e1reas do com\u00e9rcio e lavrados 197 autos de infra\u00e7\u00e3o contra pr\u00e1ticas que violam os direitos do consumidor. Os autos de infra\u00e7\u00e3o s\u00e3o fundamentais para corrigir quaisquer irregularidades e prevenir futuras infra\u00e7\u00f5es.<\/p>\n\n\n\n<p>As visitas realizadas aos estabelecimentos s\u00e3o essenciais para identificar poss\u00edveis irregularidades e, assim, orientar os fornecedores e garantir o cumprimento das normas estabelecidas no C\u00f3digo de Defesa do Consumidor (CDC).<\/p>\n\n\n\n<p>O superintendente do Procon, Rafael Parente, reafirma que, \u201cgarantir os direitos dos consumidores sempre ser\u00e1 prioridade para que todos tenham seus direitos respeitados. Estamos satisfeitos com os resultados alcan\u00e7ados nesses seis meses, mas sabemos que ainda h\u00e1 muito a ser feito. Continuaremos trabalhando incansavelmente para proteger os consumidores tocantinenses&#8221;.<\/p>\n\n\n\n<p><strong>Pesquisa de pre\u00e7os<\/strong><\/p>\n\n\n\n<p>A equipe de fiscaliza\u00e7\u00e3o do Procon conduziu 177 pesquisas de pre\u00e7os at\u00e9 junho deste ano. Os itens inclu\u00eddos nas pesquisas foram: cesta b\u00e1sica, a\u00e7ougue, pescados, g\u00e1s de cozinha, combust\u00edveis, produtos de p\u00e1scoa, produtos do Dia dos Namorados, material escolar e produtos para o Dia das M\u00e3es.<\/p>\n\n\n\n<p>Essas pesquisas s\u00e3o importantes para monitorar os pre\u00e7os e garantir que os consumidores n\u00e3o sejam enganados, especialmente em datas comemorativas e per\u00edodos de alta demanda.<\/p>\n\n\n\n<p>\u201cAs pesquisas de pre\u00e7os s\u00e3o uma ferramenta importante para garantir a transpar\u00eancia e a boa rela\u00e7\u00e3o de consumo\u201d, refor\u00e7a o diretor de Fiscaliza\u00e7\u00e3o do \u00f3rg\u00e3o, Magno Silva.&nbsp;<\/p>\n\n\n\n<p><strong>Ger\u00eancia Jur\u00eddica<\/strong><\/p>\n\n\n\n<p>A Ger\u00eancia Jur\u00eddica do Procon Tocantins obteve resultados expressivos na resolu\u00e7\u00e3o de processos, reafirmando seu compromisso com a prote\u00e7\u00e3o dos direitos dos consumidores. Durante esse per\u00edodo, foram julgados 1.950 processos, dos quais 1.364 foram em primeira inst\u00e2ncia, ou seja, s\u00e3o os casos que foram resolvidos rapidamente, atendendo \u00e0s demandas dos consumidores de forma \u00e1gil. E os 586 processos julgados em segunda inst\u00e2ncia s\u00e3o casos revisados, garantindo que todas as decis\u00f5es sejam justas e bem fundamentadas.<\/p>\n\n\n\n<p>&#8220;O volume de processos julgados em primeira e segunda inst\u00e2ncia evidencia nossa capacidade de resposta r\u00e1pida e nossa dedica\u00e7\u00e3o em assegurar que todas as decis\u00f5es sejam bem fundamentadas e justas&#8221;, explica o respons\u00e1vel da Ger\u00eancia Jur\u00eddica do Procon Tocantins, Roberto Lacerda.<\/p>\n\n\n\n<p><strong>Educa\u00e7\u00e3o para o Consumo<\/strong><\/p>\n\n\n\n<p>O Procon Tocantins tamb\u00e9m atua na media\u00e7\u00e3o de conflitos entre consumidores e fornecedores. No primeiro semestre de 2024, entre 1\u00ba de janeiro e 1\u00ba de junho, a Ger\u00eancia registrou um total de 14.109 atendimentos, que se dividiram em consultas, den\u00fancias e reclama\u00e7\u00f5es.&nbsp;Os atendimentos realizados ficaram divididos da seguinte forma: consultas (1.090); den\u00fancias (50); e reclama\u00e7\u00f5es (12.969).<\/p>\n\n\n\n<p>A gerente de Atendimento e Educa\u00e7\u00e3o para o Consumo, Mariany Teixeira Goulart, ressalta que a demanda pelos servi\u00e7os do Procon refor\u00e7a a confian\u00e7a do consumidor no trabalho do \u00f3rg\u00e3o. &#8220;Nosso objetivo \u00e9 sempre mediar de forma justa e eficiente os conflitos entre consumidores e fornecedores. No primeiro semestre de 2024, conseguimos atender a uma demanda muito alta, com mais de 14 mil atendimentos. Isso mostra que o Procon Tocantins est\u00e1 realizando um trabalho de confian\u00e7a para o consumidor\u201d, revela.<\/p>\n\n\n\n<p><strong>Parcerias<\/strong><\/p>\n\n\n\n<p>O Procon Tocantins demonstrou um compromisso cont\u00ednuo com a defesa dos direitos dos consumidores, atuando de forma incisiva em v\u00e1rias frentes. Foram fechadas v\u00e1rias parcerias em prol do direito do consumidor.<\/p>\n\n\n\n<p>Foi assinado um Acordo de Coopera\u00e7\u00e3o T\u00e9cnica com a Ag\u00eancia Tocantinense de Regula\u00e7\u00e3o, Controle e Fiscaliza\u00e7\u00e3o de Servi\u00e7os P\u00fablicos (ATR). Este acordo possui os objetivos de melhorar a presta\u00e7\u00e3o de servi\u00e7os de saneamento b\u00e1sico, regular e controlar a presta\u00e7\u00e3o e a qualidade dos servi\u00e7os de abastecimento de \u00e1gua e esgotamento sanit\u00e1rio, como tamb\u00e9m das atividades de infraestrutura e instala\u00e7\u00f5es operacionais de coleta.<\/p>\n\n\n\n<p>O Procon identificou que diversos processos estavam \u00e0 beira da prescri\u00e7\u00e3o devido \u00e0 aus\u00eancia de inscri\u00e7\u00e3o na d\u00edvida ativa, o que inviabiliza a cobran\u00e7a efetiva das multas aplicadas aos fornecedores. Para solucionar esse problema, foi assinado o Acordo de Coopera\u00e7\u00e3o T\u00e9cnica Institucional com o cart\u00f3rio de protesto.<\/p>\n\n\n\n<p>A diversidade de atividades, desde triagens informativas at\u00e9 audi\u00eancias e resolu\u00e7\u00f5es de reclama\u00e7\u00f5es, reflete um esfor\u00e7o coordenado para melhorar a rela\u00e7\u00e3o entre consumidores e fornecedores em todo o Estado. A gest\u00e3o eficiente e a resposta r\u00e1pida \u00e0s den\u00fancias s\u00e3o marcos deste primeiro semestre de 2024.<\/p>\n\n\n\n<p><img src=\"https:\/\/central.to.gov.br\/image\/385511?w=670&amp;h=383\"><\/p>\n\n\n\n<p>Procon orienta consumidor a pedir nota fiscal da mercadoria para comprovar a aquisi\u00e7\u00e3o do produto &#8211; Procon\/Governo do Tocantins&nbsp;<a href=\"https:\/\/central.to.gov.br\/image\/385511?f=1\" target=\"_blank\" rel=\"noreferrer noopener\"><em>file_download<\/em><\/a><\/p>\n\n\n\n<p><img src=\"https:\/\/central.to.gov.br\/image\/385507?w=670&amp;h=383\"><\/p>\n\n\n\n<p>Fiscaliza\u00e7\u00e3o do Procon Tocantins segue comprometida em proteger os direitos do consumidor &#8211; Procon\/Governo do Tocantins&nbsp;<a href=\"https:\/\/central.to.gov.br\/image\/385507?f=1\" target=\"_blank\" rel=\"noreferrer noopener\"><em>file_download<\/em><\/a><\/p>\n\n\n\n<p><img src=\"https:\/\/central.to.gov.br\/image\/385509?w=670&amp;h=383\"><\/p>\n\n\n\n<p>Pesquisas s\u00e3o importantes para monitorar os pre\u00e7os e garantir que os consumidores n\u00e3o sejam enganados, especialmente em datas como volta \u00e0s aulas &#8211; Procon\/Governo do Tocantins&nbsp;<a href=\"https:\/\/central.to.gov.br\/image\/385509?f=1\" target=\"_blank\" rel=\"noreferrer noopener\"><em>file_download<\/em><\/a><\/p>\n\n\n\n<p><img src=\"https:\/\/central.to.gov.br\/image\/385510?w=670&amp;h=383\"><\/p>\n\n\n\n<p>Superintendente do Procon, Rafael Parente, explica que o compromisso do \u00f3rg\u00e3o \u00e9 garantir que os consumidores tenham seus direitos respeitados &#8211; Luciano Ribeiro\/Governo do Tocantins&nbsp;<a href=\"https:\/\/central.to.gov.br\/image\/385510?f=1\" target=\"_blank\" rel=\"noreferrer noopener\"><em>file_download<\/em><\/a><\/p>\n\n\n\n<p><img src=\"https:\/\/central.to.gov.br\/image\/385505?w=670&amp;h=383\"><\/p>\n\n\n\n<p>Mais de 14 mil atendimentos foram registrados no primeiro semestre de 2024 &#8211; Procon\/Governo do Tocantins&nbsp;<a href=\"https:\/\/central.to.gov.br\/image\/385505?f=1\" target=\"_blank\" rel=\"noreferrer noopener\"><em>file_download<\/em><\/a><\/p>\n\n\n\n<p><img src=\"https:\/\/central.to.gov.br\/image\/385504?w=670&amp;h=383\"><\/p>\n\n\n\n<p>Atividades realizadas pelo Procon Tocantins no primeiro semestre de 2024 marcam gest\u00e3o eficiente do \u00f3rg\u00e3o &#8211; Luciano Ribeiro\/Governo do Tocantins&nbsp;<a href=\"https:\/\/central.to.gov.br\/image\/385504?f=1\" target=\"_blank\" rel=\"noreferrer noopener\"><em>file_download<\/em><\/a><\/p>\n\n\n\n<p><img src=\"https:\/\/central.to.gov.br\/image\/385503?w=670&amp;h=383\"><\/p>\n\n\n\n<p>Procon Tocantins realiza pesquisa de pre\u00e7o do g\u00e1s de cozinha &#8211; Procon\/Governo do Tocantins&nbsp;<a href=\"https:\/\/central.to.gov.br\/image\/385503?f=1\" target=\"_blank\" rel=\"noreferrer noopener\"><em>file_download<\/em><\/a><\/p>\n\n\n\n<p><img src=\"https:\/\/central.to.gov.br\/image\/385502?w=670&amp;h=383\"><\/p>\n\n\n\n<p>Procon orienta que venda casada \u00e9 uma pr\u00e1tica ilegal &#8211; Divulga\u00e7\u00e3o&nbsp;<\/p>\n","protected":false},"excerpt":{"rendered":"<p>Com o objetivo de promover o equil\u00edbrio nas rela\u00e7\u00f5es de consumo, o Governo do Tocantins, por meio do Procon Tocantins, desenvolveu uma s\u00e9rie de a\u00e7\u00f5es na \u00e1rea de educa\u00e7\u00e3o, comunica\u00e7\u00e3o e atendimento ao p\u00fablico neste primeiro semestre de 2024. Na parte de fiscaliza\u00e7\u00e3o, a Superintend\u00eancia de Prote\u00e7\u00e3o aos Direitos do Consumidor (Procon) Tocantins realizou um [&hellip;]<\/p>\n","protected":false},"author":2,"featured_media":20163,"comment_status":"open","ping_status":"open","sticky":false,"template":"","format":"standard","meta":[],"categories":[3],"tags":[13],"_links":{"self":[{"href":"https:\/\/dgospel.com.br\/portal\/index.php\/wp-json\/wp\/v2\/posts\/20162"}],"collection":[{"href":"https:\/\/dgospel.com.br\/portal\/index.php\/wp-json\/wp\/v2\/posts"}],"about":[{"href":"https:\/\/dgospel.com.br\/portal\/index.php\/wp-json\/wp\/v2\/types\/post"}],"author":[{"embeddable":true,"href":"https:\/\/dgospel.com.br\/portal\/index.php\/wp-json\/wp\/v2\/users\/2"}],"replies":[{"embeddable":true,"href":"https:\/\/dgospel.com.br\/portal\/index.php\/wp-json\/wp\/v2\/comments?post=20162"}],"version-history":[{"count":1,"href":"https:\/\/dgospel.com.br\/portal\/index.php\/wp-json\/wp\/v2\/posts\/20162\/revisions"}],"predecessor-version":[{"id":20164,"href":"https:\/\/dgospel.com.br\/portal\/index.php\/wp-json\/wp\/v2\/posts\/20162\/revisions\/20164"}],"wp:featuredmedia":[{"embeddable":true,"href":"https:\/\/dgospel.com.br\/portal\/index.php\/wp-json\/wp\/v2\/media\/20163"}],"wp:attachment":[{"href":"https:\/\/dgospel.com.br\/portal\/index.php\/wp-json\/wp\/v2\/media?parent=20162"}],"wp:term":[{"taxonomy":"category","embeddable":true,"href":"https:\/\/dgospel.com.br\/portal\/index.php\/wp-json\/wp\/v2\/categories?post=20162"},{"taxonomy":"post_tag","embeddable":true,"href":"https:\/\/dgospel.com.br\/portal\/index.php\/wp-json\/wp\/v2\/tags?post=20162"}],"curies":[{"name":"wp","href":"https:\/\/api.w.org\/{rel}","templated":true}]}}