{"id":20166,"date":"2024-07-25T21:23:25","date_gmt":"2024-07-26T00:23:25","guid":{"rendered":"https:\/\/dgospel.com.br\/portal\/?p=20166"},"modified":"2024-07-25T21:23:27","modified_gmt":"2024-07-26T00:23:27","slug":"governo-do-tocantins-investe-em-infraestrutura-e-intensifica-acoes-educativas-e-de-fiscalizacao-para-um-transito-mais-seguro","status":"publish","type":"post","link":"https:\/\/dgospel.com.br\/portal\/index.php\/2024\/07\/25\/governo-do-tocantins-investe-em-infraestrutura-e-intensifica-acoes-educativas-e-de-fiscalizacao-para-um-transito-mais-seguro\/","title":{"rendered":"Governo do Tocantins&nbsp;investe em infraestrutura e intensifica a\u00e7\u00f5es educativas e de fiscaliza\u00e7\u00e3o para um tr\u00e2nsito mais seguro"},"content":{"rendered":"\n<p>Com o foco na redu\u00e7\u00e3o do n\u00famero de mortes em sinistros de tr\u00e2nsito, o Governo do Tocantins, por meio do Departamento Estadual de Tr\u00e2nsito do Tocantins (Detran\/TO), realizou, neste primeiro semestre, uma s\u00e9rie de a\u00e7\u00f5es de conscientiza\u00e7\u00e3o e opera\u00e7\u00f5es repressivas e educativas com os condutores e os pedestres quanto \u00e0 seguran\u00e7a e \u00e0 educa\u00e7\u00e3o no&nbsp;tr\u00e2nsito.&nbsp;<\/p>\n\n\n\n<p>O governador Wanderlei Barbosa afirma que investir em seguran\u00e7a no tr\u00e2nsito n\u00e3o \u00e9 apenas uma quest\u00e3o de infraestrutura, mas tamb\u00e9m passa pelas campanhas de conscientiza\u00e7\u00e3o e educa\u00e7\u00e3o, al\u00e9m da fiscaliza\u00e7\u00e3o para o correto cumprimento das leis.<\/p>\n\n\n\n<p>&#8220;Uma fiscaliza\u00e7\u00e3o eficaz e cont\u00ednua \u00e9 crucial para garantir que as leis de tr\u00e2nsito sejam respeitadas. O investimento em seguran\u00e7a no tr\u00e2nsito \u00e9 um investimento na vida. \u00c9 um compromisso que devemos assumir como sociedade para proteger nossos cidad\u00e3os. Cada a\u00e7\u00e3o conta, cada melhoria salva muitas vidas. Juntos, vamos construir um tr\u00e2nsito mais seguro, mais humano e mais consciente&#8221;, ressalta o governador Wanderlei&nbsp;Barbosa.<\/p>\n\n\n\n<p><strong>Opera\u00e7\u00f5es<\/strong><\/p>\n\n\n\n<p>Durante o per\u00edodo de festas, que compreende os meses de dezembro e janeiro, o \u00f3rg\u00e3o de tr\u00e2nsito, em parceria com os demais \u00f3rg\u00e3os de seguran\u00e7a do Estado, realizou a&nbsp;<em>Opera\u00e7\u00e3o Rodovida<\/em>&nbsp;nas estradas do Tocantins. A iniciativa teve como objetivo n\u00e3o apenas a fiscaliza\u00e7\u00e3o de ve\u00edculos e passageiros, mas tamb\u00e9m estimular a conscientiza\u00e7\u00e3o sobre a import\u00e2ncia de boas pr\u00e1ticas no tr\u00e2nsito para a preserva\u00e7\u00e3o de vidas. Foram realizadas blitzes em todas as regi\u00f5es do Estado, com 2.579 ve\u00edculos abordados. Os resultados dessas a\u00e7\u00f5es foram: 19 ve\u00edculos removidos, 32 testes de baf\u00f4metro realizados e uma pris\u00e3o em flagrante por alcoolemia. Ainda foram lavrados 345 autos de infra\u00e7\u00e3o.<\/p>\n\n\n\n<p>Com o in\u00edcio do per\u00edodo letivo, o Detran\/TO deu in\u00edcio \u00e0&nbsp;<em>Opera\u00e7\u00e3o Volta \u00e0s Aulas<\/em>, que contribuiu para a conscientiza\u00e7\u00e3o de toda a comunidade escolar para a constru\u00e7\u00e3o de um tr\u00e2nsito mais seguro para todos.<\/p>\n\n\n\n<p>Al\u00e9m dessas opera\u00e7\u00f5es, o \u00f3rg\u00e3o participou de a\u00e7\u00f5es integradas como a&nbsp;<em>Opera\u00e7\u00e3o Foli\u00e3o Seguro<\/em>, que visava reduzir o n\u00famero de sinistros de tr\u00e2nsito em todo o Estado durante o feriado de Carnaval. Assim, buscou-se evitar mortes e feridos no tr\u00e2nsito, garantindo a seguran\u00e7a de condutores, passageiros e demais usu\u00e1rios das vias tocantinenses.<br><br>O Departamento Estadual de Tr\u00e2nsito do Tocantins (Detran\/TO), por meio das equipes de fiscaliza\u00e7\u00e3o e educa\u00e7\u00e3o, abordou 2.082 ve\u00edculos durante as festividades de Carnaval nos munic\u00edpios tocantinenses.<br><br><strong>Maio Amarelo<\/strong><\/p>\n\n\n\n<p>Lan\u00e7ada oficialmente no audit\u00f3rio do Pal\u00e1cio Araguaia Governador Jos\u00e9 Wilson Siqueira Campos, a campanha&nbsp;<em>Maio Amarelo 2024&nbsp;<\/em>mobilizou diretamente 40.005 pessoas em 45 munic\u00edpios tocantinenses durante suas a\u00e7\u00f5es. As iniciativas tiveram o prop\u00f3sito de conscientizar a popula\u00e7\u00e3o sobre os altos \u00edndices de sinistros de tr\u00e2nsito e promover uma nova postura por parte de condutores, motociclistas, ciclistas e pedestres nas vias.<\/p>\n\n\n\n<p>Para alcan\u00e7ar esses objetivos, o Detran\/TO, ao longo do m\u00eas de maio, envolveu servidores do \u00f3rg\u00e3o, das Circunscri\u00e7\u00f5es Regionais de Tr\u00e2nsito (Ciretrans) e dos Postos de Atendimento de todo o Tocantins, que uniram for\u00e7as e, juntos, realizaram 34 blitzes educativas, 218 palestras, 4 apresenta\u00e7\u00f5es do teatro de fantoches, 7 passeios cicl\u00edsticos\/caminhadas, 6 oficinas de reda\u00e7\u00e3o, 13 rodas de conversa e 17 panfletagens.<\/p>\n\n\n\n<p>Ao todo, o \u00f3rg\u00e3o Executivo de tr\u00e2nsito promoveu 290 a\u00e7\u00f5es em todo o Estado, que contemplaram 70 institui\u00e7\u00f5es das esferas p\u00fablica e privada, al\u00e9m de 139 escolas tocantinenses. A mensagem do&nbsp;<em>Maio Amarelo<\/em>&nbsp;foi ampliada por meio dos canais de informa\u00e7\u00f5es do Detran\/TO, como o site institucional e as redes sociais. Ainda foi realizada uma campanha publicit\u00e1ria com&nbsp;<em>outdoors<\/em>&nbsp;nos munic\u00edpios tocantinenses e conte\u00fados educativos para r\u00e1dios, televis\u00f5es e websites, alcan\u00e7ando assim mais de 80% da popula\u00e7\u00e3o considerando as a\u00e7\u00f5es diretas e indiretas.<\/p>\n\n\n\n<p>Ainda durante a campanha, o Governo do Tocantins anunciou a destina\u00e7\u00e3o de R$ 10 milh\u00f5es para sinaliza\u00e7\u00e3o e melhorias nas travessias das estradas estaduais que cortam cidades tocantinenses, visando um tr\u00e2nsito mais seguro nos per\u00edmetros urbanos.<\/p>\n\n\n\n<p><strong>Termo de Coopera\u00e7\u00e3o<\/strong><\/p>\n\n\n\n<p>Para a melhoria da presta\u00e7\u00e3o de servi\u00e7os do Detran\/TO, foi assinado um Termo de Coopera\u00e7\u00e3o T\u00e9cnica com a Ag\u00eancia de Metrologia, Avalia\u00e7\u00e3o da Conformidade, Inova\u00e7\u00e3o e Tecnologia do Estado do Tocantins (AEM), que permite o compartilhamento de dados e informa\u00e7\u00f5es entre os \u00f3rg\u00e3os estaduais durante as a\u00e7\u00f5es de fiscaliza\u00e7\u00e3o dos cronotac\u00f3grafos instalados em ve\u00edculos automotores de transporte de passageiros e de cargas.<\/p>\n\n\n\n<p>Com esse acordo, t\u00e9cnicos e servidores do Detran\/TO e da AEM podem acessar os dados e os endere\u00e7os atualizados para formalizar a notifica\u00e7\u00e3o processual e encaminhar com mais agilidade o auto de infra\u00e7\u00e3o, coibindo assim que os condutores transitem sem o equipamento. Esse \u00e9 mais um instrumento que busca conter a ocorr\u00eancia de sinistros e crimes de tr\u00e2nsito, promovendo a seguran\u00e7a dos condutores e dos demais usu\u00e1rios das vias, ao garantir que os motoristas infratores sejam autuados.<\/p>\n\n\n\n<p><strong>Prova on-line para motoristas<\/strong><\/p>\n\n\n\n<p>Buscando levar mais rapidez e agilidade na presta\u00e7\u00e3o dos servi\u00e7os aos usu\u00e1rios do estado e assim descentralizar os trabalhos, o Departamento Estadual de Tr\u00e2nsito do Tocantins (Detran\/TO) disponibilizou as provas referentes ao curso on-line para motoristas profissionais nos munic\u00edpios de Para\u00edso do Tocantins e Gurupi.<\/p>\n\n\n\n<p>A prova \u00e9 realizada de forma eletr\u00f4nica e, para isso, os interessados apenas precisam comparecer ao setor de Habilita\u00e7\u00e3o do Detran\/TO ou a alguma unidade do \u00f3rg\u00e3o nos munic\u00edpios, portando os documentos de identifica\u00e7\u00e3o com foto e comprovante de resid\u00eancia, para realizar o processo de altera\u00e7\u00e3o de dados na Carteira Nacional de Habilita\u00e7\u00e3o (CNH) e a inclus\u00e3o da informa\u00e7\u00e3o na habilita\u00e7\u00e3o no sistema.<br><br><strong>Entrega de ve\u00edculos<\/strong><\/p>\n\n\n\n<p>O Departamento Estadual de Tr\u00e2nsito do Tocantins (Detran\/TO) entregou nove ve\u00edculos que foram destinados \u00e0s equipes de educadores de tr\u00e2nsito em seis cidades do Estado. Os ve\u00edculos visam auxiliar os profissionais em a\u00e7\u00f5es educativas em escolas, empresas e comunidades ou regi\u00f5es mais afastadas, desempenhando um papel crucial na dissemina\u00e7\u00e3o de pr\u00e1ticas seguras no tr\u00e2nsito.<\/p>\n\n\n\n<p>Os munic\u00edpios de Aragua\u00edna, Arraias, Colinas do Tocantins, Miracema do Tocantins, Miranorte, Para\u00edso do Tocantins e Tocantin\u00f3polis foram os contemplados pela entrega de ve\u00edculos.<br><br><strong>Detran Itinerante<\/strong><\/p>\n\n\n\n<p>Para atender as demandas dos usu\u00e1rios que nem sempre conseguem ir a uma das unidades de atendimento do Detran\/TO, o \u00f3rg\u00e3o descentralizou seus servi\u00e7os e, de forma itinerante, levou suas atividades \u00e0s cidades de Aparecida do Rio Negro, Lagoa da Confus\u00e3o e Mateiros.<\/p>\n\n\n\n<p>Nos atendimentos, os cidad\u00e3os foram contemplados com servi\u00e7os relacionados ao setor de ve\u00edculos e Carteira Nacional de Habilita\u00e7\u00e3o (CNH). O intuito foi facilitar o acesso aos servi\u00e7os prestados pelo \u00f3rg\u00e3o Executivo de tr\u00e2nsito do Estado aos cidad\u00e3os dos munic\u00edpios onde n\u00e3o h\u00e1 Ciretrans ou postos de atendimento.<\/p>\n\n\n\n<p><strong>Novas unidades<\/strong><\/p>\n\n\n\n<p>O Departamento Estadual de Tr\u00e2nsito do Tocantins (Detran\/TO) inaugurou duas novas unidades de atendimento, sendo uma no munic\u00edpio de Peixe, regi\u00e3o sul do Estado; e a segunda em Novo Acordo, beneficiando centenas de usu\u00e1rios que moram no entorno desses munic\u00edpios. Essa \u00e9 uma recomenda\u00e7\u00e3o do governador do Tocantins, Wanderlei Barbosa, para descentralizar os atendimentos do \u00f3rg\u00e3o no Estado. Com essas inaugura\u00e7\u00f5es, o Detran\/TO passa a contar com 45 unidades de atendimento, sendo 44 Ciretrans e postos e a sede do \u00f3rg\u00e3o, localizada em Palmas.<\/p>\n\n\n\n<p><strong>Nova localiza\u00e7\u00e3o<\/strong><\/p>\n\n\n\n<p>Ainda com foco na melhoria da presta\u00e7\u00e3o dos atendimentos aos usu\u00e1rios, o Governo do Tocantins, por meio do Departamento Estadual de Tr\u00e2nsito do Tocantins (Detran\/TO), transferiu a unidade do \u00f3rg\u00e3o Executivo de tr\u00e2nsito no munic\u00edpio de Tocantin\u00f3polis, regi\u00e3o norte do Estado, para um novo pr\u00e9dio, localizado na Rua Professor Virg\u00edlio, n\u00ba 459, Centro.<\/p>\n\n\n\n<p>A nova sede beneficia 22.615 pessoas que residem no munic\u00edpio, al\u00e9m daqueles que moram em cidades e comunidades rurais pr\u00f3ximas. No local, a popula\u00e7\u00e3o tem acesso a servi\u00e7os relacionados \u00e0 Carteira Nacional de Habilita\u00e7\u00e3o (CNH) e procedimentos relacionados \u00e0 regulariza\u00e7\u00e3o de ve\u00edculos automotores, com mais conforto e qualidade na presta\u00e7\u00e3o dos servi\u00e7os.<\/p>\n\n\n\n<p>Para o presidente do Detran\/TO, Willian Gonzaga, as a\u00e7\u00f5es desenvolvidas ao longo do primeiro semestre reafirmam o compromisso do Governo do Tocantins com a seguran\u00e7a e a educa\u00e7\u00e3o no tr\u00e2nsito.<\/p>\n\n\n\n<p>&#8220;Temos atuado de forma incans\u00e1vel para a constru\u00e7\u00e3o de vias cada vez mais seguras para todos. Foram realizadas diversas opera\u00e7\u00f5es de educa\u00e7\u00e3o e fiscaliza\u00e7\u00e3o nas rodovias estaduais e em pontos estrat\u00e9gicos das cidades. Em parceria com diversos \u00f3rg\u00e3os, mobilizamos milhares de pessoas durante a campanha Maio Amarelo, promovendo uma postura mais consciente no tr\u00e2nsito. Novas unidades foram inauguradas e uma nova sede em Tocantin\u00f3polis foi estabelecida, beneficiando milhares de usu\u00e1rios. Tudo isso prova o esfor\u00e7o do governador Wanderlei Barbosa em garantir um tr\u00e2nsito mais seguro para todos os tocantinenses e dessa forma preservar vidas&#8221;, finaliza o presidente Willian Gonzaga.<\/p>\n\n\n\n<p><img src=\"https:\/\/central.to.gov.br\/image\/385495?w=670&amp;h=383\"><\/p>\n\n\n\n<p>Governador Wanderlei Barbosa no lan\u00e7amento da campanha Maio amarelo 2024 no Pal\u00e1cio Araguaia Governador Jos\u00e9 Wilson Siqueira Campos &#8211; Antonio Gon\u00e7alves\/Governo do Tocantins&nbsp;<a href=\"https:\/\/central.to.gov.br\/image\/385495?f=1\" target=\"_blank\" rel=\"noreferrer noopener\"><em>file_download<\/em><\/a><\/p>\n\n\n\n<p><img src=\"https:\/\/central.to.gov.br\/image\/385499?w=670&amp;h=383\"><\/p>\n\n\n\n<p>Agentes do Detran-TO durante opera\u00e7\u00e3o de fiscaliza\u00e7\u00e3o &#8211; Felix Carneiro\/Governo do Tocantins&nbsp;<a href=\"https:\/\/central.to.gov.br\/image\/385499?f=1\" target=\"_blank\" rel=\"noreferrer noopener\"><em>file_download<\/em><\/a><\/p>\n\n\n\n<p><img src=\"https:\/\/central.to.gov.br\/image\/385494?w=670&amp;h=383\"><\/p>\n\n\n\n<p>Palestras educativas foram realizadas em escolas municipais e estaduais durante a campanha Maio Amarelo 2024 &#8211; Felix Carneiro\/Governo do Tocantins&nbsp;<a href=\"https:\/\/central.to.gov.br\/image\/385494?f=1\" target=\"_blank\" rel=\"noreferrer noopener\"><em>file_download<\/em><\/a><\/p>\n\n\n\n<p><img src=\"https:\/\/central.to.gov.br\/image\/385501?w=670&amp;h=383\"><\/p>\n\n\n\n<p>A\u00e7\u00f5es educativas foram realizadas em diversos munic\u00edpios do Estado, com foco na conscientiza\u00e7\u00e3o de motoristas e pedestres &#8211; Felix Carneiro\/Governo do Tocantins&nbsp;<a href=\"https:\/\/central.to.gov.br\/image\/385501?f=1\" target=\"_blank\" rel=\"noreferrer noopener\"><em>file_download<\/em><\/a><\/p>\n\n\n\n<p><img src=\"https:\/\/central.to.gov.br\/image\/385498?w=670&amp;h=383\"><\/p>\n\n\n\n<p>Detran realiza a\u00e7\u00f5es de fiscaliza\u00e7\u00e3o nas rodovias estaduais &#8211; Felix Carneiro\/Governo do Tocantins&nbsp;<a href=\"https:\/\/central.to.gov.br\/image\/385498?f=1\" target=\"_blank\" rel=\"noreferrer noopener\"><em>file_download<\/em><\/a><\/p>\n\n\n\n<p><img src=\"https:\/\/central.to.gov.br\/image\/385497?w=670&amp;h=383\"><\/p>\n\n\n\n<p>Governo do Tocantins inaugura nova sede do Detran em Tocantin\u00f3polis &#8211; Felix Carneiro\/Governo do Tocantins&nbsp;<a href=\"https:\/\/central.to.gov.br\/image\/385497?f=1\" target=\"_blank\" rel=\"noreferrer noopener\"><em>file_download<\/em><\/a><\/p>\n\n\n\n<p><img src=\"https:\/\/central.to.gov.br\/image\/385493?w=670&amp;h=383\"><\/p>\n\n\n\n<p>Presidente do Detran\/TO, Willian Gonzaga, destaca que a\u00e7\u00f5es desenvolvidas ao longo do primeiro semestre reafirmam o compromisso do Governo do Tocantins com a seguran\u00e7a e a educa\u00e7\u00e3o no tr\u00e2nsito &#8211; M\u00e1rcio Vieira\/Governo do Tocantins&nbsp;<a href=\"https:\/\/central.to.gov.br\/image\/385493?f=1\" target=\"_blank\" rel=\"noreferrer noopener\"><em>file_download<\/em><\/a><\/p>\n\n\n\n<p><img src=\"https:\/\/central.to.gov.br\/image\/385492?w=670&amp;h=383\"><\/p>\n\n\n\n<p>Detran Tocantins realiza entrega de ve\u00edculos para equipes de educa\u00e7\u00e3o para o tr\u00e2nsito de nove munic\u00edpios do Estado &#8211; Felix Carneiro\/Governo do Tocantins&nbsp;<a href=\"https:\/\/central.to.gov.br\/image\/385492?f=1\" target=\"_blank\" rel=\"noreferrer noopener\"><em>file<\/em><\/a><\/p>\n","protected":false},"excerpt":{"rendered":"<p>Com o foco na redu\u00e7\u00e3o do n\u00famero de mortes em sinistros de tr\u00e2nsito, o Governo do Tocantins, por meio do Departamento Estadual de Tr\u00e2nsito do Tocantins (Detran\/TO), realizou, neste primeiro semestre, uma s\u00e9rie de a\u00e7\u00f5es de conscientiza\u00e7\u00e3o e opera\u00e7\u00f5es repressivas e educativas com os condutores e os pedestres quanto \u00e0 seguran\u00e7a e \u00e0 educa\u00e7\u00e3o no&nbsp;tr\u00e2nsito.&nbsp; [&hellip;]<\/p>\n","protected":false},"author":2,"featured_media":20167,"comment_status":"open","ping_status":"open","sticky":false,"template":"","format":"standard","meta":[],"categories":[3],"tags":[13],"_links":{"self":[{"href":"https:\/\/dgospel.com.br\/portal\/index.php\/wp-json\/wp\/v2\/posts\/20166"}],"collection":[{"href":"https:\/\/dgospel.com.br\/portal\/index.php\/wp-json\/wp\/v2\/posts"}],"about":[{"href":"https:\/\/dgospel.com.br\/portal\/index.php\/wp-json\/wp\/v2\/types\/post"}],"author":[{"embeddable":true,"href":"https:\/\/dgospel.com.br\/portal\/index.php\/wp-json\/wp\/v2\/users\/2"}],"replies":[{"embeddable":true,"href":"https:\/\/dgospel.com.br\/portal\/index.php\/wp-json\/wp\/v2\/comments?post=20166"}],"version-history":[{"count":1,"href":"https:\/\/dgospel.com.br\/portal\/index.php\/wp-json\/wp\/v2\/posts\/20166\/revisions"}],"predecessor-version":[{"id":20168,"href":"https:\/\/dgospel.com.br\/portal\/index.php\/wp-json\/wp\/v2\/posts\/20166\/revisions\/20168"}],"wp:featuredmedia":[{"embeddable":true,"href":"https:\/\/dgospel.com.br\/portal\/index.php\/wp-json\/wp\/v2\/media\/20167"}],"wp:attachment":[{"href":"https:\/\/dgospel.com.br\/portal\/index.php\/wp-json\/wp\/v2\/media?parent=20166"}],"wp:term":[{"taxonomy":"category","embeddable":true,"href":"https:\/\/dgospel.com.br\/portal\/index.php\/wp-json\/wp\/v2\/categories?post=20166"},{"taxonomy":"post_tag","embeddable":true,"href":"https:\/\/dgospel.com.br\/portal\/index.php\/wp-json\/wp\/v2\/tags?post=20166"}],"curies":[{"name":"wp","href":"https:\/\/api.w.org\/{rel}","templated":true}]}}