{"id":2017,"date":"2018-12-06T18:03:20","date_gmt":"2018-12-06T20:03:20","guid":{"rendered":"http:\/\/dgospel.com.br\/portal\/?p=2017"},"modified":"2018-12-06T18:03:20","modified_gmt":"2018-12-06T20:03:20","slug":"vereador-milton-neris-espera-esclarecimentos-da-brk-ambiental-sobre-tarifa-abusiva","status":"publish","type":"post","link":"https:\/\/dgospel.com.br\/portal\/index.php\/2018\/12\/06\/vereador-milton-neris-espera-esclarecimentos-da-brk-ambiental-sobre-tarifa-abusiva\/","title":{"rendered":"Vereador Milton Neris espera esclarecimentos da BRK Ambiental sobre tarifa abusiva"},"content":{"rendered":"<div>O vereador Milton Neris (PP) usou a tribuna nesta quarta-feira, 5, para expor sua indigna\u00e7\u00e3o com a Concession\u00e1ria BRK Ambiental e o descaso que ela t\u00eam demonstrado com a popula\u00e7\u00e3o palmense. Para esclarecer e discutir o contrato de concess\u00e3o e a planilha de custo operacional da empresa, foi convocada a participar de audi\u00eancia p\u00fablica nesta tarde, \u00e0s 16hs, na Casa de Leis. Conforme o vereador, o servi\u00e7o que a empresa tem executado deixa muito a desejar, com reajustes abusivos e do mau cheiro causado pelo esgoto, como no caso do setor Bertaville e na regi\u00e3o das Arnos.<\/div>\n<div><\/div>\n<div>Neris relata que a BRK tem ignorado a Ag\u00eancia de Regula\u00e7\u00e3o de Palmas, a qual cuida do sistema de saneamento da Capital, e que n\u00e3o passa com clareza os componentes da planilha. \u201cO cidad\u00e3o tem o direito saber se o que est\u00e1 pagando \u00e9 justo. Nos \u00faltimos anos, Palmas est\u00e1 sendo penalizada com o pre\u00e7o da tarifa de \u00e1gua, em casos com valores mais altos que o de energia. Hoje temos o custo de \u00e1gua mais alto do pa\u00eds. Um absurdo!\u201d, protesta.<\/div>\n<div><\/div>\n<div>O Vereador contou sua participa\u00e7\u00e3o em uma reuni\u00e3o com a Ag\u00eancia de Regula\u00e7\u00e3o, na qual teve acesso \u00e0 algumas informa\u00e7\u00f5es, por\u00e9m, sem o aprofundamento necess\u00e1rio. \u201cA BRK precisa explicar para Palmas e para os 46 munic\u00edpios que participam desse processo\u201d.<\/div>\n<div><\/div>\n<div>Al\u00e9m disso, Neris exp\u00f4s uma situa\u00e7\u00e3o at\u00edpica, na qual funcion\u00e1rio da Concession\u00e1ria e secret\u00e1rios da prefeitura, recebiam mais de R$ 2 mil\u00a0 para realizarem reuni\u00f5es nas quais eram remunerados. \u201cEntre 2013 e 2018 aconteceram mais de 200 reuni\u00f5es remuneradas, onde o ex-prefeito Carlos Amastha criou um Comit\u00ea, atrav\u00e9s de decreto, para que ocorressem essa lavagem de dinheiro\u201d, afirmou o vereador.<\/div>\n<div><\/div>\n<div>Por\u00e9m, em agosto deste ano, \u201ca prefeita Cinthia Ribeiro suspendeu o decreto e acabou com essa farra\u201d. Neris pontuou essa situa\u00e7\u00e3o como \u201ctrem da alegria\u201d, que beneficiou muita gente desmerecida e prejudicou o principal interessado: a popula\u00e7\u00e3o palmense.<\/div>\n","protected":false},"excerpt":{"rendered":"<p>O vereador Milton Neris (PP) usou a tribuna nesta quarta-feira, 5, para expor sua indigna\u00e7\u00e3o com a Concession\u00e1ria BRK Ambiental e o descaso que ela t\u00eam demonstrado com a popula\u00e7\u00e3o palmense. Para esclarecer e discutir o contrato de concess\u00e3o e a planilha de custo operacional da empresa, foi convocada a participar de audi\u00eancia p\u00fablica nesta [&hellip;]<\/p>\n","protected":false},"author":2,"featured_media":2018,"comment_status":"open","ping_status":"open","sticky":false,"template":"","format":"standard","meta":[],"categories":[8],"tags":[],"_links":{"self":[{"href":"https:\/\/dgospel.com.br\/portal\/index.php\/wp-json\/wp\/v2\/posts\/2017"}],"collection":[{"href":"https:\/\/dgospel.com.br\/portal\/index.php\/wp-json\/wp\/v2\/posts"}],"about":[{"href":"https:\/\/dgospel.com.br\/portal\/index.php\/wp-json\/wp\/v2\/types\/post"}],"author":[{"embeddable":true,"href":"https:\/\/dgospel.com.br\/portal\/index.php\/wp-json\/wp\/v2\/users\/2"}],"replies":[{"embeddable":true,"href":"https:\/\/dgospel.com.br\/portal\/index.php\/wp-json\/wp\/v2\/comments?post=2017"}],"version-history":[{"count":1,"href":"https:\/\/dgospel.com.br\/portal\/index.php\/wp-json\/wp\/v2\/posts\/2017\/revisions"}],"predecessor-version":[{"id":2019,"href":"https:\/\/dgospel.com.br\/portal\/index.php\/wp-json\/wp\/v2\/posts\/2017\/revisions\/2019"}],"wp:featuredmedia":[{"embeddable":true,"href":"https:\/\/dgospel.com.br\/portal\/index.php\/wp-json\/wp\/v2\/media\/2018"}],"wp:attachment":[{"href":"https:\/\/dgospel.com.br\/portal\/index.php\/wp-json\/wp\/v2\/media?parent=2017"}],"wp:term":[{"taxonomy":"category","embeddable":true,"href":"https:\/\/dgospel.com.br\/portal\/index.php\/wp-json\/wp\/v2\/categories?post=2017"},{"taxonomy":"post_tag","embeddable":true,"href":"https:\/\/dgospel.com.br\/portal\/index.php\/wp-json\/wp\/v2\/tags?post=2017"}],"curies":[{"name":"wp","href":"https:\/\/api.w.org\/{rel}","templated":true}]}}