{"id":20172,"date":"2024-07-26T20:35:08","date_gmt":"2024-07-26T23:35:08","guid":{"rendered":"https:\/\/dgospel.com.br\/portal\/?p=20172"},"modified":"2024-07-26T20:35:10","modified_gmt":"2024-07-26T23:35:10","slug":"republicanos-palmas-publica-edital-de-convocacao-para-convencao-municipal-das-eleicoes-2024","status":"publish","type":"post","link":"https:\/\/dgospel.com.br\/portal\/index.php\/2024\/07\/26\/republicanos-palmas-publica-edital-de-convocacao-para-convencao-municipal-das-eleicoes-2024\/","title":{"rendered":"Republicanos Palmas publica Edital de Convoca\u00e7\u00e3o para Conven\u00e7\u00e3o Municipal das elei\u00e7\u00f5es 2024"},"content":{"rendered":"\n<p>O&nbsp;presidente da Comiss\u00e3o Executiva Provis\u00f3ria do Republicanos de Palmas, deputado estadual L\u00e9o Barbosa, publicou&nbsp;nesta quinta-feira, 25, o edital de convoca\u00e7\u00e3o da Conven\u00e7\u00e3o Municipal do partido para as elei\u00e7\u00f5es de 2024.&nbsp;<\/p>\n\n\n\n<p>De acordo com o estatuto partid\u00e1rio, est\u00e3o convocados&nbsp;os membros da Comiss\u00e3o Executiva Provis\u00f3ria Municipal do REPUBLICANOS no Munic\u00edpio&nbsp;de Palmas- TO,&nbsp;os&nbsp;Deputados Federais, os&nbsp;Deputados Estaduais, Governador, Vice-Governador e Senadores eleitos e filiados, com&nbsp;inscri\u00e7\u00e3o&nbsp;eleitoral&nbsp;na&nbsp;circunscri\u00e7\u00e3o&nbsp;do&nbsp;pleito&nbsp;e&nbsp;todos&nbsp;os&nbsp;demais&nbsp;filiados&nbsp;e&nbsp;filiadas inscritos na circunscri\u00e7\u00e3o.<\/p>\n\n\n\n<p>Com formato presencial, o&nbsp;evento acontecer\u00e1 no dia 2 de agosto, \u00e0s 19 horas, no Col\u00e9gio Militar do Estado do Tocantins &#8211; Unidade II, localizado&nbsp;na Quadra 206 Norte, Q. 301 Norte Avenida LO, 4 &#8211; Lote 04 &#8211; Plano Diretor Norte.<\/p>\n\n\n\n<p>Na conven\u00e7\u00e3o, os filiados ao partido&nbsp;deliberar\u00e3o sobre&nbsp;a participa\u00e7\u00e3o no pleito municipal de 2024, definindo escolha dos candidatos que disputar\u00e3o \u00e0s elei\u00e7\u00f5es municipais majorit\u00e1rias (Prefeito\/Vice-Prefeito)&nbsp;e\/ou proporcionais (Vereadores) a serem realizadas em 6 Outubro de 2024. Tamb\u00e9m definir\u00e3o se ser\u00e3o realizadas coliga\u00e7\u00f5es para as elei\u00e7\u00f5es majorit\u00e1rias ou se o partido concorrer\u00e1 isoladamente, dentre outras pautas constantes na ordem do dia. Ainda no evento, ser\u00e1 feito o sorteio dos n\u00fameros para candidatos a vereadores e nomes de urnas.<\/p>\n\n\n\n<p>Confira o edital na \u00edntegra:<\/p>\n\n\n\n<p><strong>EDITAL&nbsp;DE&nbsp;CONVOCA\u00c7\u00c3O&nbsp;DE&nbsp;CONVEN\u00c7\u00c3O&nbsp;PARTID\u00c1RIA&nbsp;ELEITORAL&nbsp;&#8211;&nbsp;ELEI\u00c7\u00d5ES&nbsp;2024&nbsp;&#8211;&nbsp;FORMATO&nbsp;PRESENCIAL.<\/strong><\/p>\n\n\n\n<p>O&nbsp;<strong>Presidente da Comiss\u00e3o Executiva Provis\u00f3ria do REPUBLICANOS no Munic\u00edpio de PALMAS-TO,&nbsp;<\/strong>no&nbsp;uso&nbsp;de&nbsp;suas&nbsp;atribui\u00e7\u00f5es&nbsp;definidas&nbsp;<strong>no&nbsp;art.&nbsp;14\u00ba&nbsp;e&nbsp;<\/strong>conforme&nbsp;previsto&nbsp;nos&nbsp;artigos&nbsp;22\u00ba,&nbsp;23, inciso IV&nbsp;e&nbsp;V&nbsp;e&nbsp;24&nbsp;\u00ba&nbsp;todo&nbsp;do&nbsp;estatuto&nbsp;partid\u00e1rio&nbsp;<strong>e&nbsp;no&nbsp;prazo&nbsp;do&nbsp;\u00a7&nbsp;5\u00ba&nbsp;do&nbsp;art.14&nbsp;do&nbsp;estatuto<\/strong>,&nbsp;<strong>CONVOCA os membros da Comiss\u00e3o Executiva Provis\u00f3ria Municipal do REPUBLICANOS no Munic\u00edpio&nbsp;de PALMAS &#8211; TO<\/strong>,&nbsp;<strong>os&nbsp;Deputados Federais, os&nbsp;Deputados Estaduais, Governador, Vice-Governador e Senadores eleitos e filiados, com&nbsp;inscri\u00e7\u00e3o&nbsp;eleitoral&nbsp;na&nbsp;circunscri\u00e7\u00e3o&nbsp;do&nbsp;pleito&nbsp;e&nbsp;todos&nbsp;os&nbsp;demais&nbsp;filiados&nbsp;e&nbsp;filiadas inscritos na circunscri\u00e7\u00e3o, para&nbsp;participarem da Conven\u00e7\u00e3o Partid\u00e1ria Eleitoral &#8211; Elei\u00e7\u00f5es Municipais 2024<\/strong>,<strong>que&nbsp;ser\u00e1 realizada&nbsp;no&nbsp;formato&nbsp;presencial<\/strong>,&nbsp;no&nbsp;dia&nbsp;02\/08\/2024,&nbsp;\u00e0s&nbsp;19h,&nbsp;no&nbsp;seguinte local&nbsp;e&nbsp;endere\u00e7o: Col\u00e9gio Militar do Estado do Tocantins \u2013 Unidade II,Quadra 206 Norte, Q. 301 Norte Avenida LO, 4 &#8211; Lote 04 &#8211; Plano Diretor Norte,&nbsp;das&nbsp;18h&nbsp;\u00e0s&nbsp;22h,&nbsp;nesta&nbsp;cidade, com&nbsp;a seguinte ordem&nbsp;do&nbsp;dia: I-Delibera\u00e7\u00e3o sobre&nbsp;a participa\u00e7\u00e3o no pleito municipal de 2024;&nbsp;II-Escolha dos candidatos que disputar\u00e3o \u00e0s elei\u00e7\u00f5es municipais majorit\u00e1rias (Prefeito\/Vice-Prefeitos)&nbsp;e\/ou proporcionais (Vereadores) a serem realizadas, em 6 Outubro de 2024; III-Deliberar se ser\u00e3o realizadas coliga\u00e7\u00f5es para as elei\u00e7\u00f5es majorit\u00e1rias e discuss\u00e3o, aprova\u00e7\u00e3o e nome da&nbsp;coliga\u00e7\u00e3o&nbsp;ou se o partido concorrer\u00e1 isoladamente; IV &#8211; Sorteio dos n\u00fameros para candidatos a vereadores e nomes de urnas; V- Indica\u00e7\u00e3o dos Representantes\/Delegados; VI- Delega\u00e7\u00e3o de poderes a Comiss\u00e3o Executiva Provis\u00f3ria Municipal e outros assuntos&nbsp;de interesse partid\u00e1rio e eleitoral, referente \u00e0s elei\u00e7\u00f5es 2024.<\/p>\n\n\n\n<p>Palmas &#8211; TO, 25 de Julho de 2024.<\/p>\n\n\n\n<p><strong>&nbsp; &nbsp; &nbsp; &nbsp; &nbsp; &nbsp; &nbsp; &nbsp; &nbsp; &nbsp; &nbsp; &nbsp; &nbsp; &nbsp; &nbsp; &nbsp; &nbsp; &nbsp; &nbsp; &nbsp; &nbsp; &nbsp; &nbsp; &nbsp; &nbsp; &nbsp; &nbsp; &nbsp; &nbsp; &nbsp; &nbsp; &nbsp;&nbsp;YHGOR LEONARDO CASTRO LEITE<\/strong><\/p>\n\n\n\n<p><strong>Presidente&nbsp;da&nbsp;Comiss\u00e3o&nbsp;Executiva&nbsp;Provis\u00f3ria&nbsp;do&nbsp;REPUBLICANOS&nbsp;no&nbsp;Munic\u00edpio&nbsp;de&nbsp;Palmas-TO.<\/strong><\/p>\n","protected":false},"excerpt":{"rendered":"<p>O&nbsp;presidente da Comiss\u00e3o Executiva Provis\u00f3ria do Republicanos de Palmas, deputado estadual L\u00e9o Barbosa, publicou&nbsp;nesta quinta-feira, 25, o edital de convoca\u00e7\u00e3o da Conven\u00e7\u00e3o Municipal do partido para as elei\u00e7\u00f5es de 2024.&nbsp; De acordo com o estatuto partid\u00e1rio, est\u00e3o convocados&nbsp;os membros da Comiss\u00e3o Executiva Provis\u00f3ria Municipal do REPUBLICANOS no Munic\u00edpio&nbsp;de Palmas- TO,&nbsp;os&nbsp;Deputados Federais, os&nbsp;Deputados Estaduais, Governador, Vice-Governador [&hellip;]<\/p>\n","protected":false},"author":2,"featured_media":20173,"comment_status":"open","ping_status":"open","sticky":false,"template":"","format":"standard","meta":[],"categories":[4],"tags":[13],"_links":{"self":[{"href":"https:\/\/dgospel.com.br\/portal\/index.php\/wp-json\/wp\/v2\/posts\/20172"}],"collection":[{"href":"https:\/\/dgospel.com.br\/portal\/index.php\/wp-json\/wp\/v2\/posts"}],"about":[{"href":"https:\/\/dgospel.com.br\/portal\/index.php\/wp-json\/wp\/v2\/types\/post"}],"author":[{"embeddable":true,"href":"https:\/\/dgospel.com.br\/portal\/index.php\/wp-json\/wp\/v2\/users\/2"}],"replies":[{"embeddable":true,"href":"https:\/\/dgospel.com.br\/portal\/index.php\/wp-json\/wp\/v2\/comments?post=20172"}],"version-history":[{"count":1,"href":"https:\/\/dgospel.com.br\/portal\/index.php\/wp-json\/wp\/v2\/posts\/20172\/revisions"}],"predecessor-version":[{"id":20174,"href":"https:\/\/dgospel.com.br\/portal\/index.php\/wp-json\/wp\/v2\/posts\/20172\/revisions\/20174"}],"wp:featuredmedia":[{"embeddable":true,"href":"https:\/\/dgospel.com.br\/portal\/index.php\/wp-json\/wp\/v2\/media\/20173"}],"wp:attachment":[{"href":"https:\/\/dgospel.com.br\/portal\/index.php\/wp-json\/wp\/v2\/media?parent=20172"}],"wp:term":[{"taxonomy":"category","embeddable":true,"href":"https:\/\/dgospel.com.br\/portal\/index.php\/wp-json\/wp\/v2\/categories?post=20172"},{"taxonomy":"post_tag","embeddable":true,"href":"https:\/\/dgospel.com.br\/portal\/index.php\/wp-json\/wp\/v2\/tags?post=20172"}],"curies":[{"name":"wp","href":"https:\/\/api.w.org\/{rel}","templated":true}]}}