{"id":20175,"date":"2024-07-29T19:58:49","date_gmt":"2024-07-29T22:58:49","guid":{"rendered":"https:\/\/dgospel.com.br\/portal\/?p=20175"},"modified":"2024-07-29T21:29:24","modified_gmt":"2024-07-30T00:29:24","slug":"divida-publica-do-brasil-atinge-maior-indice-desde-a-pandemia","status":"publish","type":"post","link":"https:\/\/dgospel.com.br\/portal\/index.php\/2024\/07\/29\/divida-publica-do-brasil-atinge-maior-indice-desde-a-pandemia\/","title":{"rendered":"D\u00edvida p\u00fablica do Brasil atinge maior \u00edndice desde a pandemia"},"content":{"rendered":"\n<p>A d\u00edvida bruta do governo geral (DBGG) chegou a 77,8% do Produto Interno Bruto (PIB) em junho deste ano. Este \u00e9 o maior n\u00edvel desde os 78,2% registrados em novembro de 2021, quando o pa\u00eds ainda vivia sob os efeitos da pandemia de&nbsp;<a href=\"http:\/\/pleno.news\/tag\/covid-19\" target=\"_blank\" rel=\"noreferrer noopener\">Covid-19<\/a>. O dado foi divulgado nesta segunda-feira (29) pelo&nbsp;<a href=\"http:\/\/pleno.news\/tag\/banco-central\" target=\"_blank\" rel=\"noreferrer noopener\">Banco Central<\/a>&nbsp;(BC). No total, o saldo da d\u00edvida bruta no \u00faltimo m\u00eas ficou em R$ 8,7 trilh\u00f5es.<\/p>\n\n\n\n<p>Segundo a autarquia, esse aumento decorreu principalmente dos juros nominais apropriados (+0,6 ponto percentual), das emiss\u00f5es l\u00edquidas (+0,6 ponto percentual), do efeito da desvaloriza\u00e7\u00e3o cambial (+0,3 ponto percentual), e da varia\u00e7\u00e3o do PIB nominal (-0,4 ponto percentual).<\/p>\n\n\n\n<p>No ano, o acr\u00e9scimo \u00e9 de 3,4 pontos percentuais, que decorre, segundo o Banco Central, da incorpora\u00e7\u00e3o de juros nominais (+3,8 pontos percentuais), da emiss\u00e3o l\u00edquida de d\u00edvida (+0,9 ponto percentual), da desvaloriza\u00e7\u00e3o cambial (+0,6 ponto percentual) e do crescimento do PIB nominal (-2,1 pontos percentuais).<\/p>\n\n\n\n<p>A d\u00edvida bruta do governo geral, que compreende governo federal, Instituto Nacional do Seguro Social (INSS) e governos estaduais e municipais, \u00e9 um dos principais indicadores econ\u00f4micos observados pelos investidores na hora de avaliar a sa\u00fade das contas p\u00fablicas. A compara\u00e7\u00e3o \u00e9 feita em rela\u00e7\u00e3o ao PIB para mostrar se a d\u00edvida do governo \u00e9 sustent\u00e1vel.<\/p>\n","protected":false},"excerpt":{"rendered":"<p>A d\u00edvida bruta do governo geral (DBGG) chegou a 77,8% do Produto Interno Bruto (PIB) em junho deste ano. Este \u00e9 o maior n\u00edvel desde os 78,2% registrados em novembro de 2021, quando o pa\u00eds ainda vivia sob os efeitos da pandemia de&nbsp;Covid-19. O dado foi divulgado nesta segunda-feira (29) pelo&nbsp;Banco Central&nbsp;(BC). No total, o [&hellip;]<\/p>\n","protected":false},"author":2,"featured_media":20176,"comment_status":"open","ping_status":"open","sticky":false,"template":"","format":"standard","meta":[],"categories":[4],"tags":[13],"_links":{"self":[{"href":"https:\/\/dgospel.com.br\/portal\/index.php\/wp-json\/wp\/v2\/posts\/20175"}],"collection":[{"href":"https:\/\/dgospel.com.br\/portal\/index.php\/wp-json\/wp\/v2\/posts"}],"about":[{"href":"https:\/\/dgospel.com.br\/portal\/index.php\/wp-json\/wp\/v2\/types\/post"}],"author":[{"embeddable":true,"href":"https:\/\/dgospel.com.br\/portal\/index.php\/wp-json\/wp\/v2\/users\/2"}],"replies":[{"embeddable":true,"href":"https:\/\/dgospel.com.br\/portal\/index.php\/wp-json\/wp\/v2\/comments?post=20175"}],"version-history":[{"count":1,"href":"https:\/\/dgospel.com.br\/portal\/index.php\/wp-json\/wp\/v2\/posts\/20175\/revisions"}],"predecessor-version":[{"id":20177,"href":"https:\/\/dgospel.com.br\/portal\/index.php\/wp-json\/wp\/v2\/posts\/20175\/revisions\/20177"}],"wp:featuredmedia":[{"embeddable":true,"href":"https:\/\/dgospel.com.br\/portal\/index.php\/wp-json\/wp\/v2\/media\/20176"}],"wp:attachment":[{"href":"https:\/\/dgospel.com.br\/portal\/index.php\/wp-json\/wp\/v2\/media?parent=20175"}],"wp:term":[{"taxonomy":"category","embeddable":true,"href":"https:\/\/dgospel.com.br\/portal\/index.php\/wp-json\/wp\/v2\/categories?post=20175"},{"taxonomy":"post_tag","embeddable":true,"href":"https:\/\/dgospel.com.br\/portal\/index.php\/wp-json\/wp\/v2\/tags?post=20175"}],"curies":[{"name":"wp","href":"https:\/\/api.w.org\/{rel}","templated":true}]}}