{"id":20181,"date":"2024-07-29T20:11:21","date_gmt":"2024-07-29T23:11:21","guid":{"rendered":"https:\/\/dgospel.com.br\/portal\/?p=20181"},"modified":"2024-07-29T20:11:23","modified_gmt":"2024-07-29T23:11:23","slug":"orgao-eleitoral-da-venezuela-proclama-reeleicao-de-maduro","status":"publish","type":"post","link":"https:\/\/dgospel.com.br\/portal\/index.php\/2024\/07\/29\/orgao-eleitoral-da-venezuela-proclama-reeleicao-de-maduro\/","title":{"rendered":"\u00d3rg\u00e3o eleitoral da Venezuela proclama reelei\u00e7\u00e3o de Maduro"},"content":{"rendered":"\n<p>O Conselho Nacional Eleitoral (CNE) proclamou oficialmente, nesta segunda-feira (29), o ditador&nbsp;<a href=\"http:\/\/pleno.news\/tag\/nicolas-maduro\" target=\"_blank\" rel=\"noreferrer noopener\">Nicol\u00e1s Maduro<\/a>&nbsp;como vencedor das elei\u00e7\u00f5es presidenciais venezuelanas. Na madrugada desta segunda, o \u00f3rg\u00e3o havia anunciado que o chavista, no poder desde 2013, ganhou as elei\u00e7\u00f5es com 51,2% dos votos, resultado rejeitado pela oposi\u00e7\u00e3o e grande parte da comunidade internacional.<\/p>\n\n\n\n<p>O presidente do CNE, Elvis Amoroso, disse, durante a cerim\u00f4nia de proclama\u00e7\u00e3o, que \u201ca elei\u00e7\u00e3o presidencial ocorreu em um clima de respeito, paz e participa\u00e7\u00e3o democr\u00e1tica, apesar do fato de que houve muitos ataques\u201d ao sistema eleitoral, sem especificar de que forma ocorreram.<\/p>\n\n\n\n<p>Amoroso insistiu que Maduro obteve a maioria dos votos v\u00e1lidos nas elei\u00e7\u00f5es presidenciais, \u201csendo eleito para outro mandato de seis anos\u201d, que come\u00e7ar\u00e1 oficialmente em 10 de janeiro de 2025, data prevista para a cerim\u00f4nia de posse.<\/p>\n\n\n\n<p>O chefe do \u00f3rg\u00e3o eleitoral acrescentou que o presidente foi eleito \u201cpela vontade do povo soberano\u201d; portanto, sua proclama\u00e7\u00e3o \u00e9 feita de acordo com as disposi\u00e7\u00f5es constitucionais e legais que \u201cregem os processos eleitorais\u201d.<\/p>\n\n\n\n<p>Ap\u00f3s a cerim\u00f4nia, Amoroso agradeceu \u00e0s For\u00e7as Armadas Nacionais Bolivarianas (FANB) e \u00e0s for\u00e7as de seguran\u00e7a do Estado \u201cpor garantir a seguran\u00e7a e a paz antes, durante e depois desse processo eleitoral bem-sucedido\u201d.<\/p>\n\n\n\n<p>Amoroso tamb\u00e9m expressou \u201creconhecimento e gratid\u00e3o especiais\u201d a todas as miss\u00f5es de observadores internacionais e nacionais que acompanharam o processo eleitoral. Nas elei\u00e7\u00f5es de domingo, Maduro enfrentou o principal nome da oposi\u00e7\u00e3o, Edmundo Gonz\u00e1lez Urrutia, e outros oito candidatos.<\/p>\n\n\n\n<p>*EFE<\/p>\n","protected":false},"excerpt":{"rendered":"<p>O Conselho Nacional Eleitoral (CNE) proclamou oficialmente, nesta segunda-feira (29), o ditador&nbsp;Nicol\u00e1s Maduro&nbsp;como vencedor das elei\u00e7\u00f5es presidenciais venezuelanas. Na madrugada desta segunda, o \u00f3rg\u00e3o havia anunciado que o chavista, no poder desde 2013, ganhou as elei\u00e7\u00f5es com 51,2% dos votos, resultado rejeitado pela oposi\u00e7\u00e3o e grande parte da comunidade internacional. O presidente do CNE, Elvis [&hellip;]<\/p>\n","protected":false},"author":2,"featured_media":20182,"comment_status":"open","ping_status":"open","sticky":false,"template":"","format":"standard","meta":[],"categories":[16],"tags":[13],"_links":{"self":[{"href":"https:\/\/dgospel.com.br\/portal\/index.php\/wp-json\/wp\/v2\/posts\/20181"}],"collection":[{"href":"https:\/\/dgospel.com.br\/portal\/index.php\/wp-json\/wp\/v2\/posts"}],"about":[{"href":"https:\/\/dgospel.com.br\/portal\/index.php\/wp-json\/wp\/v2\/types\/post"}],"author":[{"embeddable":true,"href":"https:\/\/dgospel.com.br\/portal\/index.php\/wp-json\/wp\/v2\/users\/2"}],"replies":[{"embeddable":true,"href":"https:\/\/dgospel.com.br\/portal\/index.php\/wp-json\/wp\/v2\/comments?post=20181"}],"version-history":[{"count":1,"href":"https:\/\/dgospel.com.br\/portal\/index.php\/wp-json\/wp\/v2\/posts\/20181\/revisions"}],"predecessor-version":[{"id":20183,"href":"https:\/\/dgospel.com.br\/portal\/index.php\/wp-json\/wp\/v2\/posts\/20181\/revisions\/20183"}],"wp:featuredmedia":[{"embeddable":true,"href":"https:\/\/dgospel.com.br\/portal\/index.php\/wp-json\/wp\/v2\/media\/20182"}],"wp:attachment":[{"href":"https:\/\/dgospel.com.br\/portal\/index.php\/wp-json\/wp\/v2\/media?parent=20181"}],"wp:term":[{"taxonomy":"category","embeddable":true,"href":"https:\/\/dgospel.com.br\/portal\/index.php\/wp-json\/wp\/v2\/categories?post=20181"},{"taxonomy":"post_tag","embeddable":true,"href":"https:\/\/dgospel.com.br\/portal\/index.php\/wp-json\/wp\/v2\/tags?post=20181"}],"curies":[{"name":"wp","href":"https:\/\/api.w.org\/{rel}","templated":true}]}}