{"id":20184,"date":"2024-07-29T20:13:49","date_gmt":"2024-07-29T23:13:49","guid":{"rendered":"https:\/\/dgospel.com.br\/portal\/?p=20184"},"modified":"2024-07-29T20:13:50","modified_gmt":"2024-07-29T23:13:50","slug":"pl-critica-reeleicao-de-maduro-resultados-questionaveis","status":"publish","type":"post","link":"https:\/\/dgospel.com.br\/portal\/index.php\/2024\/07\/29\/pl-critica-reeleicao-de-maduro-resultados-questionaveis\/","title":{"rendered":"PL critica reelei\u00e7\u00e3o de Maduro: \u201cResultados question\u00e1veis\u201d"},"content":{"rendered":"\n<p>O Partido Liberal (PL) emitiu uma nota nesta segunda-feira (29) expressando preocupa\u00e7\u00e3o com o resultado das elei\u00e7\u00f5es na Venezuela. O ditador Nicol\u00e1s Maduro foi reeleito com 51% dos votos, contra 44% de seu advers\u00e1rio, Edmundo Gonz\u00e1lez.<\/p>\n\n\n\n<p>\u2013 O PL manifesta publicamente sua grande preocupa\u00e7\u00e3o com os claros sinais da esquerda venezuelana de se manter no poder com resultados eleitorais altamente question\u00e1veis e n\u00e3o auditados \u2013 diz a nota.<\/p>\n\n\n\n<p>O documento publicado nas redes sociais da sigla fala ainda em defesa da democracia e contra os regimes autorit\u00e1rios, dizendo que n\u00e3o se deve conviver com esse tipo de a\u00e7\u00e3o, cobrando o governo brasileiro que se manifeste pela liberdade e pela democracia.<\/p>\n\n\n\n<p>\u2013 Esperamos que o governo brasileiro se posicione, tendo como foco n\u00e3o suas identidades ideol\u00f3gicas, mas os princ\u00edpios b\u00e1sicos da democracia e da liberdade.<\/p>\n\n\n\n<p><strong>Leia na \u00edntegra:<\/strong><br><em>O PL manifesta publicamente sua grande preocupa\u00e7\u00e3o com os claros sinais da esquerda venezuelana de se manter no poder com resultados eleitorais altamente question\u00e1veis e n\u00e3o auditados.<\/em><\/p>\n\n\n\n<p><em>A Am\u00e9rica Latina, no esfor\u00e7o de toda uma gera\u00e7\u00e3o defensora da democracia e contr\u00e1ria aos regimes autorit\u00e1rios, n\u00e3o deve e n\u00e3o pode conviver com esse tipo de a\u00e7\u00e3o.<\/em><\/p>\n\n\n\n<p><em>As rela\u00e7\u00f5es do Brasil com todos os pa\u00edses amigos e vizinhos devem ter a liberdade e a democracia como pilares.<\/em><\/p>\n\n\n\n<p><em>Esperamos que o governo brasileiro se posicione, tendo como foco n\u00e3o suas identidades ideol\u00f3gicas, mas os princ\u00edpios b\u00e1sicos da democracia e da liberdade.<\/em><\/p>\n","protected":false},"excerpt":{"rendered":"<p>O Partido Liberal (PL) emitiu uma nota nesta segunda-feira (29) expressando preocupa\u00e7\u00e3o com o resultado das elei\u00e7\u00f5es na Venezuela. O ditador Nicol\u00e1s Maduro foi reeleito com 51% dos votos, contra 44% de seu advers\u00e1rio, Edmundo Gonz\u00e1lez. \u2013 O PL manifesta publicamente sua grande preocupa\u00e7\u00e3o com os claros sinais da esquerda venezuelana de se manter no [&hellip;]<\/p>\n","protected":false},"author":2,"featured_media":20185,"comment_status":"open","ping_status":"open","sticky":false,"template":"","format":"standard","meta":[],"categories":[10],"tags":[],"_links":{"self":[{"href":"https:\/\/dgospel.com.br\/portal\/index.php\/wp-json\/wp\/v2\/posts\/20184"}],"collection":[{"href":"https:\/\/dgospel.com.br\/portal\/index.php\/wp-json\/wp\/v2\/posts"}],"about":[{"href":"https:\/\/dgospel.com.br\/portal\/index.php\/wp-json\/wp\/v2\/types\/post"}],"author":[{"embeddable":true,"href":"https:\/\/dgospel.com.br\/portal\/index.php\/wp-json\/wp\/v2\/users\/2"}],"replies":[{"embeddable":true,"href":"https:\/\/dgospel.com.br\/portal\/index.php\/wp-json\/wp\/v2\/comments?post=20184"}],"version-history":[{"count":1,"href":"https:\/\/dgospel.com.br\/portal\/index.php\/wp-json\/wp\/v2\/posts\/20184\/revisions"}],"predecessor-version":[{"id":20186,"href":"https:\/\/dgospel.com.br\/portal\/index.php\/wp-json\/wp\/v2\/posts\/20184\/revisions\/20186"}],"wp:featuredmedia":[{"embeddable":true,"href":"https:\/\/dgospel.com.br\/portal\/index.php\/wp-json\/wp\/v2\/media\/20185"}],"wp:attachment":[{"href":"https:\/\/dgospel.com.br\/portal\/index.php\/wp-json\/wp\/v2\/media?parent=20184"}],"wp:term":[{"taxonomy":"category","embeddable":true,"href":"https:\/\/dgospel.com.br\/portal\/index.php\/wp-json\/wp\/v2\/categories?post=20184"},{"taxonomy":"post_tag","embeddable":true,"href":"https:\/\/dgospel.com.br\/portal\/index.php\/wp-json\/wp\/v2\/tags?post=20184"}],"curies":[{"name":"wp","href":"https:\/\/api.w.org\/{rel}","templated":true}]}}