{"id":20193,"date":"2024-07-29T21:23:39","date_gmt":"2024-07-30T00:23:39","guid":{"rendered":"https:\/\/dgospel.com.br\/portal\/?p=20193"},"modified":"2024-07-29T21:23:41","modified_gmt":"2024-07-30T00:23:41","slug":"o-mercado-ja-nao-acredita-mais-nas-palavras-de-lula-da-mesma-maneira-diz-economista","status":"publish","type":"post","link":"https:\/\/dgospel.com.br\/portal\/index.php\/2024\/07\/29\/o-mercado-ja-nao-acredita-mais-nas-palavras-de-lula-da-mesma-maneira-diz-economista\/","title":{"rendered":"&#8216;O mercado j\u00e1 n\u00e3o acredita mais nas palavras de Lula da mesma maneira&#8217;, diz economista"},"content":{"rendered":"\n<p>Em entrevista \u00e0\u00a0<strong>RECORD NEWS<\/strong>, o economista Mauro Rochlin afirma que o\u00a0<strong><a href=\"https:\/\/noticias.r7.com\/brasilia\/lula-faz-balanco-dos-18-meses-de-governo-e-diz-que-reforma-tributaria-vai-descomplicar-economia-28072024\/\">pronunciamento do presidente Lula, durante a noite de domingo (28)<\/a><\/strong>, prometendo n\u00e3o abrir m\u00e3o da responsabilidade fiscal, n\u00e3o teve impacto relevante no mercado financeiro. Segundo Rochlin, a bolsa de valores continua operando em baixa. \u201cO mercado j\u00e1 n\u00e3o acredita mais nas palavras de Lula da mesma maneira que j\u00e1 acreditou em um passado recente\u201d, diz. O presidente ainda defendeu que a reforma tribut\u00e1ria vai \u201cdescomplicar\u201d a economia brasileira.<\/p>\n","protected":false},"excerpt":{"rendered":"<p>Em entrevista \u00e0\u00a0RECORD NEWS, o economista Mauro Rochlin afirma que o\u00a0pronunciamento do presidente Lula, durante a noite de domingo (28), prometendo n\u00e3o abrir m\u00e3o da responsabilidade fiscal, n\u00e3o teve impacto relevante no mercado financeiro. Segundo Rochlin, a bolsa de valores continua operando em baixa. \u201cO mercado j\u00e1 n\u00e3o acredita mais nas palavras de Lula da [&hellip;]<\/p>\n","protected":false},"author":2,"featured_media":20194,"comment_status":"open","ping_status":"open","sticky":false,"template":"","format":"standard","meta":[],"categories":[4],"tags":[],"_links":{"self":[{"href":"https:\/\/dgospel.com.br\/portal\/index.php\/wp-json\/wp\/v2\/posts\/20193"}],"collection":[{"href":"https:\/\/dgospel.com.br\/portal\/index.php\/wp-json\/wp\/v2\/posts"}],"about":[{"href":"https:\/\/dgospel.com.br\/portal\/index.php\/wp-json\/wp\/v2\/types\/post"}],"author":[{"embeddable":true,"href":"https:\/\/dgospel.com.br\/portal\/index.php\/wp-json\/wp\/v2\/users\/2"}],"replies":[{"embeddable":true,"href":"https:\/\/dgospel.com.br\/portal\/index.php\/wp-json\/wp\/v2\/comments?post=20193"}],"version-history":[{"count":1,"href":"https:\/\/dgospel.com.br\/portal\/index.php\/wp-json\/wp\/v2\/posts\/20193\/revisions"}],"predecessor-version":[{"id":20195,"href":"https:\/\/dgospel.com.br\/portal\/index.php\/wp-json\/wp\/v2\/posts\/20193\/revisions\/20195"}],"wp:featuredmedia":[{"embeddable":true,"href":"https:\/\/dgospel.com.br\/portal\/index.php\/wp-json\/wp\/v2\/media\/20194"}],"wp:attachment":[{"href":"https:\/\/dgospel.com.br\/portal\/index.php\/wp-json\/wp\/v2\/media?parent=20193"}],"wp:term":[{"taxonomy":"category","embeddable":true,"href":"https:\/\/dgospel.com.br\/portal\/index.php\/wp-json\/wp\/v2\/categories?post=20193"},{"taxonomy":"post_tag","embeddable":true,"href":"https:\/\/dgospel.com.br\/portal\/index.php\/wp-json\/wp\/v2\/tags?post=20193"}],"curies":[{"name":"wp","href":"https:\/\/api.w.org\/{rel}","templated":true}]}}