{"id":20218,"date":"2024-07-30T20:27:40","date_gmt":"2024-07-30T23:27:40","guid":{"rendered":"https:\/\/dgospel.com.br\/portal\/?p=20218"},"modified":"2024-07-30T20:29:02","modified_gmt":"2024-07-30T23:29:02","slug":"luiz-gustavo-abre-mao-de-pre-candidatura-e-adere-ao-projeto-de-juarez-rigol","status":"publish","type":"post","link":"https:\/\/dgospel.com.br\/portal\/index.php\/2024\/07\/30\/luiz-gustavo-abre-mao-de-pre-candidatura-e-adere-ao-projeto-de-juarez-rigol\/","title":{"rendered":"Luiz Gustavo abre m\u00e3o de pr\u00e9-candidatura e adere ao projeto de Juarez Rigol"},"content":{"rendered":"\n<p>A poucos dias da conven\u00e7\u00e3o, Luiz Gustavo, presidente estadual do PL Jovem, declina de sua pr\u00e9-candidatura, e toma a decis\u00e3o de caminhar junto com Juarez Rigol, pr\u00e9-candidato a vereador da capital Palmas.<\/p>\n\n\n\n<p>As semelhan\u00e7as entre os dois dividia opini\u00f5es e assim como Rigol, Gustavo integra a comunidade evang\u00e9lica, nasceu em lar crist\u00e3o e \u00e9 defensor dos princ\u00edpios crist\u00e3os. Portanto, se colocava como um forte concorrente nestas elei\u00e7\u00f5es.<\/p>\n\n\n\n<p>\u201cJuarez Rigol, comemorou a chegada de Luiz Gustavo para compor seu projeto. Em suas redes sociais, ele reconheceu o prest\u00edgio e o privil\u00e9gio de contar com o respaldo do jovem l\u00edder, e ainda classificou a parceria como um fator fortalecedor do seu compromisso de trabalhar por uma Palmas melhor.<\/p>\n\n\n\n<p>\u201cAgradecemos ao jovem Luiz Gustavo, pelo apoio \u00e0 nossa pr\u00e9-candidatura e por acreditar em nossa vis\u00e3o de transforma\u00e7\u00e3o, compromisso e determina\u00e7\u00e3o de promover mudan\u00e7as significativas para o bem-estar da nossa comunidade\u201d, destacou Rigol.<\/p>\n\n\n\n<p>Al\u00e9m do apoio ao grupo pol\u00edtico, a mudan\u00e7a de plano \u00e9, na verdade, uma estrat\u00e9gia do PL, visando intensificar o engajamento jovem na pol\u00edtica do estado.<\/p>\n","protected":false},"excerpt":{"rendered":"<p>A poucos dias da conven\u00e7\u00e3o, Luiz Gustavo, presidente estadual do PL Jovem, declina de sua pr\u00e9-candidatura, e toma a decis\u00e3o de caminhar junto com Juarez Rigol, pr\u00e9-candidato a vereador da capital Palmas. As semelhan\u00e7as entre os dois dividia opini\u00f5es e assim como Rigol, Gustavo integra a comunidade evang\u00e9lica, nasceu em lar crist\u00e3o e \u00e9 defensor [&hellip;]<\/p>\n","protected":false},"author":2,"featured_media":20221,"comment_status":"open","ping_status":"open","sticky":false,"template":"","format":"standard","meta":[],"categories":[4],"tags":[],"_links":{"self":[{"href":"https:\/\/dgospel.com.br\/portal\/index.php\/wp-json\/wp\/v2\/posts\/20218"}],"collection":[{"href":"https:\/\/dgospel.com.br\/portal\/index.php\/wp-json\/wp\/v2\/posts"}],"about":[{"href":"https:\/\/dgospel.com.br\/portal\/index.php\/wp-json\/wp\/v2\/types\/post"}],"author":[{"embeddable":true,"href":"https:\/\/dgospel.com.br\/portal\/index.php\/wp-json\/wp\/v2\/users\/2"}],"replies":[{"embeddable":true,"href":"https:\/\/dgospel.com.br\/portal\/index.php\/wp-json\/wp\/v2\/comments?post=20218"}],"version-history":[{"count":1,"href":"https:\/\/dgospel.com.br\/portal\/index.php\/wp-json\/wp\/v2\/posts\/20218\/revisions"}],"predecessor-version":[{"id":20220,"href":"https:\/\/dgospel.com.br\/portal\/index.php\/wp-json\/wp\/v2\/posts\/20218\/revisions\/20220"}],"wp:featuredmedia":[{"embeddable":true,"href":"https:\/\/dgospel.com.br\/portal\/index.php\/wp-json\/wp\/v2\/media\/20221"}],"wp:attachment":[{"href":"https:\/\/dgospel.com.br\/portal\/index.php\/wp-json\/wp\/v2\/media?parent=20218"}],"wp:term":[{"taxonomy":"category","embeddable":true,"href":"https:\/\/dgospel.com.br\/portal\/index.php\/wp-json\/wp\/v2\/categories?post=20218"},{"taxonomy":"post_tag","embeddable":true,"href":"https:\/\/dgospel.com.br\/portal\/index.php\/wp-json\/wp\/v2\/tags?post=20218"}],"curies":[{"name":"wp","href":"https:\/\/api.w.org\/{rel}","templated":true}]}}