{"id":20228,"date":"2024-07-30T21:44:15","date_gmt":"2024-07-31T00:44:15","guid":{"rendered":"https:\/\/dgospel.com.br\/portal\/?p=20228"},"modified":"2024-07-30T21:44:16","modified_gmt":"2024-07-31T00:44:16","slug":"ses-to-divulga-agenda-de-coletas-externas-e-programadas-da-hemorrede-para-o-mes-de-agosto","status":"publish","type":"post","link":"https:\/\/dgospel.com.br\/portal\/index.php\/2024\/07\/30\/ses-to-divulga-agenda-de-coletas-externas-e-programadas-da-hemorrede-para-o-mes-de-agosto\/","title":{"rendered":"SES-TO divulga agenda de coletas externas e programadas da Hemorrede para o m\u00eas de agosto"},"content":{"rendered":"\n<p>A Secretaria de Estado da Sa\u00fade (SES-TO) divulgou, nesta ter\u00e7a-feira, 30, a agenda de coletas externas e programadas da Hemorrede do Tocantins para o m\u00eas de agosto. Ser\u00e3o realizadas 19 a\u00e7\u00f5es, com o objetivo de garantir estoques em n\u00edveis adequados para atendimento da sa\u00fade da popula\u00e7\u00e3o e regularizar o baixo estoque no final da temporada de praia no Estado, per\u00edodo este, quando h\u00e1 uma queda no n\u00famero de doadores.<\/p>\n\n\n\n<p>A superintendente da Hemorrede, Pollyana Gomes, ressalta que as a\u00e7\u00f5es s\u00e3o realizadas constantemente. \u201cEstamos sempre em busca de estrat\u00e9gias para elevar as doa\u00e7\u00f5es de sangue, sensibilizando a sociedade para essa necessidade da doa\u00e7\u00e3o volunt\u00e1ria, espont\u00e2nea e habitual, para que possamos garantir o atendimento das demandas de transfus\u00e3o de todo o estado do Tocantins\u201d, pontua.&nbsp;<\/p>\n\n\n\n<p>A t\u00e9cnica da capta\u00e7\u00e3o de doadores do Hemocentro Coordenador de Palmas, Rob\u00e9ria Fernandes, explica que, para fechar uma parceria para coleta externa e\/ou coleta programada, as empresas e\/ou institui\u00e7\u00f5es podem entrar em contato pelos telefones (63) 3218-3232\/99944-8763 ou pelo e-mail&nbsp;<a href=\"mailto:hemoto.doesangue@gmail.com\">hemoto.doesangue@gmail.com<\/a>. \u201cOnde ser\u00e3o direcionados para a unidade respons\u00e1vel de acordo com o munic\u00edpio do parceiro\u201d, refor\u00e7a a t\u00e9cnica.&nbsp;&nbsp;<\/p>\n\n\n\n<p><strong>Calend\u00e1rio das a\u00e7\u00f5es<\/strong><\/p>\n\n\n\n<p><strong>Palmas<\/strong><\/p>\n\n\n\n<p>13\/08 &#8211; 8h \u00e0s 17h &#8211; unidade m\u00f3vel: 22\u00ba Batalh\u00e3o de Infantaria;<\/p>\n\n\n\n<p>16\/08 &#8211; 8h \u00e0s 17h &#8211; unidade m\u00f3vel: Secretaria de Estado da Sa\u00fade;<\/p>\n\n\n\n<p>27\/08 &#8211; 8h \u00e0s 12h &#8211; unidade m\u00f3vel: Senac (END. 201 Norte, Av LO 4);<\/p>\n\n\n\n<p>28\/08 &#8211; 8h \u00e0s 17h &#8211; unidade m\u00f3vel: Senai (END. Q. 20, LO 4, Lote 5, Norte);<\/p>\n\n\n\n<p>29\/08 &#8211; 8h \u00e0s 17h &#8211; unidade m\u00f3vel: Ageto (END. Rodovia TO &#8211; 010, Km 1 Lote 11 Setor Leste);<\/p>\n\n\n\n<p>30\/08 &#8211; 8h \u00e0s 17h &#8211; unidade m\u00f3vel: Col\u00e9gio Adventista de Palmas (END. 210 Sul, Col\u00e9gio Adventista);<\/p>\n\n\n\n<p>24 a 27\/08 &#8211; 8h \u00e0s 17h &#8211; unidade m\u00f3vel: Igreja Assembleia de Deus;<\/p>\n\n\n\n<p>24 a 27\/08 &#8211; coleta programada: Igreja Gets\u00eamani;<\/p>\n\n\n\n<p>05\/08 &#8211; 8h \u00e0s 12h &#8211; mobiliza\u00e7\u00e3o: Senac;<\/p>\n\n\n\n<p>28\/08 &#8211; 8h \u00e0s 12h &#8211; mobiliza\u00e7\u00e3o: Ageto;<\/p>\n\n\n\n<p>26\/08 &#8211; 8h \u00e0s 12h e 14h \u00e0s 18h &#8211; mobiliza\u00e7\u00e3o: Senai.<\/p>\n\n\n\n<p><strong>Para\u00edso do Tocantins<\/strong><\/p>\n\n\n\n<p>06\/08 &#8211; 8h &#8211; \u00e0s 16h &#8211; unidade m\u00f3vel: Feira coberta.<\/p>\n\n\n\n<p><strong>Lajeado<\/strong><\/p>\n\n\n\n<p>14\/08<strong>&nbsp;<\/strong>&#8211; 8h \u00e0s 17h &#8211; unidade m\u00f3vel: Sec. de&nbsp; sa\u00fade municipal&nbsp; de&nbsp; Lajeado (END. SEMUS).<\/p>\n\n\n\n<p><strong>Barrol\u00e2ndia<\/strong><\/p>\n\n\n\n<p>15\/08 &#8211; 8h \u00e0s 16h &#8211; unidade m\u00f3vel (END. R. Raimundo&nbsp; Coelho, UBS).<\/p>\n\n\n\n<p><strong>Luzimangues\/Porto Nacional<\/strong><\/p>\n\n\n\n<p>19\/08 &#8211; 8h \u00e0s 16h &#8211; unidade m\u00f3vel (Fazend\u00e3o).<\/p>\n\n\n\n<p><strong>Dois Irm\u00e3os<\/strong><\/p>\n\n\n\n<p>20\/08 &#8211; 9h \u00e0s 16h &#8211; unidade m\u00f3vel (Feira Coberta).<\/p>\n\n\n\n<p><strong>Brejinho de Nazar\u00e9<\/strong><\/p>\n\n\n\n<p>21\/08 &#8211; 8h \u00e0s 16h &#8211; unidade m\u00f3vel (END. Rua Josu\u00e9 Aires Negre, ao lado da Secretaria Municipal de Sa\u00fade).<\/p>\n\n\n\n<p><strong>Monte do Carmo<\/strong><\/p>\n\n\n\n<p>22\/08 &#8211; 8h \u00e0s 16h &#8211; unidade m\u00f3vel (END. Sec. de Sa\u00fade).<\/p>\n\n\n\n<p><strong>Silvan\u00f3polis<\/strong><\/p>\n\n\n\n<p>23\/08 &#8211; 8h \u00e0s 16h &#8211; unidade m\u00f3vel (Secretaria de Sa\u00fade, anexo ao Hospital de Pequeno Porte).<\/p>\n\n\n\n<p><\/p>\n","protected":false},"excerpt":{"rendered":"<p>A Secretaria de Estado da Sa\u00fade (SES-TO) divulgou, nesta ter\u00e7a-feira, 30, a agenda de coletas externas e programadas da Hemorrede do Tocantins para o m\u00eas de agosto. Ser\u00e3o realizadas 19 a\u00e7\u00f5es, com o objetivo de garantir estoques em n\u00edveis adequados para atendimento da sa\u00fade da popula\u00e7\u00e3o e regularizar o baixo estoque no final da temporada [&hellip;]<\/p>\n","protected":false},"author":2,"featured_media":20229,"comment_status":"open","ping_status":"open","sticky":false,"template":"","format":"standard","meta":[],"categories":[3],"tags":[13],"_links":{"self":[{"href":"https:\/\/dgospel.com.br\/portal\/index.php\/wp-json\/wp\/v2\/posts\/20228"}],"collection":[{"href":"https:\/\/dgospel.com.br\/portal\/index.php\/wp-json\/wp\/v2\/posts"}],"about":[{"href":"https:\/\/dgospel.com.br\/portal\/index.php\/wp-json\/wp\/v2\/types\/post"}],"author":[{"embeddable":true,"href":"https:\/\/dgospel.com.br\/portal\/index.php\/wp-json\/wp\/v2\/users\/2"}],"replies":[{"embeddable":true,"href":"https:\/\/dgospel.com.br\/portal\/index.php\/wp-json\/wp\/v2\/comments?post=20228"}],"version-history":[{"count":1,"href":"https:\/\/dgospel.com.br\/portal\/index.php\/wp-json\/wp\/v2\/posts\/20228\/revisions"}],"predecessor-version":[{"id":20230,"href":"https:\/\/dgospel.com.br\/portal\/index.php\/wp-json\/wp\/v2\/posts\/20228\/revisions\/20230"}],"wp:featuredmedia":[{"embeddable":true,"href":"https:\/\/dgospel.com.br\/portal\/index.php\/wp-json\/wp\/v2\/media\/20229"}],"wp:attachment":[{"href":"https:\/\/dgospel.com.br\/portal\/index.php\/wp-json\/wp\/v2\/media?parent=20228"}],"wp:term":[{"taxonomy":"category","embeddable":true,"href":"https:\/\/dgospel.com.br\/portal\/index.php\/wp-json\/wp\/v2\/categories?post=20228"},{"taxonomy":"post_tag","embeddable":true,"href":"https:\/\/dgospel.com.br\/portal\/index.php\/wp-json\/wp\/v2\/tags?post=20228"}],"curies":[{"name":"wp","href":"https:\/\/api.w.org\/{rel}","templated":true}]}}