{"id":2023,"date":"2018-12-10T09:46:32","date_gmt":"2018-12-10T11:46:32","guid":{"rendered":"http:\/\/dgospel.com.br\/portal\/?p=2023"},"modified":"2018-12-10T09:46:32","modified_gmt":"2018-12-10T11:46:32","slug":"vereador-filipe-martins-cumprimenta-pastora-damares-por-indicacao-para-ministerio-da-familia","status":"publish","type":"post","link":"https:\/\/dgospel.com.br\/portal\/index.php\/2018\/12\/10\/vereador-filipe-martins-cumprimenta-pastora-damares-por-indicacao-para-ministerio-da-familia\/","title":{"rendered":"Vereador Filipe Martins cumprimenta pastora Damares por indica\u00e7\u00e3o para Minist\u00e9rio da Fam\u00edlia"},"content":{"rendered":"<p><span style=\"font-family: verdana, sans-serif;\">O vereador de Palmas (TO), Filipe Martins (PSC) enviou uma mensagem parabenizando a advogada e pastora Damares Alves pela indica\u00e7\u00e3o ao Minist\u00e9rio da Mulher, Fam\u00edlia e Direitos Humanos.<\/span><\/p>\n<p><span style=\"font-family: verdana, sans-serif;\">\u201cQue Deus continue conduzindo, orientando e dando discernimento. Dedico \u00e0 senhora Deuteron\u00f4mio 31:06, que diz: Sejam fortes e corajosos. N\u00e3o tenham medo nem fiquem apavorados por causa deles, pois o Senhor, o seu Deus, vai com voc\u00eas; nunca os deixar\u00e1, nunca os abandonar\u00e1\u201d, disse Martins.<\/span><\/p>\n<p><span style=\"font-family: verdana, sans-serif;\">O an\u00fancio de que a pastora comandar\u00e1 o Minist\u00e9rio foi feito na \u00faltima quinta-feira (6).<\/span><\/p>\n<p><span style=\"font-family: verdana, sans-serif;\">Trajet\u00f3ria<\/span><\/p>\n<p><span style=\"font-family: verdana, sans-serif;\">Uma\u00a0<a href=\"https:\/\/pleno.news\/brasil\/politica-nacional\/quem-e-damares-alves-nova-ministra-de-jair-bolsonaro.html\" target=\"_blank\" rel=\"noopener\" data-saferedirecturl=\"https:\/\/www.google.com\/url?q=https:\/\/pleno.news\/brasil\/politica-nacional\/quem-e-damares-alves-nova-ministra-de-jair-bolsonaro.html&amp;source=gmail&amp;ust=1544528182035000&amp;usg=AFQjCNHwOUBpv-7_b9hV-n7WTCtTdL82zA\">reportagem<\/a>\u00a0do Pleno News contou um pouco da trajet\u00f3ria de Damares Alves. Ela tem ampla experi\u00eancia no mundo pol\u00edtico, principalmente como assessora parlamentar, cargo que desempenha h\u00e1 mais de 20 anos. Ainda aos 13 anos, come\u00e7ou a realizar a\u00e7\u00f5es de combate \u00e0 fome e \u00e0 sede de crian\u00e7as do sert\u00e3o da Bahia.<\/span><\/p>\n<p><span style=\"font-family: verdana, sans-serif;\">Na d\u00e9cada de 80 se envolveu na luta contra o aborto e na recupera\u00e7\u00e3o de viciados em drogas. J\u00e1 a partir da d\u00e9cada de 90, Damares percebeu a necessidade de atuar juridicamente na defesa da preserva\u00e7\u00e3o dos valores familiares e conservadores.<\/span><\/p>\n<p><span style=\"font-family: verdana, sans-serif;\">Al\u00e9m disso, a futura ministra faz parte de movimentos de combate \u00e0 viol\u00eancia sexual de crian\u00e7as e adolescentes, dentre eles o Programa Inf\u00e2ncia Protegida e o Projeto Proteger. Outra esfera de atua\u00e7\u00e3o \u00e9 a da ado\u00e7\u00e3o, com o Projeto Adota Brasil. Nele, Damares busca melhorar e agilizar os processos de ado\u00e7\u00e3o no Brasil. Ela tamb\u00e9m \u00e9 l\u00edder do Movimento Nacional Brasil sem Drogas, que atua prevenindo o consumo e a libera\u00e7\u00e3o das drogas no pa\u00eds.<\/span><\/p>\n<p><span style=\"font-family: verdana, sans-serif;\">No Brasil, Damares \u00e9 representante da ONG internacional Atini \u2013 Voz Pela Vida, que cuida dos direitos das crian\u00e7as ind\u00edgenas. Seu mais recente trabalho social trata da preven\u00e7\u00e3o e conscientiza\u00e7\u00e3o sobre automutila\u00e7\u00e3o e suic\u00eddio de crian\u00e7as e jovens.<\/span><\/p>\n<p><span style=\"font-family: verdana, sans-serif;\">Como pastora, Damares Alves pertence \u00e0 Igreja Evang\u00e9lica Quadrangular, de denomina\u00e7\u00e3o pentecostal. A experi\u00eancia de Damares na esfera jur\u00eddica est\u00e1 ligada a todas as suas lutas e atua\u00e7\u00f5es, principalmente na pol\u00edtica. Inclusive, a jurista usa seu conhecimento para advogar voluntariamente para mulheres em situa\u00e7\u00e3o de vulnerabilidade social e viol\u00eancia dom\u00e9stica. Ela tamb\u00e9m faz parte da Associa\u00e7\u00e3o Nacional de Juristas Evang\u00e9licos (Anajure).<\/span><\/p>\n<p><span style=\"font-family: verdana, sans-serif;\">Ela tamb\u00e9m assessora juridicamente a elabora\u00e7\u00e3o de pe\u00e7as legislativas, al\u00e9m de acompanhar debates, sess\u00f5es, vota\u00e7\u00f5es e audi\u00eancias p\u00fablicas sobre temas ligados \u00e0 fam\u00edlia.<\/span><\/p>\n<p><span style=\"font-family: verdana, sans-serif;\">A pastora e futura ministra tamb\u00e9m dedica a vida \u00e0 educa\u00e7\u00e3o. Ela viaja o pa\u00eds dando palestras, participando de semin\u00e1rios e congressos. Damares acompanha de perto todas as quest\u00f5es ligadas ao ensino nas escolas e \u00e9 uma das principais defensoras do Escola Sem Partido. Ela tamb\u00e9m luta pelo fim da ideologia de g\u00eanero nas escolas.<\/span><\/p>\n","protected":false},"excerpt":{"rendered":"<p>O vereador de Palmas (TO), Filipe Martins (PSC) enviou uma mensagem parabenizando a advogada e pastora Damares Alves pela indica\u00e7\u00e3o ao Minist\u00e9rio da Mulher, Fam\u00edlia e Direitos Humanos. \u201cQue Deus continue conduzindo, orientando e dando discernimento. Dedico \u00e0 senhora Deuteron\u00f4mio 31:06, que diz: Sejam fortes e corajosos. N\u00e3o tenham medo nem fiquem apavorados por causa [&hellip;]<\/p>\n","protected":false},"author":2,"featured_media":2024,"comment_status":"open","ping_status":"open","sticky":false,"template":"","format":"standard","meta":[],"categories":[2,4],"tags":[],"_links":{"self":[{"href":"https:\/\/dgospel.com.br\/portal\/index.php\/wp-json\/wp\/v2\/posts\/2023"}],"collection":[{"href":"https:\/\/dgospel.com.br\/portal\/index.php\/wp-json\/wp\/v2\/posts"}],"about":[{"href":"https:\/\/dgospel.com.br\/portal\/index.php\/wp-json\/wp\/v2\/types\/post"}],"author":[{"embeddable":true,"href":"https:\/\/dgospel.com.br\/portal\/index.php\/wp-json\/wp\/v2\/users\/2"}],"replies":[{"embeddable":true,"href":"https:\/\/dgospel.com.br\/portal\/index.php\/wp-json\/wp\/v2\/comments?post=2023"}],"version-history":[{"count":1,"href":"https:\/\/dgospel.com.br\/portal\/index.php\/wp-json\/wp\/v2\/posts\/2023\/revisions"}],"predecessor-version":[{"id":2025,"href":"https:\/\/dgospel.com.br\/portal\/index.php\/wp-json\/wp\/v2\/posts\/2023\/revisions\/2025"}],"wp:featuredmedia":[{"embeddable":true,"href":"https:\/\/dgospel.com.br\/portal\/index.php\/wp-json\/wp\/v2\/media\/2024"}],"wp:attachment":[{"href":"https:\/\/dgospel.com.br\/portal\/index.php\/wp-json\/wp\/v2\/media?parent=2023"}],"wp:term":[{"taxonomy":"category","embeddable":true,"href":"https:\/\/dgospel.com.br\/portal\/index.php\/wp-json\/wp\/v2\/categories?post=2023"},{"taxonomy":"post_tag","embeddable":true,"href":"https:\/\/dgospel.com.br\/portal\/index.php\/wp-json\/wp\/v2\/tags?post=2023"}],"curies":[{"name":"wp","href":"https:\/\/api.w.org\/{rel}","templated":true}]}}