{"id":20231,"date":"2024-07-30T21:46:41","date_gmt":"2024-07-31T00:46:41","guid":{"rendered":"https:\/\/dgospel.com.br\/portal\/?p=20231"},"modified":"2024-07-30T21:46:42","modified_gmt":"2024-07-31T00:46:42","slug":"wanderlei-barbosa-e-corregedor-do-cnmp-assinam-compromisso-para-implementacao-de-politicas-publicas","status":"publish","type":"post","link":"https:\/\/dgospel.com.br\/portal\/index.php\/2024\/07\/30\/wanderlei-barbosa-e-corregedor-do-cnmp-assinam-compromisso-para-implementacao-de-politicas-publicas\/","title":{"rendered":"\u00a0Wanderlei Barbosa e corregedor do CNMP assinam compromisso para implementa\u00e7\u00e3o de pol\u00edticas p\u00fablicas"},"content":{"rendered":"\n<p>O governador do Tocantins, Wanderlei Barbosa, recebeu nesta ter\u00e7a-feira, 30, em seu gabinete no Pal\u00e1cio Araguaia Governador Jos\u00e9 Wilson Siqueira Campos, o corregedor nacional do Minist\u00e9rio P\u00fablico, conselheiro \u00c2ngelo Fabiano Farias da Costa. Na ocasi\u00e3o, foi assinado o of\u00edcio em formato de compromisso para o fortalecimento de pol\u00edticas p\u00fablicas voltadas \u00e0 promo\u00e7\u00e3o de direitos fundamentais em territ\u00f3rio tocantinense. Entre as solicita\u00e7\u00f5es, o documento requer do Estado a implementa\u00e7\u00e3o de medidas adicionais para o combate ao feminic\u00eddio e \u00e0 viol\u00eancia sofrida por crian\u00e7as e adolescentes.<\/p>\n\n\n\n<p>A visita faz parte do cronograma de a\u00e7\u00f5es do Minist\u00e9rio P\u00fablico do Tocantins (MPTO), durante a realiza\u00e7\u00e3o da correi\u00e7\u00e3o ordin\u00e1ria tem\u00e1tica. &#8220;Nosso governo age de forma diferenciada, pois sempre procuramos fazer parcerias em todas as \u00e1reas, auxiliando os munic\u00edpios na promo\u00e7\u00e3o da seguran\u00e7a, sa\u00fade, educa\u00e7\u00e3o e demais setores. Os temas discutidos aqui hoje&nbsp;<em>[Ter\u00e7a,30]<\/em>&nbsp;s\u00e3o sens\u00edveis e t\u00eam total aten\u00e7\u00e3o da nossa gest\u00e3o. Agradecemos a visita do Minist\u00e9rio P\u00fablico e garantimos que vamos implementar medidas para coibir, com esfor\u00e7os coletivos, toda pr\u00e1tica criminosa contra mulheres e crian\u00e7as no territ\u00f3rio tocantinense&#8221;, pontuou o governador Wanderlei Barbosa.<\/p>\n\n\n\n<p>O Tocantins foi o 8\u00ba estado brasileiro visitado pelo Conselho Nacional do Minist\u00e9rio P\u00fablico (CNMP). Na pr\u00e1tica, o \u00f3rg\u00e3o busca refor\u00e7ar sua disposi\u00e7\u00e3o em manter di\u00e1logo recorrente com o Governo, a fim de apresentar os trabalhos e frentes defendidas pelo MP, e unir for\u00e7as com todas as esferas contra o crime no pa\u00eds, como um todo. &#8220;Estamos sempre pontuando e pautando as a\u00e7\u00f5es focadas na garantia de direitos fundamentais, principalmente na redu\u00e7\u00e3o de viol\u00eancia dom\u00e9stica, um crime fatorial que sabemos que o combate n\u00e3o depende unicamente da seguran\u00e7a, mas tamb\u00e9m da educa\u00e7\u00e3o, com a\u00e7\u00f5es preventivas. Nosso objetivo \u00e9, ent\u00e3o, agir em conjunto com o Estado, reunindo todos os esfor\u00e7os necess\u00e1rios para que consigamos diminuir os registros de viol\u00eancias sofridas por mulheres em todo o Brasil&#8221;, ressaltou o corregedor nacional do Minist\u00e9rio P\u00fablico, conselheiro \u00c2ngelo Fabiano Farias da Costa.<\/p>\n\n\n\n<p><strong>Combate \u00e0 viol\u00eancia contra a mulher<\/strong><\/p>\n\n\n\n<p>Em resposta ao pedido do governador Wanderlei Barbosa de sempre unir todas as for\u00e7as do Estado no combate \u00e0 viol\u00eancia sofrida pela mulher, o secret\u00e1rio de Estado da Seguran\u00e7a P\u00fablica, Wlademir Mota Oliveira, ressaltou que medidas v\u00eam sendo implantadas em todo o Tocantins, na busca n\u00e3o s\u00f3 pelo combate \u00e0 pr\u00e1tica criminosa, mas tamb\u00e9m na preven\u00e7\u00e3o. &#8220;Lan\u00e7amos, em 2023, o aplicativo&nbsp;<em>Salve Mulher<\/em>, uma ferramenta que disponibiliza diversos servi\u00e7os \u00e0s mulheres que sofrem viol\u00eancia dom\u00e9stica ou familiar. Agora, inclusive, a Casa Civil analisa um decreto que ir\u00e1 instituir as redes de prote\u00e7\u00e3o e combate \u00e0 viol\u00eancia contra a mulher no Tocantins. Ent\u00e3o, seguimos unindo sempre todos os esfor\u00e7os, como solicitou o governador, para que todas as secretarias e munic\u00edpios levantem dados e consigam reagir, sempre dizendo o que cada um pode fazer pela mulher v\u00edtima de viol\u00eancia&#8221;, enfatizou o secret\u00e1rio.&nbsp;<\/p>\n\n\n\n<p>As pr\u00e1ticas que v\u00eam sendo realizadas pela Secretaria de Estado da Mulher (SecMulher) tamb\u00e9m foram apresentadas pela titular da pasta, Berenice Barbosa, que, na reuni\u00e3o, apontou os resultados dos esfor\u00e7os do Governo do Tocantins no aux\u00edlio da implementa\u00e7\u00e3o de Secretarias Municipais da Mulher, em 22 cidades do Estado. &#8220;Visamos, com isso, o maior alcance de pol\u00edticas p\u00fablicas e diminui\u00e7\u00e3o de toda e qualquer viol\u00eancia no Tocantins. No pr\u00f3ximo dia 1\u00ba, iniciaremos as atividades do&nbsp;<em>Agosto Lil\u00e1s<\/em>, com as quais iremos em todos os 139 munic\u00edpios, com uma caravana, oferecendo capacita\u00e7\u00f5es e orienta\u00e7\u00f5es \u00e0s mulheres e gestores locais&#8221;, salientou a secret\u00e1ria.<\/p>\n\n\n\n<p>O procurador-geral de Justi\u00e7a, Luciano Casaroti, refor\u00e7ou que o \u00f3rg\u00e3o segue aberto e disposto a colaborar com o Governo do Tocantins. \u201cEsperamos contar com esse apoio do Estado para sanar os problemas que temos enfrentado, sempre unindo esfor\u00e7os para combater os crimes contra a popula\u00e7\u00e3o e, tamb\u00e9m, assegurar os direitos fundamentais de todos\u201d, concluiu o procurador-geral de Justi\u00e7a.<\/p>\n\n\n\n<p>Como uma medida para diminuir diretamente a viol\u00eancia contra crian\u00e7as e adolescentes, o corregedor nacional do Minist\u00e9rio P\u00fablico, conselheiro \u00c2ngelo Fabiano Farias da Costa, solicitou, tamb\u00e9m, o apoio do Governo do Tocantins no suporte aos munic\u00edpios para a amplia\u00e7\u00e3o de vagas em creches e escolas municipais.<\/p>\n\n\n\n<p>Tamb\u00e9m estiveram presentes no encontro o procurador-geral do Estado, Kledson de Moura Lima; o secret\u00e1rio de Estado da Comunica\u00e7\u00e3o, M\u00e1rcio Rocha; e o secret\u00e1rio-executivo da Educa\u00e7\u00e3o, Eder Martins Fernandes.<\/p>\n\n\n\n<p><img src=\"https:\/\/central.to.gov.br\/image\/387259?w=670&amp;h=383\"><\/p>\n\n\n\n<p>O governador Wanderlei Barbosa agradeceu a visita do Minist\u00e9rio P\u00fablico e garantiu a implementa\u00e7\u00e3o de medidas para coibir, com esfor\u00e7os coletivos, toda pr\u00e1tica criminosa contra mulheres e crian\u00e7as no territ\u00f3rio tocantinense &#8211; Antonio Gon\u00e7alves\/Governo do Tocantins&nbsp;<a href=\"https:\/\/central.to.gov.br\/image\/387259?f=1\" target=\"_blank\" rel=\"noreferrer noopener\"><em>file_download<\/em><\/a><\/p>\n\n\n\n<p><img src=\"https:\/\/central.to.gov.br\/image\/387258?w=670&amp;h=383\"><\/p>\n\n\n\n<p>O corregedor nacional do Minist\u00e9rio P\u00fablico, conselheiro \u00c2ngelo Fabiano Farias da Costa, ressaltou a necessidade de a\u00e7\u00f5es conjuntas para reduzir a viol\u00eancia dom\u00e9stica no Brasil &#8211; Antonio Gon\u00e7alves\/Governo do Tocantins&nbsp;<a href=\"https:\/\/central.to.gov.br\/image\/387258?f=1\" target=\"_blank\" rel=\"noreferrer noopener\"><em>file_download<\/em><\/a><\/p>\n\n\n\n<p><img src=\"https:\/\/central.to.gov.br\/image\/387257?w=670&amp;h=383\"><\/p>\n\n\n\n<p>O secret\u00e1rio de Estado da Seguran\u00e7a P\u00fablica, Wlademir Mota Oliveira, enfatizou que medidas v\u00eam sendo implantadas em todo o Tocantins, na busca n\u00e3o s\u00f3 pelo combate \u00e0 pr\u00e1tica criminosa, mas tamb\u00e9m na preven\u00e7\u00e3o &#8211; Antonio Gon\u00e7alves\/Governo do Tocantins&nbsp;<a href=\"https:\/\/central.to.gov.br\/image\/387257?f=1\" target=\"_blank\" rel=\"noreferrer noopener\"><em>file_download<\/em><\/a><\/p>\n\n\n\n<p><img src=\"https:\/\/central.to.gov.br\/image\/387256?w=670&amp;h=383\"><\/p>\n\n\n\n<p>A secret\u00e1ria de Estado da Mulher, Berenice Barbosa, apresentou os resultados das pol\u00edticas p\u00fablicas e anunciou a caravana do Agosto Lil\u00e1s &#8211; Antonio Gon\u00e7alves\/Governo do Tocantins&nbsp;<a href=\"https:\/\/central.to.gov.br\/image\/387256?f=1\" target=\"_blank\" rel=\"noreferrer noopener\"><em>file_download<\/em><\/a><\/p>\n\n\n\n<p><img src=\"https:\/\/central.to.gov.br\/image\/387255?w=670&amp;h=383\"><\/p>\n\n\n\n<p>O procurador-geral de Justi\u00e7a, Luciano Casaroti, refor\u00e7ou que o Minist\u00e9rio P\u00fablico segue aberto e disposto a colaborar com o Governo do Tocantins &#8211; Antonio Gon\u00e7alves\/Governo do Tocantins&nbsp;<a href=\"https:\/\/central.to.gov.br\/image\/387255?f=1\" target=\"_blank\" rel=\"noreferrer noopener\"><em>file_download<\/em><\/a><\/p>\n\n\n\n<p><img src=\"https:\/\/central.to.gov.br\/image\/387254?w=670&amp;h=383\"><\/p>\n\n\n\n<p>Assinatura do compromisso visa refor\u00e7ar medidas contra a viol\u00eancia dom\u00e9stica e garantir direitos fundamentais no Tocantins &#8211; Antonio Gon\u00e7alves\/Governo do Tocantins&nbsp;<a href=\"https:\/\/central.to.gov.br\/image\/387254?f=1\" target=\"_blank\" rel=\"noreferrer noopener\"><em>file_download<\/em><\/a><\/p>\n\n\n\n<p><img src=\"https:\/\/central.to.gov.br\/image\/387253?w=670&amp;h=383\"><\/p>\n\n\n\n<p>Representantes do Governo do Tocantins e do Minist\u00e9rio P\u00fablico discutem estrat\u00e9gias para fortalecer a educa\u00e7\u00e3o e combater a viol\u00eancia no Tocantins &#8211; Antonio Gon\u00e7alves\/Governo do Tocantins&nbsp;<a href=\"https:\/\/central.to.gov.br\/image\/387253?f=1\" target=\"_blank\" rel=\"noreferrer noopener\"><em>fil<\/em><\/a><\/p>\n","protected":false},"excerpt":{"rendered":"<p>O governador do Tocantins, Wanderlei Barbosa, recebeu nesta ter\u00e7a-feira, 30, em seu gabinete no Pal\u00e1cio Araguaia Governador Jos\u00e9 Wilson Siqueira Campos, o corregedor nacional do Minist\u00e9rio P\u00fablico, conselheiro \u00c2ngelo Fabiano Farias da Costa. Na ocasi\u00e3o, foi assinado o of\u00edcio em formato de compromisso para o fortalecimento de pol\u00edticas p\u00fablicas voltadas \u00e0 promo\u00e7\u00e3o de direitos fundamentais [&hellip;]<\/p>\n","protected":false},"author":2,"featured_media":20232,"comment_status":"open","ping_status":"open","sticky":false,"template":"","format":"standard","meta":[],"categories":[3],"tags":[13],"_links":{"self":[{"href":"https:\/\/dgospel.com.br\/portal\/index.php\/wp-json\/wp\/v2\/posts\/20231"}],"collection":[{"href":"https:\/\/dgospel.com.br\/portal\/index.php\/wp-json\/wp\/v2\/posts"}],"about":[{"href":"https:\/\/dgospel.com.br\/portal\/index.php\/wp-json\/wp\/v2\/types\/post"}],"author":[{"embeddable":true,"href":"https:\/\/dgospel.com.br\/portal\/index.php\/wp-json\/wp\/v2\/users\/2"}],"replies":[{"embeddable":true,"href":"https:\/\/dgospel.com.br\/portal\/index.php\/wp-json\/wp\/v2\/comments?post=20231"}],"version-history":[{"count":1,"href":"https:\/\/dgospel.com.br\/portal\/index.php\/wp-json\/wp\/v2\/posts\/20231\/revisions"}],"predecessor-version":[{"id":20233,"href":"https:\/\/dgospel.com.br\/portal\/index.php\/wp-json\/wp\/v2\/posts\/20231\/revisions\/20233"}],"wp:featuredmedia":[{"embeddable":true,"href":"https:\/\/dgospel.com.br\/portal\/index.php\/wp-json\/wp\/v2\/media\/20232"}],"wp:attachment":[{"href":"https:\/\/dgospel.com.br\/portal\/index.php\/wp-json\/wp\/v2\/media?parent=20231"}],"wp:term":[{"taxonomy":"category","embeddable":true,"href":"https:\/\/dgospel.com.br\/portal\/index.php\/wp-json\/wp\/v2\/categories?post=20231"},{"taxonomy":"post_tag","embeddable":true,"href":"https:\/\/dgospel.com.br\/portal\/index.php\/wp-json\/wp\/v2\/tags?post=20231"}],"curies":[{"name":"wp","href":"https:\/\/api.w.org\/{rel}","templated":true}]}}