{"id":20234,"date":"2024-07-31T17:37:26","date_gmt":"2024-07-31T20:37:26","guid":{"rendered":"https:\/\/dgospel.com.br\/portal\/?p=20234"},"modified":"2024-07-31T17:37:27","modified_gmt":"2024-07-31T20:37:27","slug":"italia-critica-admissao-de-duas-trans-no-boxe-feminino-olimpico","status":"publish","type":"post","link":"https:\/\/dgospel.com.br\/portal\/index.php\/2024\/07\/31\/italia-critica-admissao-de-duas-trans-no-boxe-feminino-olimpico\/","title":{"rendered":"It\u00e1lia critica admiss\u00e3o de duas trans no boxe feminino ol\u00edmpico"},"content":{"rendered":"\n<p>A ministra da Fam\u00edlia da It\u00e1lia, Eugenia Roccella, mostrou, nesta quarta-feira (31), uma \u201cgrande preocupa\u00e7\u00e3o\u201d com a admiss\u00e3o na competi\u00e7\u00e3o ol\u00edmpica de boxe feminino de \u201cdois transexuais, homens que se identificam como mulheres e que, por outro lado, nas \u00faltimas competi\u00e7\u00f5es haviam sido exclu\u00eddos\u201d.<\/p>\n\n\n\n<p>\u2013 \u00c9 surpreendente que n\u00e3o existam crit\u00e9rios internacionais certos, r\u00edgidos e uniformes, e que precisamente nos Jogos Ol\u00edmpicos, evento que simboliza a equidade esportiva, se possa suspeitar, e muito mais do que suspeitar, de uma competi\u00e7\u00e3o desigual e at\u00e9 potencialmente arriscada para um dos competidores \u2013 disse a primeira-ministra Giorgia Meloni.<\/p>\n\n\n\n<p>Pouco depois, o Comit\u00ea Ol\u00edmpico Italiano (CONI) anunciou que \u201cfoi ativado em conjunto com o Comit\u00ea Ol\u00edmpico Internacional (COI) para que os direitos de todos os atletas cumpram a Carta Ol\u00edmpica e os regulamentos sanit\u00e1rios\u201d, em um breve comunicado.<\/p>\n\n\n\n<p>Embora nem a ministra nem o CONI fa\u00e7am refer\u00eancias expl\u00edcitas, suas declara\u00e7\u00f5es acontecem um dia antes da italiana Angela Carini enfrentar a argelina transexual Imane Khelif na categoria 66kg do torneio ol\u00edmpico de boxe, que foi exclu\u00edda da final do Mundial por seus altos n\u00edveis de testosterona, mas acabou sendo admitida nos Jogos.<\/p>\n\n\n\n<p>Al\u00e9m de Khelif, a atleta trans Lin Yu-ting tamb\u00e9m foi autorizada a disputar na categoria feminina representando Taiwan.<\/p>\n\n\n\n<p>Eugenia Roccella insistiu que \u201cnas competi\u00e7\u00f5es esportivas os atletas masculinos e femininos sempre estiveram separados, com base em um crit\u00e9rio elementar de justi\u00e7a na competi\u00e7\u00e3o, bem como de igualdade de oportunidades\u201d.<\/p>\n\n\n\n<p>\u2013 A presen\u00e7a de pessoas transexuais em competi\u00e7\u00f5es esportivas implica, portanto, a necessidade de identificar e garantir requisitos de admiss\u00e3o rigorosos, certos e inequ\u00edvocos para uma competi\u00e7\u00e3o honesta e equilibrada. Especialmente quando se trata de esportes que envolvem combate corpo a corpo entre atletas, um confronto f\u00edsico direto que pode colocar em perigo e prejudicar a pessoa \u2013 acrescentou.<\/p>\n\n\n\n<p>*EFE<\/p>\n","protected":false},"excerpt":{"rendered":"<p>A ministra da Fam\u00edlia da It\u00e1lia, Eugenia Roccella, mostrou, nesta quarta-feira (31), uma \u201cgrande preocupa\u00e7\u00e3o\u201d com a admiss\u00e3o na competi\u00e7\u00e3o ol\u00edmpica de boxe feminino de \u201cdois transexuais, homens que se identificam como mulheres e que, por outro lado, nas \u00faltimas competi\u00e7\u00f5es haviam sido exclu\u00eddos\u201d. \u2013 \u00c9 surpreendente que n\u00e3o existam crit\u00e9rios internacionais certos, r\u00edgidos e [&hellip;]<\/p>\n","protected":false},"author":2,"featured_media":20235,"comment_status":"open","ping_status":"open","sticky":false,"template":"","format":"standard","meta":[],"categories":[12,16],"tags":[],"_links":{"self":[{"href":"https:\/\/dgospel.com.br\/portal\/index.php\/wp-json\/wp\/v2\/posts\/20234"}],"collection":[{"href":"https:\/\/dgospel.com.br\/portal\/index.php\/wp-json\/wp\/v2\/posts"}],"about":[{"href":"https:\/\/dgospel.com.br\/portal\/index.php\/wp-json\/wp\/v2\/types\/post"}],"author":[{"embeddable":true,"href":"https:\/\/dgospel.com.br\/portal\/index.php\/wp-json\/wp\/v2\/users\/2"}],"replies":[{"embeddable":true,"href":"https:\/\/dgospel.com.br\/portal\/index.php\/wp-json\/wp\/v2\/comments?post=20234"}],"version-history":[{"count":1,"href":"https:\/\/dgospel.com.br\/portal\/index.php\/wp-json\/wp\/v2\/posts\/20234\/revisions"}],"predecessor-version":[{"id":20236,"href":"https:\/\/dgospel.com.br\/portal\/index.php\/wp-json\/wp\/v2\/posts\/20234\/revisions\/20236"}],"wp:featuredmedia":[{"embeddable":true,"href":"https:\/\/dgospel.com.br\/portal\/index.php\/wp-json\/wp\/v2\/media\/20235"}],"wp:attachment":[{"href":"https:\/\/dgospel.com.br\/portal\/index.php\/wp-json\/wp\/v2\/media?parent=20234"}],"wp:term":[{"taxonomy":"category","embeddable":true,"href":"https:\/\/dgospel.com.br\/portal\/index.php\/wp-json\/wp\/v2\/categories?post=20234"},{"taxonomy":"post_tag","embeddable":true,"href":"https:\/\/dgospel.com.br\/portal\/index.php\/wp-json\/wp\/v2\/tags?post=20234"}],"curies":[{"name":"wp","href":"https:\/\/api.w.org\/{rel}","templated":true}]}}