{"id":20237,"date":"2024-07-31T17:39:34","date_gmt":"2024-07-31T20:39:34","guid":{"rendered":"https:\/\/dgospel.com.br\/portal\/?p=20237"},"modified":"2024-07-31T17:39:36","modified_gmt":"2024-07-31T20:39:36","slug":"maduro-ameaca-manifestantes-com-penas-ate-30-anos-de-prisao","status":"publish","type":"post","link":"https:\/\/dgospel.com.br\/portal\/index.php\/2024\/07\/31\/maduro-ameaca-manifestantes-com-penas-ate-30-anos-de-prisao\/","title":{"rendered":"Maduro amea\u00e7a manifestantes com penas at\u00e9 30 anos de pris\u00e3o"},"content":{"rendered":"\n<p>O ditador venezuelano&nbsp;<a href=\"http:\/\/pleno.news\/tag\/nicolas-maduro\" target=\"_blank\" rel=\"noreferrer noopener\">Nicol\u00e1s Maduro<\/a>&nbsp;amea\u00e7ou, nesta ter\u00e7a-feira (30), condenar com penas de 15 a 30 anos de pris\u00e3o os manifestantes que t\u00eam participado de atos contra o resultado das elei\u00e7\u00f5es na&nbsp;<a href=\"http:\/\/pleno.news\/tag\/venezuela\" target=\"_blank\" rel=\"noreferrer noopener\">Venezuela<\/a>, contestadas tanto pela oposi\u00e7\u00e3o a Maduro quanto por boa parte da comunidade internacional em raz\u00e3o de ind\u00edcios de fraude e do uso de artimanhas para desequilibrar o pleito.<\/p>\n\n\n\n<p>\u2013 E o peso da lei ser\u00e1 aplicado a eles. No m\u00ednimo, passar\u00e3o na cadeia, no m\u00ednimo, no m\u00ednimo, pela medida mais baixa, 15 anos por crimes. De 15 a 30 anos, me diz aqui o procurador-geral [Tarek William Saab]. E desta vez, n\u00e3o haver\u00e1 perd\u00e3o. O grande cora\u00e7\u00e3o do perd\u00e3o ficar\u00e1 para outra \u00e9poca. Agora, n\u00e3o \u2013 disse Maduro em um pronunciamento.<\/p>\n\n\n\n<p>Maduro ainda responsabilizou seu principal opositor no pleito do \u00faltimo final de semana, Edmundo Gonz\u00e1lez Urrutia, pelas mortes \u2013 estimadas em 11 por ONGs \u2013 ocorridas nos protestos contra o resultado das elei\u00e7\u00f5es presidenciais.<\/p>\n\n\n\n<p>\u2013 A responsabilidade \u00e9 sua, senhor Edmundo Gonzalez Urrutia, por tudo o que est\u00e1 acontecendo na Venezuela, pela viol\u00eancia criminosa, pelos delinquentes, pelos feridos, pelos falecidos, pela destrui\u00e7\u00e3o. O senhor ser\u00e1 o respons\u00e1vel direto, senhor Gonzalez Urrutia, e a senhora tamb\u00e9m, senhora Machado. E a justi\u00e7a vai chegar \u2013 declarou.<\/p>\n\n\n\n<p>Maduro afirmou que os protestos em v\u00e1rias regi\u00f5es do pa\u00eds e a viol\u00eancia desencadeada no contexto dessas manifesta\u00e7\u00f5es constituem \u201cum sistema de desestabiliza\u00e7\u00e3o maci\u00e7a da Venezuela\u201d que busca \u201catacar a paz da rep\u00fablica e de todos\u201d e ordenou que militares policiais \u201cdesenvolvam um plano de patrulha e prote\u00e7\u00e3o para ruas e avenidas\u201d.<\/p>\n\n\n\n<p>O ditador alegou que uma \u201cgangue armada at\u00e9 os dentes\u201d est\u00e1 por tr\u00e1s dos atos de vandalismo nos protestos, pelos quais 750 pessoas foram presas, de acordo com um balan\u00e7o preliminar do Minist\u00e9rio P\u00fablico venezuelano.<\/p>\n\n\n\n<p>*Com informa\u00e7\u00f5es EFE<\/p>\n","protected":false},"excerpt":{"rendered":"<p>O ditador venezuelano&nbsp;Nicol\u00e1s Maduro&nbsp;amea\u00e7ou, nesta ter\u00e7a-feira (30), condenar com penas de 15 a 30 anos de pris\u00e3o os manifestantes que t\u00eam participado de atos contra o resultado das elei\u00e7\u00f5es na&nbsp;Venezuela, contestadas tanto pela oposi\u00e7\u00e3o a Maduro quanto por boa parte da comunidade internacional em raz\u00e3o de ind\u00edcios de fraude e do uso de artimanhas para [&hellip;]<\/p>\n","protected":false},"author":2,"featured_media":20238,"comment_status":"open","ping_status":"open","sticky":false,"template":"","format":"standard","meta":[],"categories":[12,16],"tags":[],"_links":{"self":[{"href":"https:\/\/dgospel.com.br\/portal\/index.php\/wp-json\/wp\/v2\/posts\/20237"}],"collection":[{"href":"https:\/\/dgospel.com.br\/portal\/index.php\/wp-json\/wp\/v2\/posts"}],"about":[{"href":"https:\/\/dgospel.com.br\/portal\/index.php\/wp-json\/wp\/v2\/types\/post"}],"author":[{"embeddable":true,"href":"https:\/\/dgospel.com.br\/portal\/index.php\/wp-json\/wp\/v2\/users\/2"}],"replies":[{"embeddable":true,"href":"https:\/\/dgospel.com.br\/portal\/index.php\/wp-json\/wp\/v2\/comments?post=20237"}],"version-history":[{"count":1,"href":"https:\/\/dgospel.com.br\/portal\/index.php\/wp-json\/wp\/v2\/posts\/20237\/revisions"}],"predecessor-version":[{"id":20239,"href":"https:\/\/dgospel.com.br\/portal\/index.php\/wp-json\/wp\/v2\/posts\/20237\/revisions\/20239"}],"wp:featuredmedia":[{"embeddable":true,"href":"https:\/\/dgospel.com.br\/portal\/index.php\/wp-json\/wp\/v2\/media\/20238"}],"wp:attachment":[{"href":"https:\/\/dgospel.com.br\/portal\/index.php\/wp-json\/wp\/v2\/media?parent=20237"}],"wp:term":[{"taxonomy":"category","embeddable":true,"href":"https:\/\/dgospel.com.br\/portal\/index.php\/wp-json\/wp\/v2\/categories?post=20237"},{"taxonomy":"post_tag","embeddable":true,"href":"https:\/\/dgospel.com.br\/portal\/index.php\/wp-json\/wp\/v2\/tags?post=20237"}],"curies":[{"name":"wp","href":"https:\/\/api.w.org\/{rel}","templated":true}]}}