{"id":20240,"date":"2024-07-31T17:45:20","date_gmt":"2024-07-31T20:45:20","guid":{"rendered":"https:\/\/dgospel.com.br\/portal\/?p=20240"},"modified":"2024-07-31T17:45:21","modified_gmt":"2024-07-31T20:45:21","slug":"maduro-quer-criminalizar-o-odio-nas-redes-em-meio-as-criticas","status":"publish","type":"post","link":"https:\/\/dgospel.com.br\/portal\/index.php\/2024\/07\/31\/maduro-quer-criminalizar-o-odio-nas-redes-em-meio-as-criticas\/","title":{"rendered":"Maduro quer criminalizar o \u201c\u00f3dio\u201d nas redes em meio \u00e0s cr\u00edticas"},"content":{"rendered":"\n<p>Nesta ter\u00e7a-feira (30), o ditador Nicol\u00e1s Maduro se reuniu com o presidente da Assembleia Nacional (AN), o deputado Jorge Rodr\u00edguez, que ser\u00e1 o respons\u00e1vel por coordenar a Comiss\u00e3o Especial em Defesa da Opini\u00e3o P\u00fablica Venezuelana contra Ataques e Viol\u00eancia na M\u00eddia e nas Redes Sociais.<\/p>\n\n\n\n<p>O \u00f3rg\u00e3o foi criado diante das cr\u00edticas que o pol\u00edtico tem recebido por causa do resultado das elei\u00e7\u00f5es presidenciais que lhe deram a terceira vit\u00f3ria. A oposi\u00e7\u00e3o, por\u00e9m, diz ter provas de que Maduro perdeu o cargo ap\u00f3s Edmundo Gonz\u00e1lez Urrutia receber mais de 70% dos votos.<\/p>\n\n\n\n<p>A Comiss\u00e3o ter\u00e1 como papel principal defender a Venezuela e seu governo perante a opini\u00e3o p\u00fablica, como explicou o pr\u00f3prio ditador durante o encontro.<\/p>\n\n\n\n<p>\u2013 Nomeei Jorge Rodr\u00edguez como especialista em comunica\u00e7\u00e3o para que, com outros especialistas do pa\u00eds e da Assembleia Nacional, assuma todo o processo de defesa da opini\u00e3o p\u00fablica venezuelana contra ataques, veneno, \u00f3dio e viol\u00eancia nos meios de comunica\u00e7\u00e3o e nas redes sociais \u2013 disse Maduro.<\/p>\n\n\n\n<p>O ditador venezuelano tamb\u00e9m declarou que o Parlamento Nacional est\u00e1 trabalhando para criar e aprovar a Lei Org\u00e2nica para Crimes de \u00d3dio nas Redes Sociais, projeto que ir\u00e1 regulamentar as redes, assunto priorit\u00e1rio para o sucessor de Hugo Ch\u00e1vez.<\/p>\n\n\n\n<p>\u2013 S\u00e3o tarefas de primeiro n\u00edvel, estrat\u00e9gicas, mas urgentes. N\u00e3o porque sejam estrat\u00e9gicas, devem ser assumidas ao longo do tempo \u2013 declarou ele durante o encontro.<\/p>\n","protected":false},"excerpt":{"rendered":"<p>Nesta ter\u00e7a-feira (30), o ditador Nicol\u00e1s Maduro se reuniu com o presidente da Assembleia Nacional (AN), o deputado Jorge Rodr\u00edguez, que ser\u00e1 o respons\u00e1vel por coordenar a Comiss\u00e3o Especial em Defesa da Opini\u00e3o P\u00fablica Venezuelana contra Ataques e Viol\u00eancia na M\u00eddia e nas Redes Sociais. O \u00f3rg\u00e3o foi criado diante das cr\u00edticas que o pol\u00edtico [&hellip;]<\/p>\n","protected":false},"author":2,"featured_media":20241,"comment_status":"open","ping_status":"open","sticky":false,"template":"","format":"standard","meta":[],"categories":[12,16],"tags":[13],"_links":{"self":[{"href":"https:\/\/dgospel.com.br\/portal\/index.php\/wp-json\/wp\/v2\/posts\/20240"}],"collection":[{"href":"https:\/\/dgospel.com.br\/portal\/index.php\/wp-json\/wp\/v2\/posts"}],"about":[{"href":"https:\/\/dgospel.com.br\/portal\/index.php\/wp-json\/wp\/v2\/types\/post"}],"author":[{"embeddable":true,"href":"https:\/\/dgospel.com.br\/portal\/index.php\/wp-json\/wp\/v2\/users\/2"}],"replies":[{"embeddable":true,"href":"https:\/\/dgospel.com.br\/portal\/index.php\/wp-json\/wp\/v2\/comments?post=20240"}],"version-history":[{"count":1,"href":"https:\/\/dgospel.com.br\/portal\/index.php\/wp-json\/wp\/v2\/posts\/20240\/revisions"}],"predecessor-version":[{"id":20242,"href":"https:\/\/dgospel.com.br\/portal\/index.php\/wp-json\/wp\/v2\/posts\/20240\/revisions\/20242"}],"wp:featuredmedia":[{"embeddable":true,"href":"https:\/\/dgospel.com.br\/portal\/index.php\/wp-json\/wp\/v2\/media\/20241"}],"wp:attachment":[{"href":"https:\/\/dgospel.com.br\/portal\/index.php\/wp-json\/wp\/v2\/media?parent=20240"}],"wp:term":[{"taxonomy":"category","embeddable":true,"href":"https:\/\/dgospel.com.br\/portal\/index.php\/wp-json\/wp\/v2\/categories?post=20240"},{"taxonomy":"post_tag","embeddable":true,"href":"https:\/\/dgospel.com.br\/portal\/index.php\/wp-json\/wp\/v2\/tags?post=20240"}],"curies":[{"name":"wp","href":"https:\/\/api.w.org\/{rel}","templated":true}]}}