{"id":20253,"date":"2024-07-31T20:26:16","date_gmt":"2024-07-31T23:26:16","guid":{"rendered":"https:\/\/dgospel.com.br\/portal\/?p=20253"},"modified":"2024-07-31T20:26:17","modified_gmt":"2024-07-31T23:26:17","slug":"cristaos-oram-pela-intervencao-de-deus-na-venezuela-ele-nao-se-esqueceu-de-nos","status":"publish","type":"post","link":"https:\/\/dgospel.com.br\/portal\/index.php\/2024\/07\/31\/cristaos-oram-pela-intervencao-de-deus-na-venezuela-ele-nao-se-esqueceu-de-nos\/","title":{"rendered":"Crist\u00e3os oram pela interven\u00e7\u00e3o de Deus na Venezuela: \u2018Ele n\u00e3o se esqueceu de n\u00f3s\u2019"},"content":{"rendered":"\n<p>Em meio ao cen\u00e1rio pol\u00edtico na&nbsp;<a href=\"https:\/\/www.guiame.com.br\/busca?termo=Venezuela\"><strong>Venezuela<\/strong><\/a>, crist\u00e3os est\u00e3o se reunindo para orar pela reconcilia\u00e7\u00e3o e o bem-estar do pa\u00eds e a prote\u00e7\u00e3o de todos os seus habitantes. Reuni\u00f5es p\u00fablicas de ora\u00e7\u00e3o t\u00eam sido realizadas tanto na Venezuela, como em outros pa\u00edses.<\/p>\n\n\n\n<p>A Venezuela atravessa uma profunda crise econ\u00f4mica que causou altos n\u00edveis de pobreza em diversas fam\u00edlias. Segundo a ag\u00eancia de refugiados do pa\u00eds, cerca de 8 milh\u00f5es deixaram a na\u00e7\u00e3o nos \u00faltimos anos. Tamb\u00e9m h\u00e1 escassez de medicamentos e necessidades cr\u00edticas noutros servi\u00e7os p\u00fablicos.&nbsp;<\/p>\n\n\n\n<p>Ram\u00f3n Ferrer, ap\u00f3stolo e presidente da Confraria dos Ministros do Evangelho do estado de Lara (Cominela), afirmou que todos<a href=\"https:\/\/www.guiame.com.br\/gospel\/mundo-cristao\/confederacao-evangelica-da-venezuela-convoca-igrejas-orar-e-jejuar-pela-paz.html\"><strong>&nbsp;os venezuelanos s\u00e3o pessoas de f\u00e9<\/strong><\/a>&nbsp;e que acreditam na interven\u00e7\u00e3o divina e que Deus est\u00e1 no controle de tudo.<\/p>\n\n\n\n<p>\u201cDeus n\u00e3o se esqueceu da Venezuela, oramos segundo o que Jesus nos ensina em sua Palavra e que se fa\u00e7a a sua vontade na terra\u201d, disse Ferrer.<\/p>\n\n\n\n<p>Jualba Hidalgo, l\u00edder da Igreja Evang\u00e9lica, destacou que o motivo da ora\u00e7\u00e3o \u00e9 interceder por todas as necessidades que os venezuelanos t\u00eam, nos setores de sa\u00fade, educa\u00e7\u00e3o e trabalho.<\/p>\n\n\n\n<p><img src=\"https:\/\/thumbor.guiame.com.br\/unsafe\/smart\/https:\/\/media.guiame.com.br\/archives\/2024\/07\/30\/3836091849-.png\" alt=\"\" width=\"600\"><br><sup>Os crist\u00e3os esperam pela interven\u00e7\u00e3o de Deus no pa\u00eds. (Foto: Reprodu\u00e7\u00e3o\/YouTube\/Diario La Prensa &#8211; Premium)<\/sup><\/p>\n\n\n\n<p><strong>Cen\u00e1rio pol\u00edtico<\/strong><\/p>\n\n\n\n<p>Ap\u00f3s&nbsp;<a href=\"https:\/\/www.guiame.com.br\/busca?termo=Nicol%C3%A1s+Maduro\"><strong>Nicol\u00e1s Maduro<\/strong><\/a>&nbsp;ser declarado vencedor das elei\u00e7\u00f5es presidenciais, milhares de pessoas sa\u00edram \u00e0s ruas para protestar contra suposta fraude nos resultados.<\/p>\n\n\n\n<p>Segundo as autoridades do pa\u00eds, o l\u00edder do regime chavista venceu as elei\u00e7\u00f5es com 51,2% dos votos, contra 44,2% do candidato da oposi\u00e7\u00e3o, Edmundo Gonz\u00e1lez, e uma diferen\u00e7a de meio milh\u00e3o de votos.<\/p>\n\n\n\n<p>As pesquisas anteriores \u00e0 vota\u00e7\u00e3o previam uma derrota clara do presidente. Com isso, os cidad\u00e3os est\u00e3o exigindo \u201cliberdade\u201d e uma recontagem transparente.&nbsp;<\/p>\n\n\n\n<p>Segundo a ag\u00eancia de not\u00edcias Reuters,&nbsp;Maduro disse que sua reelei\u00e7\u00e3o \u00e9 um triunfo de paz e estabilidade. Al\u00e9m disso, destacou sua afirma\u00e7\u00e3o de campanha de que o sistema eleitoral da Venezuela \u00e9 transparente.<\/p>\n\n\n\n<p>Maria Corina Machado, l\u00edder da oposi\u00e7\u00e3o, informou que Edmundo Gonzalez obteve 70% dos votos e que diversas pesquisas de boca de urna independentes e contagens r\u00e1pidas mostraram sua vit\u00f3ria.<\/p>\n\n\n\n<p>O presidente do conselho eleitoral nacional (CNE), Elvis Amoroso, disse em uma declara\u00e7\u00e3o televisionada que cerca de 80% das urnas foram contadas, e acrescentou que os resultados foram atrasados \u200b\u200bdevido a uma &#8220;agress\u00e3o&#8221; contra o sistema de transmiss\u00e3o de dados eleitorais.<\/p>\n\n\n\n<p>O CNE pediu ao procurador-geral que investigue as &#8220;a\u00e7\u00f5es terroristas&#8221;, alegou Amoroso, acrescentando que a participa\u00e7\u00e3o foi de 59%.<\/p>\n\n\n\n<p>A oposi\u00e7\u00e3o alega que o CNE deveria ser um \u00f3rg\u00e3o independente, mas seus atos s\u00e3o um bra\u00e7o do governo. Eles afirmam que t\u00eam c\u00f3pias de cerca de 40% dos registros de vota\u00e7\u00e3o.&nbsp;<\/p>\n\n\n\n<p>De acordo com a Reuters, a principal autoridade da oposi\u00e7\u00e3o que deveria testemunhar a contagem geral nacional n\u00e3o foi autorizada, e houve v\u00e1rias se\u00e7\u00f5es eleitorais onde observadores da oposi\u00e7\u00e3o n\u00e3o foram autorizados a assistir.<\/p>\n\n\n\n<p>Gonzalo Himiob, vice-presidente da organiza\u00e7\u00e3o de direitos humanos Foro Penal, contou que desde a \u00faltima sexta-feira (26), 46 pessoas foram detidas arbitrariamente em conex\u00e3o com as elei\u00e7\u00f5es e pelo menos 23 continuam detidas.<\/p>\n\n\n\n<p>Enquanto isso, migrantes em todo o mundo relataram dificuldades para se registrar e apenas uma pequena porcentagem da grande di\u00e1spora venezuelana estava registrada para votar.<\/p>\n\n\n\n<p><img src=\"https:\/\/thumbor.guiame.com.br\/unsafe\/smart\/https:\/\/media.guiame.com.br\/archives\/2024\/07\/30\/1630629656-.png\" alt=\"\" width=\"600\"><br><sup>Igreja na Venezuela. (Foto: Reprodu\u00e7\u00e3o\/YouTube\/Diario La Prensa &#8211; Premium)<\/sup><\/p>\n\n\n\n<p><strong>A Igreja no pa\u00eds<\/strong><\/p>\n\n\n\n<p>Num pa\u00eds com uma elevada percentagem de crist\u00e3os, nos \u00faltimos anos, Maduro demonstrou um&nbsp;<a href=\"https:\/\/www.guiame.com.br\/gospel\/noticias\/maduro-patrocina-reformas-em-igrejas-evangelicas-de-olho-nas-eleicoes-da-venezuela.html\"><strong>suposto apoio de pastores evang\u00e9licos&nbsp;<\/strong><\/a>\u00e0 sua lideran\u00e7a.<\/p>\n\n\n\n<p>No entanto, entidades como o Conselho Evang\u00e9lico da Venezuela pediram que \u201ca f\u00e9 n\u00e3o seja politizada\u201d. Segundo o Protestante Digital, pastores no pa\u00eds e no ex\u00edlio denunciaram em muitas ocasi\u00f5es a tentativa do governo de usar l\u00edderes religiosos com ideias semelhantes para fortalecer o regime, com ajuda financeira atrav\u00e9s de projetos sociais.&nbsp;<\/p>\n\n\n\n<p>A maioria dos evang\u00e9licos que deixaram o pa\u00eds nos \u00faltimos anos e foram para Col\u00f4mbia, Espanha, Brasil ou Estados Unidos afirmam que oram pela queda do regime. Muitos manifestaram esse desejo ap\u00f3s as elei\u00e7\u00f5es de 2019, que tamb\u00e9m gerou uma onda de protestos.<\/p>\n\n\n\n<p>A Constitui\u00e7\u00e3o da Venezuela garante a liberdade de religi\u00e3o e determina que todos t\u00eam o direito de expressar suas cren\u00e7as, desde que sua pr\u00e1tica n\u00e3o viole a moralidade p\u00fablica, a dec\u00eancia ou a ordem p\u00fablica.<\/p>\n\n\n\n<p>Recentemente, a AP News informou que grupos religiosos alegam que costumam desfrutar de liberdade de religi\u00e3o ou cren\u00e7a, desde que n\u00e3o critiquem figuras ou pol\u00edticas alinhadas a Maduro.&nbsp;<\/p>\n\n\n\n<p>Representantes da confer\u00eancia de bispos cat\u00f3licos da Venezuela e do Conselho Evang\u00e9lico da Venezuela dizem que os apoiadores de Maduro continuam a assediar verbalmente l\u00edderes e membros de suas comunidades religiosas por chamarem a aten\u00e7\u00e3o para a crise humanit\u00e1ria do pa\u00eds e outras cr\u00edticas a Maduro.<\/p>\n","protected":false},"excerpt":{"rendered":"<p>Em meio ao cen\u00e1rio pol\u00edtico na&nbsp;Venezuela, crist\u00e3os est\u00e3o se reunindo para orar pela reconcilia\u00e7\u00e3o e o bem-estar do pa\u00eds e a prote\u00e7\u00e3o de todos os seus habitantes. Reuni\u00f5es p\u00fablicas de ora\u00e7\u00e3o t\u00eam sido realizadas tanto na Venezuela, como em outros pa\u00edses. A Venezuela atravessa uma profunda crise econ\u00f4mica que causou altos n\u00edveis de pobreza em [&hellip;]<\/p>\n","protected":false},"author":2,"featured_media":20254,"comment_status":"open","ping_status":"open","sticky":false,"template":"","format":"standard","meta":[],"categories":[12,5],"tags":[],"_links":{"self":[{"href":"https:\/\/dgospel.com.br\/portal\/index.php\/wp-json\/wp\/v2\/posts\/20253"}],"collection":[{"href":"https:\/\/dgospel.com.br\/portal\/index.php\/wp-json\/wp\/v2\/posts"}],"about":[{"href":"https:\/\/dgospel.com.br\/portal\/index.php\/wp-json\/wp\/v2\/types\/post"}],"author":[{"embeddable":true,"href":"https:\/\/dgospel.com.br\/portal\/index.php\/wp-json\/wp\/v2\/users\/2"}],"replies":[{"embeddable":true,"href":"https:\/\/dgospel.com.br\/portal\/index.php\/wp-json\/wp\/v2\/comments?post=20253"}],"version-history":[{"count":1,"href":"https:\/\/dgospel.com.br\/portal\/index.php\/wp-json\/wp\/v2\/posts\/20253\/revisions"}],"predecessor-version":[{"id":20255,"href":"https:\/\/dgospel.com.br\/portal\/index.php\/wp-json\/wp\/v2\/posts\/20253\/revisions\/20255"}],"wp:featuredmedia":[{"embeddable":true,"href":"https:\/\/dgospel.com.br\/portal\/index.php\/wp-json\/wp\/v2\/media\/20254"}],"wp:attachment":[{"href":"https:\/\/dgospel.com.br\/portal\/index.php\/wp-json\/wp\/v2\/media?parent=20253"}],"wp:term":[{"taxonomy":"category","embeddable":true,"href":"https:\/\/dgospel.com.br\/portal\/index.php\/wp-json\/wp\/v2\/categories?post=20253"},{"taxonomy":"post_tag","embeddable":true,"href":"https:\/\/dgospel.com.br\/portal\/index.php\/wp-json\/wp\/v2\/tags?post=20253"}],"curies":[{"name":"wp","href":"https:\/\/api.w.org\/{rel}","templated":true}]}}