{"id":20256,"date":"2024-07-31T20:29:45","date_gmt":"2024-07-31T23:29:45","guid":{"rendered":"https:\/\/dgospel.com.br\/portal\/?p=20256"},"modified":"2024-07-31T20:29:46","modified_gmt":"2024-07-31T23:29:46","slug":"haddad-governo-avalia-tributar-lucro-de-multinacionais","status":"publish","type":"post","link":"https:\/\/dgospel.com.br\/portal\/index.php\/2024\/07\/31\/haddad-governo-avalia-tributar-lucro-de-multinacionais\/","title":{"rendered":"Haddad: Governo avalia tributar lucro de multinacionais"},"content":{"rendered":"\n<p>O ministro da Fazenda, Fernando Haddad, disse que o governo federal avalia enviar ao Congresso uma proposta de tributa\u00e7\u00e3o sobre o lucro de empresas multinacionais que atuam no Brasil. As declara\u00e7\u00f5es foram dadas na \u00faltima sexta-feira (26).<\/p>\n\n\n\n<p>Haddad estava no Rio de Janeiro ap\u00f3s participar de reuni\u00f5es com ministros de finan\u00e7as de pa\u00edses que participam do G20, grupo das 20 maiores economias do mundo.<\/p>\n\n\n\n<p>A proposta tamb\u00e9m \u00e9 debatida na Organiza\u00e7\u00e3o para a Coopera\u00e7\u00e3o e Desenvolvimento Econ\u00f4mico (OCDE), mas ainda n\u00e3o h\u00e1 consenso. As informa\u00e7\u00f5es s\u00e3o do G1.<\/p>\n\n\n\n<p>\u2013 No Pilar 1, da OCDE, que trata da taxa\u00e7\u00e3o das empresas multinacionais, um pa\u00eds, apenas um, \u00e9 obst\u00e1culo ao consenso. Isso n\u00e3o impede os pa\u00edses de tomar, individualmente, provid\u00eancias dom\u00e9sticas, do ponto de vista da sua soberania tribut\u00e1ria, pra ir corrigindo distor\u00e7\u00f5es \u2013 comentou Haddad.<\/p>\n\n\n\n<p>E acrescentou:<\/p>\n\n\n\n<p>\u2013 O Brasil est\u00e1 estudando essa mat\u00e9ria, a menos que haja uma revers\u00e3o r\u00e1pida do quadro [na OCDE] e n\u00f3s possamos assinar essa conven\u00e7\u00e3o imediatamente. Mas, caso contr\u00e1rio, os pa\u00edses v\u00e3o tomar decis\u00f5es isoladamente (\u2026) para proteger suas economias e garantir a sua justa participa\u00e7\u00e3o nos tributos pagos por multinacionais.<\/p>\n","protected":false},"excerpt":{"rendered":"<p>O ministro da Fazenda, Fernando Haddad, disse que o governo federal avalia enviar ao Congresso uma proposta de tributa\u00e7\u00e3o sobre o lucro de empresas multinacionais que atuam no Brasil. As declara\u00e7\u00f5es foram dadas na \u00faltima sexta-feira (26). Haddad estava no Rio de Janeiro ap\u00f3s participar de reuni\u00f5es com ministros de finan\u00e7as de pa\u00edses que participam [&hellip;]<\/p>\n","protected":false},"author":2,"featured_media":20257,"comment_status":"open","ping_status":"open","sticky":false,"template":"","format":"standard","meta":[],"categories":[10],"tags":[],"_links":{"self":[{"href":"https:\/\/dgospel.com.br\/portal\/index.php\/wp-json\/wp\/v2\/posts\/20256"}],"collection":[{"href":"https:\/\/dgospel.com.br\/portal\/index.php\/wp-json\/wp\/v2\/posts"}],"about":[{"href":"https:\/\/dgospel.com.br\/portal\/index.php\/wp-json\/wp\/v2\/types\/post"}],"author":[{"embeddable":true,"href":"https:\/\/dgospel.com.br\/portal\/index.php\/wp-json\/wp\/v2\/users\/2"}],"replies":[{"embeddable":true,"href":"https:\/\/dgospel.com.br\/portal\/index.php\/wp-json\/wp\/v2\/comments?post=20256"}],"version-history":[{"count":1,"href":"https:\/\/dgospel.com.br\/portal\/index.php\/wp-json\/wp\/v2\/posts\/20256\/revisions"}],"predecessor-version":[{"id":20258,"href":"https:\/\/dgospel.com.br\/portal\/index.php\/wp-json\/wp\/v2\/posts\/20256\/revisions\/20258"}],"wp:featuredmedia":[{"embeddable":true,"href":"https:\/\/dgospel.com.br\/portal\/index.php\/wp-json\/wp\/v2\/media\/20257"}],"wp:attachment":[{"href":"https:\/\/dgospel.com.br\/portal\/index.php\/wp-json\/wp\/v2\/media?parent=20256"}],"wp:term":[{"taxonomy":"category","embeddable":true,"href":"https:\/\/dgospel.com.br\/portal\/index.php\/wp-json\/wp\/v2\/categories?post=20256"},{"taxonomy":"post_tag","embeddable":true,"href":"https:\/\/dgospel.com.br\/portal\/index.php\/wp-json\/wp\/v2\/tags?post=20256"}],"curies":[{"name":"wp","href":"https:\/\/api.w.org\/{rel}","templated":true}]}}