{"id":20259,"date":"2024-08-01T12:04:36","date_gmt":"2024-08-01T15:04:36","guid":{"rendered":"https:\/\/dgospel.com.br\/portal\/?p=20259"},"modified":"2024-08-01T12:04:36","modified_gmt":"2024-08-01T15:04:36","slug":"mais-de-mil-ja-foram-presos-em-protestos-na-venezuela","status":"publish","type":"post","link":"https:\/\/dgospel.com.br\/portal\/index.php\/2024\/08\/01\/mais-de-mil-ja-foram-presos-em-protestos-na-venezuela\/","title":{"rendered":"Mais de mil j\u00e1 foram presos em protestos na Venezuela"},"content":{"rendered":"\n<p>O Minist\u00e9rio P\u00fablico da Venezuela, comandado pelo chavista Tarek William Saab, atualizou nesta quarta-feira (31), o n\u00famero de presos para 1.062 desde o in\u00edcio das manifesta\u00e7\u00f5es contra os resultados eleitorais de domingo. O procurador, por\u00e9m, n\u00e3o divulgou cifras de mortos, o que, segundo a organiza\u00e7\u00e3o Foro Penal, j\u00e1 est\u00e1 em 11.<\/p>\n\n\n\n<p>\u2013 Quero ver organiza\u00e7\u00f5es internacionais dizerem que estes s\u00e3o prisioneiros conscientes, bandidos criminosos (\u2026) depois s\u00e3o detidos, chorando, pedindo miseric\u00f3rdia, mas n\u00e3o haver\u00e1 miseric\u00f3rdia, n\u00e3o haver\u00e1 Justi\u00e7a. Tem que haver Justi\u00e7a por todos os danos que cometeram \u2013 disse Saab durante uma coletiva de imprensa.<\/p>\n\n\n\n<p>O procurador acrescentou que libertar\u00e1 aqueles que conseguirem comprovar que n\u00e3o estavam envolvidos no que chamou de atos de viol\u00eancia durante os protestos. Mas \u201caqueles que participaram ser\u00e3o privados da sua liberdade durante muitos anos\u201d.<\/p>\n\n\n\n<p>Os n\u00fameros oficiais s\u00e3o maiores dos que os divulgado por organiza\u00e7\u00f5es independentes, como o Foro Penal, que indica 429 pris\u00f5es nas \u00faltimas 48 horas. O chavismo alega, sem provas, estar sendo v\u00edtima de um golpe de Estado, enquanto a oposi\u00e7\u00e3o acusa a ditadura de estar fraudando os resultados eleitorais ao anunciar a vit\u00f3ria de Nicol\u00e1s Maduro por 51% sobre o candidato Edmundo Gonz\u00e1lez Urrutia.<\/p>\n\n\n\n<p>Desde segunda, os venezuelanos t\u00eam ido \u00e0s ruas para protestar contra os resultados, o que gerou resposta das for\u00e7as de seguran\u00e7a com pris\u00f5es, mortes e centenas de feridos.<\/p>\n\n\n\n<p>O Minist\u00e9rio P\u00fablico n\u00e3o informou n\u00fameros de mortos, apenas citou um militar na \u00faltima ter\u00e7a (30). Mas, de acordo com o Foro Penal, ao menos 11 pessoas j\u00e1 morreram em diferentes partes de Caracas e Barinas.<\/p>\n\n\n\n<p>A l\u00edder opositora, Mar\u00eda Corina Machado informou cifras diferentes sem precisar a fonte.<\/p>\n\n\n\n<p>\u2013 Alerto ao mundo sobre a escalada cruel e repressiva do regime, que at\u00e9 agora conta com mais de 177 pris\u00f5es arbitr\u00e1rias, 11 desaparecimentos for\u00e7ados e pelo menos 16 assassinatos nas \u00faltimas 48 horas \u2013 escreveu Machado no X.<\/p>\n\n\n\n<p>Entre os desaparecidos est\u00e1 um dos l\u00edderes da oposi\u00e7\u00e3o, Freddy Superlano, do partido Voluntad Popular, que foi levado por agentes do regime na ter\u00e7a-feira, segundo a oposi\u00e7\u00e3o.<\/p>\n\n\n\n<p>\u2013 A esta hora ainda n\u00e3o sabemos o estado de sa\u00fade do Freddy, por isso exigimos acesso imediato ao regime para comprovar sua integridade f\u00edsica \u2013 escreveu o partido nas redes sociais.<\/p>\n\n\n\n<p>A oposi\u00e7\u00e3o denuncia uma escalada repressiva contra seus membros, principalmente aqueles asilados na embaixada Argentina em Caracas, onde a oposi\u00e7\u00e3o denuncia um cerco das for\u00e7as de seguran\u00e7a.<\/p>\n\n\n\n<p><strong>Maduro promete entregar 100% das atas<br><\/strong>Tamb\u00e9m nesta quarta, Maduro prometeu entregar \u201c100% dos documentos\u201d da contestada vota\u00e7\u00e3o que resultou em sua reelei\u00e7\u00e3o<\/p>\n\n\n\n<p>\u2013 Digo, como l\u00edder pol\u00edtico, filho do Comandante [Hugo] Ch\u00e1vez, que o Grande Polo Patri\u00f3tico e o Partido Socialista Unido da Venezuela [PSUV] est\u00e3o prontos para apresentar 100% das atas. Muito em breve ser\u00e3o conhecidas, porque Deus est\u00e1 conosco e as provas j\u00e1 apareceram \u2013 afirmou Maduro nesta quarta a jornalistas na sede do Tribunal Supremo de Justi\u00e7a (TSJ).<\/p>\n\n\n\n<p>E completou.<\/p>\n\n\n\n<p>\u2013 Estou disposto a ser convocado, interrogado, em todas as suas partes, investigado pela sala eleitoral como candidato presidencial vencedor das elei\u00e7\u00f5es de domingo \u2013 acrescentou.<\/p>\n\n\n\n<p>Na ocasi\u00e3o, o ditador pediu \u00e0 Suprema Corte que conduzisse uma auditoria da elei\u00e7\u00e3o presidencial.<\/p>\n\n\n\n<p>\u2013 Eu me jogo diante da Justi\u00e7a \u2013 disse ele a rep\u00f3rteres do lado de fora da sede da Suprema Corte em Caracas, acrescentando que est\u00e1 \u201cdisposto a ser convocado, interrogado, investigado\u201d.<\/p>\n\n\n\n<p>Esta \u00e9 a primeira concess\u00e3o de Maduro \u00e0s demandas por mais transpar\u00eancia sobre a elei\u00e7\u00e3o. No entanto, a Suprema Corte est\u00e1 intimamente alinhada com seu governo; os ju\u00edzes da corte s\u00e3o propostos por autoridades federais e s\u00e3o ratificados pela Assembleia Nacional, que \u00e9 dominada por simpatizantes de Maduro<\/p>\n\n\n\n<p>Maduro insistiu aos rep\u00f3rteres que houve uma conspira\u00e7\u00e3o contra seu governo e que o sistema eleitoral foi hackeado, mas n\u00e3o deu detalhes nem apresentou nenhuma evid\u00eancia.<\/p>\n\n\n\n<p>A press\u00e3o vem aumentando contra o presidente desde a elei\u00e7\u00e3o. O Conselho Nacional Eleitoral, que \u00e9 leal ao seu Partido Socialista Unido da Venezuela, ainda n\u00e3o divulgou nenhum resultado impresso dos centros de vota\u00e7\u00e3o, como fez em elei\u00e7\u00f5es passadas.<\/p>\n\n\n\n<p>*AE<\/p>\n","protected":false},"excerpt":{"rendered":"<p>O Minist\u00e9rio P\u00fablico da Venezuela, comandado pelo chavista Tarek William Saab, atualizou nesta quarta-feira (31), o n\u00famero de presos para 1.062 desde o in\u00edcio das manifesta\u00e7\u00f5es contra os resultados eleitorais de domingo. O procurador, por\u00e9m, n\u00e3o divulgou cifras de mortos, o que, segundo a organiza\u00e7\u00e3o Foro Penal, j\u00e1 est\u00e1 em 11. \u2013 Quero ver organiza\u00e7\u00f5es [&hellip;]<\/p>\n","protected":false},"author":2,"featured_media":20260,"comment_status":"open","ping_status":"open","sticky":false,"template":"","format":"standard","meta":[],"categories":[12,16],"tags":[],"_links":{"self":[{"href":"https:\/\/dgospel.com.br\/portal\/index.php\/wp-json\/wp\/v2\/posts\/20259"}],"collection":[{"href":"https:\/\/dgospel.com.br\/portal\/index.php\/wp-json\/wp\/v2\/posts"}],"about":[{"href":"https:\/\/dgospel.com.br\/portal\/index.php\/wp-json\/wp\/v2\/types\/post"}],"author":[{"embeddable":true,"href":"https:\/\/dgospel.com.br\/portal\/index.php\/wp-json\/wp\/v2\/users\/2"}],"replies":[{"embeddable":true,"href":"https:\/\/dgospel.com.br\/portal\/index.php\/wp-json\/wp\/v2\/comments?post=20259"}],"version-history":[{"count":1,"href":"https:\/\/dgospel.com.br\/portal\/index.php\/wp-json\/wp\/v2\/posts\/20259\/revisions"}],"predecessor-version":[{"id":20261,"href":"https:\/\/dgospel.com.br\/portal\/index.php\/wp-json\/wp\/v2\/posts\/20259\/revisions\/20261"}],"wp:featuredmedia":[{"embeddable":true,"href":"https:\/\/dgospel.com.br\/portal\/index.php\/wp-json\/wp\/v2\/media\/20260"}],"wp:attachment":[{"href":"https:\/\/dgospel.com.br\/portal\/index.php\/wp-json\/wp\/v2\/media?parent=20259"}],"wp:term":[{"taxonomy":"category","embeddable":true,"href":"https:\/\/dgospel.com.br\/portal\/index.php\/wp-json\/wp\/v2\/categories?post=20259"},{"taxonomy":"post_tag","embeddable":true,"href":"https:\/\/dgospel.com.br\/portal\/index.php\/wp-json\/wp\/v2\/tags?post=20259"}],"curies":[{"name":"wp","href":"https:\/\/api.w.org\/{rel}","templated":true}]}}