{"id":2026,"date":"2018-12-11T14:56:06","date_gmt":"2018-12-11T16:56:06","guid":{"rendered":"http:\/\/dgospel.com.br\/portal\/?p=2026"},"modified":"2018-12-11T14:56:06","modified_gmt":"2018-12-11T16:56:06","slug":"antes-da-diplomacao-no-tse-jair-bolsonaro-faz-oracao-ao-lado-de-pastor","status":"publish","type":"post","link":"https:\/\/dgospel.com.br\/portal\/index.php\/2018\/12\/11\/antes-da-diplomacao-no-tse-jair-bolsonaro-faz-oracao-ao-lado-de-pastor\/","title":{"rendered":"Antes da diploma\u00e7\u00e3o no TSE Jair Bolsonaro faz ora\u00e7\u00e3o ao lado de pastor"},"content":{"rendered":"<div id=\"fb-root\"><\/div>\n<p><script async=\"1\" defer=\"1\" crossorigin=\"anonymous\" src=\"https:\/\/connect.facebook.net\/nl_NL\/sdk.js#xfbml=1&amp;version=v7.0\" nonce=\"QQRa4rjH\"><\/script><\/p>\n<div class=\"fb-video\" data-href=\"https:\/\/www.facebook.com\/prjosuevalandrojr\/videos\/555849558176309\/\" data-width=\"630\">\n<blockquote cite=\"https:\/\/www.facebook.com\/prjosuevalandrojr\/videos\/555849558176309\/\" class=\"fb-xfbml-parse-ignore\"><p><a href=\"https:\/\/www.facebook.com\/prjosuevalandrojr\/videos\/555849558176309\/\">Ora\u00e7\u00e3o realizada por Josue Valandro Oliveira Jr. na diploma\u00e7\u00e3o de Jair Bolsonaro como Presidente<\/a><\/p>\n<p>Um pedacinho do momento hist\u00f3rico de ora\u00e7\u00e3o pela diploma\u00e7\u00e3o do presidente &#064;jairmessiasbolsonaro . Uma na\u00e7\u00e3o que ora, prevalecer\u00e1! Deus aben\u00e7oe nosso presidente! Deus aben\u00e7oe nossa p\u00e1tria! Deus aben\u00e7oe cada fam\u00edlia brasileira! Am\u00e9m!Ora\u00e7\u00e3o realizada por Josue Valandro Oliveira Jr. na diploma\u00e7\u00e3o de Jair Bolsonaro como Presidente. Assista ao v\u00eddeo completo em www.youtube.com\/prjosuevalandrojr. Inscreva-se e marque o sino para saber sempre que tivermos novos v\u00eddeos.Instagram.com\/josuevalandrojrfacebook.com\/prjosuevalandrojr_______#ibatitude #josuevalandrojr #compartilheatitude #jairbolsonaro #presidente #oracao #diploma\u00e7\u00e3o #rj<\/p>\n<p>Geplaatst door <a href=\"https:\/\/www.facebook.com\/prjosuevalandrojr\/\">Josue Valandro Oliveira Jr.<\/a> op Maandag 10 december 2018<\/p><\/blockquote>\n<\/div>\n<p>Na \u00faltima segunda-feira (10), antes de participar da cerim\u00f4nia de diploma\u00e7\u00e3o no TSE,\u00a0<strong><a href=\"https:\/\/guiame.com.br\/gospel\/noticias\/jair-bolsonaro-e-eleito-presidente-do-brasil-no-segundo-turno.html\">o presidente eleito Jair Bolsonaro<\/a><\/strong>\u00a0fez algo que est\u00e1 se tornando frequente em sua equipe de governo: realizou um momento de ora\u00e7\u00f5es.<\/p>\n<p>A pedido do pr\u00f3prio presidente eleito, o pastor Josu\u00e9 Valandro Jr orou com ele em uma sala reservada aos ministros Tribunal Superior Eleitoral, antes da solenidade. Tamb\u00e9m participaram do momento, os presidentes da C\u00e2mara, Rodrigo Maia, e do Senado, Eun\u00edcio Oliveira e a ministra Rosa Weber.<\/p>\n<p>&#8220;Te suplico que a escolha do povo seja agraciada com toda manifesta\u00e7\u00e3o de amor e de bondade do c\u00e9u. Que haja sabedoria sobre o presidente eleito, Jair Messias Bolsonaro, sobre toda a equipe de ministros, sobre cada escal\u00e3o de governo&#8221;, orou o pastor.<\/p>\n<p>Josu\u00e9 Valandro \u00e9 pastor da Igreja Batista Atitude, na Barra da Tijuca, a qual Jair Bolsonaro e sua esposa, Michelle t\u00eam frequentado.<\/p>\n<p>A ora\u00e7\u00e3o tem feito parte do cotidiano de boa parte da equipe de\u00a0<strong><a href=\"https:\/\/guiame.com.br\/gospel\/noticias\/bolsonaro-diz-que-ira-seguir-os-ensinamentos-de-deus-em-seu-governo.html\">Bolsonaro<\/a><\/strong>, considerando que ele j\u00e1 recebeu pastores de diversas denomina\u00e7\u00f5es em sua casa e tamb\u00e9m j\u00e1 foi convidado a subir ao p\u00falpito de diversas denomina\u00e7\u00f5es para receber ora\u00e7\u00f5es de seus respectivos l\u00edderes.<\/p>\n<p>O momento de contri\u00e7\u00e3o tamb\u00e9m marcou a celebra\u00e7\u00e3o da vit\u00f3ria do presidente eleito, logo ap\u00f3s o resultado das urnas ser divulgado. A ora\u00e7\u00e3o feita pelo senador Magno Malta foi transmitida ao vivo pela rede Globo.<\/p>\n<p>O presidente eleito tamb\u00e9m est\u00e1 contando com o apoio de evang\u00e9licos em seu governo, \u00e0 medida que avalia e considera certos l\u00edderes competentes para assumir minist\u00e9rios, por exemplo. Em um desses casos, ele convidou a pastora Damares Alves, da Igreja Quadrangular, como futura ministra da Mulher, Fam\u00edlia e Direitos Humanos. Em outro caso, um professor formado em Teologia e Filosofia assumiu o Minist\u00e9rio da Educa\u00e7\u00e3o.<\/p>\n<p>FONTE: GUIAME, COM INFORMA\u00c7\u00d5ES D&#8217;O GLOBO<\/p>\n","protected":false},"excerpt":{"rendered":"<p>Ora\u00e7\u00e3o realizada por Josue Valandro Oliveira Jr. na diploma\u00e7\u00e3o de Jair Bolsonaro como Presidente Um pedacinho do momento hist\u00f3rico de ora\u00e7\u00e3o pela diploma\u00e7\u00e3o do presidente &#064;jairmessiasbolsonaro . Uma na\u00e7\u00e3o que ora, prevalecer\u00e1! Deus aben\u00e7oe nosso presidente! Deus aben\u00e7oe nossa p\u00e1tria! Deus aben\u00e7oe cada fam\u00edlia brasileira! Am\u00e9m!Ora\u00e7\u00e3o realizada por Josue Valandro Oliveira Jr. na diploma\u00e7\u00e3o de [&hellip;]<\/p>\n","protected":false},"author":2,"featured_media":2027,"comment_status":"open","ping_status":"open","sticky":false,"template":"","format":"standard","meta":[],"categories":[2,6,4],"tags":[],"_links":{"self":[{"href":"https:\/\/dgospel.com.br\/portal\/index.php\/wp-json\/wp\/v2\/posts\/2026"}],"collection":[{"href":"https:\/\/dgospel.com.br\/portal\/index.php\/wp-json\/wp\/v2\/posts"}],"about":[{"href":"https:\/\/dgospel.com.br\/portal\/index.php\/wp-json\/wp\/v2\/types\/post"}],"author":[{"embeddable":true,"href":"https:\/\/dgospel.com.br\/portal\/index.php\/wp-json\/wp\/v2\/users\/2"}],"replies":[{"embeddable":true,"href":"https:\/\/dgospel.com.br\/portal\/index.php\/wp-json\/wp\/v2\/comments?post=2026"}],"version-history":[{"count":1,"href":"https:\/\/dgospel.com.br\/portal\/index.php\/wp-json\/wp\/v2\/posts\/2026\/revisions"}],"predecessor-version":[{"id":2028,"href":"https:\/\/dgospel.com.br\/portal\/index.php\/wp-json\/wp\/v2\/posts\/2026\/revisions\/2028"}],"wp:featuredmedia":[{"embeddable":true,"href":"https:\/\/dgospel.com.br\/portal\/index.php\/wp-json\/wp\/v2\/media\/2027"}],"wp:attachment":[{"href":"https:\/\/dgospel.com.br\/portal\/index.php\/wp-json\/wp\/v2\/media?parent=2026"}],"wp:term":[{"taxonomy":"category","embeddable":true,"href":"https:\/\/dgospel.com.br\/portal\/index.php\/wp-json\/wp\/v2\/categories?post=2026"},{"taxonomy":"post_tag","embeddable":true,"href":"https:\/\/dgospel.com.br\/portal\/index.php\/wp-json\/wp\/v2\/tags?post=2026"}],"curies":[{"name":"wp","href":"https:\/\/api.w.org\/{rel}","templated":true}]}}