{"id":20268,"date":"2024-08-01T12:14:06","date_gmt":"2024-08-01T15:14:06","guid":{"rendered":"https:\/\/dgospel.com.br\/portal\/?p=20268"},"modified":"2024-08-01T12:14:07","modified_gmt":"2024-08-01T15:14:07","slug":"amazonas-registra-recorde-historico-de-focos-de-incendio-em-julho-segundo-inpe","status":"publish","type":"post","link":"https:\/\/dgospel.com.br\/portal\/index.php\/2024\/08\/01\/amazonas-registra-recorde-historico-de-focos-de-incendio-em-julho-segundo-inpe\/","title":{"rendered":"Amazonas registra recorde hist\u00f3rico de focos de inc\u00eandio em julho, segundo INPE"},"content":{"rendered":"\n<p>O estado do Amazonas alcan\u00e7ou em julho deste ano o maior n\u00famero de focos de inc\u00eandio j\u00e1 registrado para o m\u00eas desde o in\u00edcio do monitoramento pelo Instituto Nacional de Pesquisas Espaciais (INPE) em 1998. Foram detectados impressionantes 4.072 focos de queimadas, superando o recorde anterior de 2.119 focos em julho de 2020. Este valor \u00e9 cinco vezes maior que a m\u00e9dia hist\u00f3rica para o m\u00eas, que \u00e9 de 757 focos, segundo o Programa Queimadas do INPE.<\/p>\n\n\n\n<p>Na \u00faltima ter\u00e7a-feira (30), o Amazonas registrou um pico alarmante de 783 focos de inc\u00eandio em um \u00fanico dia, um n\u00famero que n\u00e3o apenas excede a m\u00e9dia mensal, mas tamb\u00e9m supera o total de inc\u00eandios de outros meses deste ano. Para compara\u00e7\u00e3o, o pico de julho do ano passado foi de 480 focos, registrado no dia 29.<\/p>\n\n\n\n<p>At\u00e9 o fim de julho deste ano, o estado j\u00e1 contabilizava mais que o dobro de focos de inc\u00eandio em rela\u00e7\u00e3o ao mesmo per\u00edodo do ano anterior. Em 31 de julho, o Amazonas tinha 4.738 focos de queimadas acumulados no ano, contrastando com os 2.337 focos registrados de janeiro a julho de 2023. Os dados mensais de focos de queimadas no Amazonas foram: janeiro com 160, fevereiro com 141, mar\u00e7o com 35, abril com 32, maio com 40, junho com 25, e julho com 4.072.<\/p>\n\n\n\n<p>Em resposta \u00e0 situa\u00e7\u00e3o cr\u00edtica, o Instituto Brasileiro do Meio Ambiente e dos Recursos Naturais Renov\u00e1veis (Ibama) informou, em nota, que conta com 110 brigadistas de inc\u00eandios florestais contratados para combater o fogo no estado. O instituto destacou que suas a\u00e7\u00f5es est\u00e3o concentradas em \u00e1reas priorit\u00e1rias no sul do Amazonas, onde a maior parte dos desmatamentos e inc\u00eandios florestais ocorrem h\u00e1 mais de 15 anos. Neste ano, foi estabelecida a Superintend\u00eancia do Ibama no Amazonas, com uma equipe do PREVFOGO composta por cinco servidores, o que possibilitou a forma\u00e7\u00e3o de uma brigada de inc\u00eandios florestais (BRIF).<\/p>\n","protected":false},"excerpt":{"rendered":"<p>O estado do Amazonas alcan\u00e7ou em julho deste ano o maior n\u00famero de focos de inc\u00eandio j\u00e1 registrado para o m\u00eas desde o in\u00edcio do monitoramento pelo Instituto Nacional de Pesquisas Espaciais (INPE) em 1998. Foram detectados impressionantes 4.072 focos de queimadas, superando o recorde anterior de 2.119 focos em julho de 2020. Este valor [&hellip;]<\/p>\n","protected":false},"author":2,"featured_media":20269,"comment_status":"open","ping_status":"open","sticky":false,"template":"","format":"standard","meta":[],"categories":[10],"tags":[13],"_links":{"self":[{"href":"https:\/\/dgospel.com.br\/portal\/index.php\/wp-json\/wp\/v2\/posts\/20268"}],"collection":[{"href":"https:\/\/dgospel.com.br\/portal\/index.php\/wp-json\/wp\/v2\/posts"}],"about":[{"href":"https:\/\/dgospel.com.br\/portal\/index.php\/wp-json\/wp\/v2\/types\/post"}],"author":[{"embeddable":true,"href":"https:\/\/dgospel.com.br\/portal\/index.php\/wp-json\/wp\/v2\/users\/2"}],"replies":[{"embeddable":true,"href":"https:\/\/dgospel.com.br\/portal\/index.php\/wp-json\/wp\/v2\/comments?post=20268"}],"version-history":[{"count":1,"href":"https:\/\/dgospel.com.br\/portal\/index.php\/wp-json\/wp\/v2\/posts\/20268\/revisions"}],"predecessor-version":[{"id":20270,"href":"https:\/\/dgospel.com.br\/portal\/index.php\/wp-json\/wp\/v2\/posts\/20268\/revisions\/20270"}],"wp:featuredmedia":[{"embeddable":true,"href":"https:\/\/dgospel.com.br\/portal\/index.php\/wp-json\/wp\/v2\/media\/20269"}],"wp:attachment":[{"href":"https:\/\/dgospel.com.br\/portal\/index.php\/wp-json\/wp\/v2\/media?parent=20268"}],"wp:term":[{"taxonomy":"category","embeddable":true,"href":"https:\/\/dgospel.com.br\/portal\/index.php\/wp-json\/wp\/v2\/categories?post=20268"},{"taxonomy":"post_tag","embeddable":true,"href":"https:\/\/dgospel.com.br\/portal\/index.php\/wp-json\/wp\/v2\/tags?post=20268"}],"curies":[{"name":"wp","href":"https:\/\/api.w.org\/{rel}","templated":true}]}}