{"id":20283,"date":"2024-08-02T21:28:23","date_gmt":"2024-08-03T00:28:23","guid":{"rendered":"https:\/\/dgospel.com.br\/portal\/?p=20283"},"modified":"2024-08-02T21:28:25","modified_gmt":"2024-08-03T00:28:25","slug":"argentina-e-uruguai-reconhecem-gonzalez-como-presidente","status":"publish","type":"post","link":"https:\/\/dgospel.com.br\/portal\/index.php\/2024\/08\/02\/argentina-e-uruguai-reconhecem-gonzalez-como-presidente\/","title":{"rendered":"Argentina e Uruguai reconhecem Gonz\u00e1lez como presidente"},"content":{"rendered":"\n<p>Nesta sexta-feira (2), os governos da Argentina e do Uruguai reconheceram a vit\u00f3ria de Edmundo Gonz\u00e1lez Urrutia como presidente eleito da Venezuela. Fontes oficiais dessas na\u00e7\u00f5es declararam que o opositor do governo de Nicol\u00e1s Maduro saiu como o vencedor nas elei\u00e7\u00f5es de 28 de julho.<\/p>\n\n\n\n<p>Pela rede social X, a ministra das Rela\u00e7\u00f5es Exteriores, Com\u00e9rcio Internacional e Culto da Argentina, Diana Mondino, confirmou a decis\u00e3o de seu pa\u00eds, compartilhando ainda o link para que as pessoas possam acompanhar os resultados eleitorais.<\/p>\n\n\n\n<p>\u2013 Todos podemos confirmar, sem sombra de d\u00favida, que o leg\u00edtimo vencedor e presidente eleito \u00e9 Edmundo Gonz\u00e1lez \u2013 escreveu ela.<\/p>\n\n\n\n<p>O porta-voz da presid\u00eancia argentina, Manuel Adorni, tamb\u00e9m se pronunciou e disse que Maduro perdeu as elei\u00e7\u00f5es e que est\u00e1 escondendo as atas.<\/p>\n\n\n\n<p>\u2013 A comunidade internacional, em sua maior parte, aceitar\u00e1 gradualmente que tudo n\u00e3o passou de uma grande fraude e que o ditador Maduro tem de deixar o poder e dar lugar, de uma vez por todas, a a\u00e7\u00f5es democr\u00e1ticas e ao que o povo venezuelano quer, que \u00e9 viver em paz e democracia.<\/p>\n\n\n\n<p>Adorni reiterou que a posi\u00e7\u00e3o do governo de Javier Milei \u00e9 \u201cclara\u201d de que \u201cMaduro \u00e9 um ditador\u201d, que \u201cfalsificou dados eleitorais de forma extremamente \u00f3bvia\u201d.<\/p>\n\n\n\n<p>O Uruguai adotou uma vis\u00e3o parecida, dizendo que n\u00e3o h\u00e1 d\u00favidas de que Maduro perdeu a elei\u00e7\u00e3o para Gonz\u00e1lez.<\/p>\n\n\n\n<p>\u2013 Com base na evid\u00eancia esmagadora, est\u00e1 claro para o Uruguai que Edmundo Gonz\u00e1lez Urrutia obteve a maioria dos votos nas elei\u00e7\u00f5es presidenciais venezuelanas \u2013 escreveu o ministro das Rela\u00e7\u00f5es Exteriores do Uruguai, Omar Paganini, na rede social X.<\/p>\n\n\n\n<p>A Argentina e o Uruguai est\u00e3o na lista dos sete pa\u00edses cujos funcion\u00e1rios o governo de Nicol\u00e1s Maduro expulsou da Venezuela depois de n\u00e3o reconhecer os resultados das elei\u00e7\u00f5es e exigir um processo de verifica\u00e7\u00e3o dos votos.<\/p>\n\n\n\n<p>*Com informa\u00e7\u00f5es EFE<\/p>\n","protected":false},"excerpt":{"rendered":"<p>Nesta sexta-feira (2), os governos da Argentina e do Uruguai reconheceram a vit\u00f3ria de Edmundo Gonz\u00e1lez Urrutia como presidente eleito da Venezuela. Fontes oficiais dessas na\u00e7\u00f5es declararam que o opositor do governo de Nicol\u00e1s Maduro saiu como o vencedor nas elei\u00e7\u00f5es de 28 de julho. Pela rede social X, a ministra das Rela\u00e7\u00f5es Exteriores, Com\u00e9rcio [&hellip;]<\/p>\n","protected":false},"author":2,"featured_media":20284,"comment_status":"open","ping_status":"open","sticky":false,"template":"","format":"standard","meta":[],"categories":[12,16],"tags":[],"_links":{"self":[{"href":"https:\/\/dgospel.com.br\/portal\/index.php\/wp-json\/wp\/v2\/posts\/20283"}],"collection":[{"href":"https:\/\/dgospel.com.br\/portal\/index.php\/wp-json\/wp\/v2\/posts"}],"about":[{"href":"https:\/\/dgospel.com.br\/portal\/index.php\/wp-json\/wp\/v2\/types\/post"}],"author":[{"embeddable":true,"href":"https:\/\/dgospel.com.br\/portal\/index.php\/wp-json\/wp\/v2\/users\/2"}],"replies":[{"embeddable":true,"href":"https:\/\/dgospel.com.br\/portal\/index.php\/wp-json\/wp\/v2\/comments?post=20283"}],"version-history":[{"count":1,"href":"https:\/\/dgospel.com.br\/portal\/index.php\/wp-json\/wp\/v2\/posts\/20283\/revisions"}],"predecessor-version":[{"id":20285,"href":"https:\/\/dgospel.com.br\/portal\/index.php\/wp-json\/wp\/v2\/posts\/20283\/revisions\/20285"}],"wp:featuredmedia":[{"embeddable":true,"href":"https:\/\/dgospel.com.br\/portal\/index.php\/wp-json\/wp\/v2\/media\/20284"}],"wp:attachment":[{"href":"https:\/\/dgospel.com.br\/portal\/index.php\/wp-json\/wp\/v2\/media?parent=20283"}],"wp:term":[{"taxonomy":"category","embeddable":true,"href":"https:\/\/dgospel.com.br\/portal\/index.php\/wp-json\/wp\/v2\/categories?post=20283"},{"taxonomy":"post_tag","embeddable":true,"href":"https:\/\/dgospel.com.br\/portal\/index.php\/wp-json\/wp\/v2\/tags?post=20283"}],"curies":[{"name":"wp","href":"https:\/\/api.w.org\/{rel}","templated":true}]}}