{"id":20289,"date":"2024-08-02T21:49:08","date_gmt":"2024-08-03T00:49:08","guid":{"rendered":"https:\/\/dgospel.com.br\/portal\/?p=20289"},"modified":"2024-08-02T21:49:10","modified_gmt":"2024-08-03T00:49:10","slug":"governo-do-tocantins-avanca-no-desenvolvimento-de-projetos-de-gestao-estrategica-e-na-modernizacao-da-procuradoria-geral-do-estado","status":"publish","type":"post","link":"https:\/\/dgospel.com.br\/portal\/index.php\/2024\/08\/02\/governo-do-tocantins-avanca-no-desenvolvimento-de-projetos-de-gestao-estrategica-e-na-modernizacao-da-procuradoria-geral-do-estado\/","title":{"rendered":"Governo do Tocantins avan\u00e7a no desenvolvimento de projetos de gest\u00e3o estrat\u00e9gica e na moderniza\u00e7\u00e3o da Procuradoria-Geral do Estado"},"content":{"rendered":"\n<p>As a\u00e7\u00f5es de gest\u00e3o estrat\u00e9gica e governan\u00e7a do Governo do Tocantins, por meio da&nbsp;Procuradoria-Geral do Estado (PGE\/TO), ganharam mais for\u00e7a e dinamismo no primeiro semestre de 2024. As equipes diretamente ligadas aos seis projetos de gest\u00e3o estrat\u00e9gica, em execu\u00e7\u00e3o, cumpriram etapas importantes de atividades, com o objetivo de promover a moderniza\u00e7\u00e3o da Procuradoria. Os projetos desenvolvidos pelo \u00f3rg\u00e3o s\u00e3o:&nbsp;<em>Portal do Conhecimento; Facilita Tocantins; PGE Valoriza; PGE Digital; PGE o Futuro \u00e9 Agora; e Consultoria 2.0.<\/em><\/p>\n\n\n\n<p>O processo de implementa\u00e7\u00e3o est\u00e1 em conson\u00e2ncia ao que determinou o governador do Tocantins, Wanderlei Barbosa, quando estabeleceu a Pol\u00edtica de Governan\u00e7a P\u00fablica e&nbsp;<em>Compliance<\/em>&nbsp;da Administra\u00e7\u00e3o Direta e Indireta do Poder Executivo Estadual, em fevereiro de 2022, por meio do Decreto Estadual n\u00b0 6.395. \u201cDesde ent\u00e3o, estamos acompanhando o andamento de todos os projetos estabelecidos como priorit\u00e1rios e estruturantes\u201d, destaca o chefe do Executivo estadual.&nbsp;<\/p>\n\n\n\n<p>Na PGE\/TO, a organiza\u00e7\u00e3o, a discuss\u00e3o e a prepara\u00e7\u00e3o do programa de gest\u00e3o estrat\u00e9gica come\u00e7aram ainda em 2021. A formata\u00e7\u00e3o e a capacita\u00e7\u00e3o das equipes foram realizadas ao longo de 2022 e, em 2023, com a defini\u00e7\u00e3o dos projetos priorit\u00e1rios, passou-se \u00e0 execu\u00e7\u00e3o dos trabalhos, sob o comando do procurador-geral do Estado, Kledson de Moura Lima; e da subprocuradora-geral, Irana Coelho. A supervis\u00e3o da implanta\u00e7\u00e3o das atividades \u00e9 realizada pela professora e procuradora do Estado da Bahia, Zizi Brito, tamb\u00e9m com atua\u00e7\u00e3o da corregedora Elyane Monteiro.<\/p>\n\n\n\n<p>\u201cEm 2024, as a\u00e7\u00f5es de gest\u00e3o estrat\u00e9gica da PGE entraram no terceiro ano. Esses seis primeiros meses foram muito produtivos, realizamos diversas reuni\u00f5es de avalia\u00e7\u00e3o e&nbsp;alinhamento das atividades. As equipes v\u00eam desempenhando as a\u00e7\u00f5es com excel\u00eancia\u201d, ressalta o procurador-geral do Estado, Kledson de Moura Lima.<\/p>\n\n\n\n<p><strong>A\u00e7\u00f5es<\/strong><\/p>\n\n\n\n<p>O&nbsp;<em>Futuro \u00e9 Agora<\/em>, que nasceu para ser o projeto estruturante dos demais, foi modificado e se transformar\u00e1 em Laborat\u00f3rio de Estrat\u00e9gia e Inova\u00e7\u00e3o (LEI), a ser finalizado at\u00e9 dezembro de 2025. Para isso, al\u00e9m das reuni\u00f5es de acompanhamento, atualiza\u00e7\u00e3o de objetivos e outras tratativas, tamb\u00e9m foi realizado o treinamento para uso da Plataforma Target, software de governan\u00e7a adotado para apoiar a execu\u00e7\u00e3o do planejamento estrat\u00e9gico, permitindo fazer a gest\u00e3o de projetos; indicadores e metas; demandas e tarefas; apresenta\u00e7\u00f5es; e v\u00eddeos dentre outras possibilidades. A capacita\u00e7\u00e3o foi ofertada pela Ag\u00eancia de Tecnologia da Informa\u00e7\u00e3o (ATI).<\/p>\n\n\n\n<p>Em junho deste ano, foi publicado no Di\u00e1rio Oficial do Estado (DOE) seis portarias assinadas pelo procurador-geral do Estado, Kledson de Moura Lima, considerando como institucionais e priorit\u00e1rios os projetos de gest\u00e3o estrat\u00e9gica em execu\u00e7\u00e3o.<\/p>\n\n\n\n<p>At\u00e9 o final de 2024, o Portal do Conhecimento, projeto sob a ger\u00eancia da subprocuradora do Centro de Estudos, Carolina Mattos Goe, pretende implementar um sistema gerencial de informa\u00e7\u00e3o e de conhecimento no \u00f3rg\u00e3o. \u201cCom software para disponibiliza\u00e7\u00e3o dos entendimentos administrativos, \u00e9 uma esp\u00e9cie de banco de pareceres\/reposit\u00f3rio\u201d, explica a subprocuradora.<\/p>\n\n\n\n<p>Para o desenvolvimento de site, software e do aplicativo&nbsp;<em>PGE\/TO na m\u00e3o<\/em>, foi formatado um conv\u00eanio com a Universidade Estadual do Tocantins (Unitins), com previs\u00e3o de assinatura para este m\u00eas.&nbsp;Nas plataformas virtuais a serem criadas, ficar\u00e3o dispon\u00edveis boletins informativos peri\u00f3dicos, bancos de pareceres e outros conte\u00fados como teses jurisprudenciais.<\/p>\n\n\n\n<p>A proposta est\u00e1 devidamente conectada \u00e0 Pol\u00edtica de Transforma\u00e7\u00e3o Digital, institu\u00edda pelo governador Wanderlei Barbosa no Decreto n\u00b0 6.757, de 6 de mar\u00e7o de 2024. &#8220;O projeto&nbsp;<em>Portal do Conhecimento<\/em>&nbsp;est\u00e1 100% em conson\u00e2ncia com o decreto e contribui para a sua efetiva\u00e7\u00e3o&#8221;, pontua a procuradora do Estado, Gabriela dos Santos Barros, que integra a equipe de trabalho como especialista.<\/p>\n\n\n\n<p>Com viabilidade pr\u00e1tica e direta, outro projeto de gest\u00e3o estrat\u00e9gica teve grande a\u00e7\u00e3o neste primeiro semestre de 2024. Em 17 de junho, foi publicado no Di\u00e1rio da Justi\u00e7a o Acordo de Coopera\u00e7\u00e3o T\u00e9cnica formatado pela PGE\/TO, em parceria com o Tribunal de Justi\u00e7a do Tocantins (TJTO),&nbsp;para ades\u00e3o de credores de precat\u00f3rios ao programa de Acordo Direto.&nbsp;A proposta foi idealizada pela equipe do projeto&nbsp;<em>Tocantins Facilita<\/em>, formada por integrantes das Subprocuradorias de Precat\u00f3rios e A\u00e7\u00f5es Trabalhistas; e da C\u00e2mara de Preven\u00e7\u00e3o e Resolu\u00e7\u00e3o Administrativa de Conflitos.<\/p>\n\n\n\n<p>O objetivo \u00e9 levar credores dos precat\u00f3rios, inscritos at\u00e9 2 de abril de 2023 na lista de ordem cronol\u00f3gica do estado do Tocantins, a aderirem ao programa at\u00e9 o final de agosto de 2024, para liquida\u00e7\u00e3o antecipada dos cr\u00e9ditos a receber, com des\u00e1gios que variam de 20% a 40%, de acordo com o grupo a que perten\u00e7a.<\/p>\n\n\n\n<p>Com olhar voltado internamente para a Procuradoria, est\u00e1 em desenvolvimento o&nbsp;<em>PGE Valoriza<\/em>, cuja proposta \u00e9 implementar um programa de gest\u00e3o de pessoas e gerenciamento de processos no \u00f3rg\u00e3o at\u00e9 dezembro de 2025, em tr\u00eas eixos: integra\u00e7\u00e3o e pertencimento; gest\u00e3o por compet\u00eancias; sa\u00fade e bem-estar.<\/p>\n\n\n\n<p>Tamb\u00e9m est\u00e1 em execu\u00e7\u00e3o o&nbsp;<em>PGE Digital<\/em>, cujo foco \u00e9 implantar o gerenciamento por tecnologia da informa\u00e7\u00e3o da atua\u00e7\u00e3o do \u00f3rg\u00e3o em processos administrativos e judiciais do estado do Tocantins, contemplando a automa\u00e7\u00e3o e o uso de intelig\u00eancia artificial, at\u00e9 dezembro de 2025.<\/p>\n\n\n\n<p>E em fase de remodela\u00e7\u00e3o, est\u00e1 o projeto\u00a0<em>Consultoria 2.0<\/em>, cujo objetivo \u00e9 reestruturar a consultoria da PGE para promover maior efici\u00eancia, moderniza\u00e7\u00e3o de atua\u00e7\u00e3o, al\u00e9m de padroniza\u00e7\u00e3o e uniformiza\u00e7\u00e3o de procedimentos. O novo cronograma tem atividades previstas at\u00e9 junho de 2025.<\/p>\n\n\n\n<p><img src=\"https:\/\/central.to.gov.br\/image\/387625?w=670&amp;h=383\"><\/p>\n\n\n\n<p>Governador Wanderlei Barbosa ressalta a import\u00e2ncia dos projetos desenvolvidos pela Procuradoria-Geral do Estado &#8211; Governo do Tocantins&nbsp;<a href=\"https:\/\/central.to.gov.br\/image\/387625?f=1\" target=\"_blank\" rel=\"noreferrer noopener\"><em>file_download<\/em><\/a><\/p>\n\n\n\n<p><img src=\"https:\/\/central.to.gov.br\/image\/386618?w=670&amp;h=383\"><\/p>\n\n\n\n<p>&#8220;Esses seis primeiros meses foram muito produtivos, realizamos diversas reuni\u00f5es de avalia\u00e7\u00e3o e&nbsp;alinhamento das atividades. As equipes v\u00eam desempenhando as a\u00e7\u00f5es com excel\u00eancia\u201d, destaca o procurador-geral do Estado, Kledson de Moura Lima &#8211; Aldemar Ribeiro\/Governo do Tocantins&nbsp;<a href=\"https:\/\/central.to.gov.br\/image\/386618?f=1\" target=\"_blank\" rel=\"noreferrer noopener\"><em>file_download<\/em><\/a><\/p>\n\n\n\n<p><img src=\"https:\/\/central.to.gov.br\/image\/386617?w=670&amp;h=383\"><\/p>\n\n\n\n<p>O procurador-geral do Estado, Kledson de Moura Lima; a subprocuradora-geral, Irana Coelho; a corregedora Elyane Monteiro e a procuradora do estado da Bahia, Zizi Martins, em reuni\u00e3o de planejamento das novas etapas de implementa\u00e7\u00e3o dos projetos em 2024 &#8211; Mylenna Silva\/Governo do Tocantins&nbsp;<a href=\"https:\/\/central.to.gov.br\/image\/386617?f=1\" target=\"_blank\" rel=\"noreferrer noopener\"><em>file_download<\/em><\/a><\/p>\n\n\n\n<p><img src=\"https:\/\/central.to.gov.br\/image\/386616?w=670&amp;h=383\"><\/p>\n\n\n\n<p>Roda de conversa sobre protagonismo feminino, realizada em mar\u00e7o, faz parte do projeto PGE Valoriza &#8211; Mylenna Silva\/Governo do Tocantins&nbsp;<a href=\"https:\/\/central.to.gov.br\/image\/386616?f=1\" target=\"_blank\" rel=\"noreferrer noopener\"><em>file_download<\/em><\/a><\/p>\n\n\n\n<p><img src=\"https:\/\/central.to.gov.br\/image\/386615?w=670&amp;h=383\"><\/p>\n\n\n\n<p>Equipe do projeto Portal do Conhecimento re\u00fane-se para avaliar etapas &#8211; Jocyelma Santana\/Governo do Tocantins&nbsp;<a href=\"https:\/\/central.to.gov.br\/image\/386615?f=1\" target=\"_blank\" rel=\"noreferrer noopener\"><em>file_download<\/em><\/a><\/p>\n\n\n\n<p><img src=\"https:\/\/central.to.gov.br\/image\/386614?w=670&amp;h=383\"><\/p>\n\n\n\n<p>No projeto Tocantins Facilita, surgiu a proposta de acordo direto para pagamento de precat\u00f3rios &#8211; Jocyelma Santana\/Governo do Tocantins&nbsp;<a href=\"https:\/\/central.to.gov.br\/image\/386614?f=1\" target=\"_blank\" rel=\"noreferrer noopener\"><em>file_download<\/em><\/a><\/p>\n","protected":false},"excerpt":{"rendered":"<p>As a\u00e7\u00f5es de gest\u00e3o estrat\u00e9gica e governan\u00e7a do Governo do Tocantins, por meio da&nbsp;Procuradoria-Geral do Estado (PGE\/TO), ganharam mais for\u00e7a e dinamismo no primeiro semestre de 2024. As equipes diretamente ligadas aos seis projetos de gest\u00e3o estrat\u00e9gica, em execu\u00e7\u00e3o, cumpriram etapas importantes de atividades, com o objetivo de promover a moderniza\u00e7\u00e3o da Procuradoria. Os projetos [&hellip;]<\/p>\n","protected":false},"author":2,"featured_media":20290,"comment_status":"open","ping_status":"open","sticky":false,"template":"","format":"standard","meta":[],"categories":[3],"tags":[13],"_links":{"self":[{"href":"https:\/\/dgospel.com.br\/portal\/index.php\/wp-json\/wp\/v2\/posts\/20289"}],"collection":[{"href":"https:\/\/dgospel.com.br\/portal\/index.php\/wp-json\/wp\/v2\/posts"}],"about":[{"href":"https:\/\/dgospel.com.br\/portal\/index.php\/wp-json\/wp\/v2\/types\/post"}],"author":[{"embeddable":true,"href":"https:\/\/dgospel.com.br\/portal\/index.php\/wp-json\/wp\/v2\/users\/2"}],"replies":[{"embeddable":true,"href":"https:\/\/dgospel.com.br\/portal\/index.php\/wp-json\/wp\/v2\/comments?post=20289"}],"version-history":[{"count":1,"href":"https:\/\/dgospel.com.br\/portal\/index.php\/wp-json\/wp\/v2\/posts\/20289\/revisions"}],"predecessor-version":[{"id":20291,"href":"https:\/\/dgospel.com.br\/portal\/index.php\/wp-json\/wp\/v2\/posts\/20289\/revisions\/20291"}],"wp:featuredmedia":[{"embeddable":true,"href":"https:\/\/dgospel.com.br\/portal\/index.php\/wp-json\/wp\/v2\/media\/20290"}],"wp:attachment":[{"href":"https:\/\/dgospel.com.br\/portal\/index.php\/wp-json\/wp\/v2\/media?parent=20289"}],"wp:term":[{"taxonomy":"category","embeddable":true,"href":"https:\/\/dgospel.com.br\/portal\/index.php\/wp-json\/wp\/v2\/categories?post=20289"},{"taxonomy":"post_tag","embeddable":true,"href":"https:\/\/dgospel.com.br\/portal\/index.php\/wp-json\/wp\/v2\/tags?post=20289"}],"curies":[{"name":"wp","href":"https:\/\/api.w.org\/{rel}","templated":true}]}}