{"id":20292,"date":"2024-08-02T21:53:09","date_gmt":"2024-08-03T00:53:09","guid":{"rendered":"https:\/\/dgospel.com.br\/portal\/?p=20292"},"modified":"2024-08-02T21:53:11","modified_gmt":"2024-08-03T00:53:11","slug":"semarh-e-uft-assinam-convenio-para-operacionalizacao-de-centro-de-inteligencia-para-monitoramento-ambiental","status":"publish","type":"post","link":"https:\/\/dgospel.com.br\/portal\/index.php\/2024\/08\/02\/semarh-e-uft-assinam-convenio-para-operacionalizacao-de-centro-de-inteligencia-para-monitoramento-ambiental\/","title":{"rendered":"Semarh e UFT assinam conv\u00eanio para operacionaliza\u00e7\u00e3o de Centro de Intelig\u00eancia para monitoramento ambiental"},"content":{"rendered":"\n<p>O Governo do Tocantins, por meio da Secretaria do Meio Ambiente e Recursos H\u00eddricos (Semarh), firmou Acordo de Parceria para Pesquisa, Desenvolvimento e Inova\u00e7\u00e3o (PD&amp;I) com a Universidade Federal do Tocantins (UFT) para a operacionaliza\u00e7\u00e3o do Centro de Intelig\u00eancia Geogr\u00e1fica em Gest\u00e3o do Meio Ambiente (Cigma), que possibilitar\u00e1 maior efic\u00e1cia na gera\u00e7\u00e3o de dados para subsidiar a\u00e7\u00f5es de gest\u00e3o ambiental.<\/p>\n\n\n\n<p>O&nbsp;Acordo foi assinado pelo secret\u00e1rio da Semarh, Marcello Lelis, e pelo reitor da UFT, Luiz Eduardo Bovolato, na manh\u00e3 desta sexta-feira, 2, em cerim\u00f4nia realizada na sede da secretaria, em Palmas. Tamb\u00e9m assinam o documento o presidente da Tocantins Parcerias (Topar), Aleandro Lacerda, e o diretor geral da Fapto, L\u00e9o Ara\u00fajo da Silva.<\/p>\n\n\n\n<p>O conv\u00eanio contempla a transfer\u00eancia de parte dos recursos oriundos da segunda parcela do pr\u00e9-Investimento da Mercuria que ser\u00e1 utilizado para cumprir os compromissos com a implanta\u00e7\u00e3o do Cigma. Segundo o secret\u00e1rio Marcello Lelis, a implanta\u00e7\u00e3o do Cigma proporcionar\u00e1 maior efic\u00e1cia e transpar\u00eancia na execu\u00e7\u00e3o das pol\u00edticas ambientais, tanto no que se refere \u00e0 fiscaliza\u00e7\u00e3o quanto \u00e0 preserva\u00e7\u00e3o dos recursos naturais.<\/p>\n\n\n\n<p>O Cigma&nbsp; foi criado pela Portaria Semarh n\u00ba 15, de 13 de fevereiro de 2014, publicada no DOE n\u00ba 4.073, de 20 de fevereiro de 2014 e agora est\u00e1 recebendo um aporte de pessoal com o acordo de parceria assinado com a UFT.<\/p>\n\n\n\n<p>\u201cEsta central de intelig\u00eancia que est\u00e1 aqui na Semarh \u00e9 do Governo do Tocantins, de todos os \u00f3rg\u00e3os, incluindo Ibama, Minist\u00e9rio P\u00fablico estadual, federal, Tribunal de Contas, dos \u00f3rg\u00e3os ambientais, do Agro, para que tenhamos informa\u00e7\u00f5es e possamos tomar decis\u00f5es acertadas\u201d, afirmou o secret\u00e1rio Marcello Lelis.<\/p>\n\n\n\n<p>Marcello Lelis destacou ainda que o complexo produzir\u00e1 dados de intelig\u00eancia para os gestores, auxiliando no monitoramento ambiental. \u201cEssas informa\u00e7\u00f5es trar\u00e3o subs\u00eddios para o combate ao desmatamento ilegal e outros danos ambientais, contribuindo para o planejamento do setor e para o fortalecimento das a\u00e7\u00f5es conjuntas entre \u00f3rg\u00e3os p\u00fablicos e produtores&#8221;, completou.<\/p>\n\n\n\n<p>O reitor da UFT disse que a universidade se coloca \u00e0 disposi\u00e7\u00e3o n\u00e3o s\u00f3 para colaborar com o desenvolvimento das diferentes solu\u00e7\u00f5es, mas tamb\u00e9m com o programa de forma\u00e7\u00e3o continuada o que pode contribuir com a qualifica\u00e7\u00e3o dos t\u00e9cnicos que atuam com a pol\u00edtica ambiental no estado e na busca de melhores solu\u00e7\u00f5es e tecnologia que possam avan\u00e7ar com esta pol\u00edtica. \u201cA universidade federal do Tocantins tem a compet\u00eancia t\u00e9cnica e a expertise e me sinto honrado de poder contribuir com este projeto\u201d, afirmou. Na ocasi\u00e3o, a superintendente de Gest\u00e3o de Pol\u00edticas P\u00fablicas Ambientais da Semarh, Marli Santos,&nbsp; falou sobre os objetivos do Cigma e o professor da Universidade Federal do Tocantins, Marco Giongo&nbsp; discorreu sobre os produtos t\u00e9cnicos a serem realizados com a estrutura do Centro de Intelig\u00eancia.<\/p>\n\n\n\n<p><strong>Participantes<\/strong><\/p>\n\n\n\n<p>O evento contou ainda com a presen\u00e7a do procurador geral da Rep\u00fablica (MPF), \u00c1lvaro Manzano, a secret\u00e1ria de Pesca e Aquicultura (Sepea), Miyuki Hyashida, Superintendente do Ibama, Leandro Milhomem, Presidente da Federa\u00e7\u00e3o de Agricultura e Pecu\u00e1ria (Faet), Paulo Carneiro , Representando a secretaria dos Povos Origin\u00e1rios e Tradicionais (Sepot), Paulo Canela, Comandante\u2013geral da Defesa Civil, Coronel Alves, comandante-geral do Corpo de Bombeiros do Tocantins, Coronel Ornelas, representando o presidente da Tocantins Parceria, Hellisson Castro; Vice-presidente do Naturatins, Jos\u00e9 Anibal Rodrigues, representando a Secretaria da Mulher, Simoni Pacini, Presidente do Sindicato Rural de Gurupi, Jo\u00e3o Victor Stival, Coordenadora do N\u00facleo da Defensoria P\u00fablica Agr\u00e1ria, Kenia Martins Pimenta, Vice-presidente da Associa\u00e7\u00e3o dos Consultores Ambientais do Estado do Tocantins , Caroline Bueto, Representante da Empresa Agrojem, Leandro de Oliveira e da Presidente da Federa\u00e7\u00e3o dos Trabalhadores na Agricultura, Maria Guanamar.<\/p>\n\n\n\n<p><img src=\"https:\/\/central.to.gov.br\/image\/387689?w=670&amp;h=383\"><\/p>\n\n\n\n<p>Professor da Universidade Federal do Tocantins, Marco Giongo, discorreu sobre os produtos t\u00e9cnicos a serem realizados com a estrutura do Centro de Intelig\u00eancia &#8211; Washington Luiz\/Governo do Tocantins&nbsp;<a href=\"https:\/\/central.to.gov.br\/image\/387689?f=1\" target=\"_blank\" rel=\"noreferrer noopener\"><em>file_download<\/em><\/a><\/p>\n\n\n\n<p><img src=\"https:\/\/central.to.gov.br\/image\/387688?w=670&amp;h=383\"><\/p>\n\n\n\n<p>Superintendente de Gest\u00e3o da Semarh Marli Santos falou sobre os objetivos do Cigma &#8211; Washington Luiz\/Governo do Tocantins&nbsp;<a href=\"https:\/\/central.to.gov.br\/image\/387688?f=1\" target=\"_blank\" rel=\"noreferrer noopener\"><em>file_download<\/em><\/a><\/p>\n\n\n\n<p><img src=\"https:\/\/central.to.gov.br\/image\/387687?w=670&amp;h=383\"><\/p>\n\n\n\n<p>Evento realizado na sede da Semarh contou com representantes da iniciativa p\u00fablica e privada &#8211; Washington Luiz\/Governo do Tocantins&nbsp;<a href=\"https:\/\/central.to.gov.br\/image\/387687?f=1\" target=\"_blank\" rel=\"noreferrer noopener\"><em>file_download<\/em><\/a><\/p>\n\n\n\n<p><img src=\"https:\/\/central.to.gov.br\/image\/387686?w=670&amp;h=383\"><\/p>\n\n\n\n<p>Reitor da UFT Luiz Bovolato assina Acordo de Parceria que prev\u00ea a transfer\u00eancia de tecnologia para operacionaliza\u00e7\u00e3o do Cigma &#8211; Washington Luiz\/Governo do Tocantins&nbsp;<a href=\"https:\/\/central.to.gov.br\/image\/387686?f=1\" target=\"_blank\" rel=\"noreferrer noopener\"><em>file_download<\/em><\/a><\/p>\n","protected":false},"excerpt":{"rendered":"<p>O Governo do Tocantins, por meio da Secretaria do Meio Ambiente e Recursos H\u00eddricos (Semarh), firmou Acordo de Parceria para Pesquisa, Desenvolvimento e Inova\u00e7\u00e3o (PD&amp;I) com a Universidade Federal do Tocantins (UFT) para a operacionaliza\u00e7\u00e3o do Centro de Intelig\u00eancia Geogr\u00e1fica em Gest\u00e3o do Meio Ambiente (Cigma), que possibilitar\u00e1 maior efic\u00e1cia na gera\u00e7\u00e3o de dados para [&hellip;]<\/p>\n","protected":false},"author":2,"featured_media":20293,"comment_status":"open","ping_status":"open","sticky":false,"template":"","format":"standard","meta":[],"categories":[3],"tags":[13],"_links":{"self":[{"href":"https:\/\/dgospel.com.br\/portal\/index.php\/wp-json\/wp\/v2\/posts\/20292"}],"collection":[{"href":"https:\/\/dgospel.com.br\/portal\/index.php\/wp-json\/wp\/v2\/posts"}],"about":[{"href":"https:\/\/dgospel.com.br\/portal\/index.php\/wp-json\/wp\/v2\/types\/post"}],"author":[{"embeddable":true,"href":"https:\/\/dgospel.com.br\/portal\/index.php\/wp-json\/wp\/v2\/users\/2"}],"replies":[{"embeddable":true,"href":"https:\/\/dgospel.com.br\/portal\/index.php\/wp-json\/wp\/v2\/comments?post=20292"}],"version-history":[{"count":1,"href":"https:\/\/dgospel.com.br\/portal\/index.php\/wp-json\/wp\/v2\/posts\/20292\/revisions"}],"predecessor-version":[{"id":20294,"href":"https:\/\/dgospel.com.br\/portal\/index.php\/wp-json\/wp\/v2\/posts\/20292\/revisions\/20294"}],"wp:featuredmedia":[{"embeddable":true,"href":"https:\/\/dgospel.com.br\/portal\/index.php\/wp-json\/wp\/v2\/media\/20293"}],"wp:attachment":[{"href":"https:\/\/dgospel.com.br\/portal\/index.php\/wp-json\/wp\/v2\/media?parent=20292"}],"wp:term":[{"taxonomy":"category","embeddable":true,"href":"https:\/\/dgospel.com.br\/portal\/index.php\/wp-json\/wp\/v2\/categories?post=20292"},{"taxonomy":"post_tag","embeddable":true,"href":"https:\/\/dgospel.com.br\/portal\/index.php\/wp-json\/wp\/v2\/tags?post=20292"}],"curies":[{"name":"wp","href":"https:\/\/api.w.org\/{rel}","templated":true}]}}