{"id":20295,"date":"2024-08-03T18:53:40","date_gmt":"2024-08-03T21:53:40","guid":{"rendered":"https:\/\/dgospel.com.br\/portal\/?p=20295"},"modified":"2024-08-03T18:53:41","modified_gmt":"2024-08-03T21:53:41","slug":"leo-barbosa-declara-apoio-a-janad-valcari-e-destaca-trajetoria-e-compromisso-da-candidata-com-palmas","status":"publish","type":"post","link":"https:\/\/dgospel.com.br\/portal\/index.php\/2024\/08\/03\/leo-barbosa-declara-apoio-a-janad-valcari-e-destaca-trajetoria-e-compromisso-da-candidata-com-palmas\/","title":{"rendered":"L\u00e9o Barbosa declara apoio \u00e0 Janad Valcari e destaca trajet\u00f3ria e compromisso da candidata com Palmas"},"content":{"rendered":"\n<p>O deputado estadual L\u00e9o Barbosa participou na noite desta sexta-feira, 02, da conven\u00e7\u00e3o partid\u00e1ria que oficializou a candidatura de Janad Valcari a prefeita de Palmas. Durante discurso no palanque montado na Pra\u00e7a dos Girass\u00f3is, o parlamentar destacou a trajet\u00f3ria pessoal e pol\u00edtica da candidata e refor\u00e7ou a uni\u00e3o dos partidos em prol do projeto de Janad para a capital.<\/p>\n\n\n\n<p>\u201cUma grande empres\u00e1ria, foi uma grande vereadora, \u00e9 uma grande deputada e vai ser uma grande prefeita, se Deus quiser, com a ajuda de voc\u00eas. Pra governar tem que gostar de cuidar das pessoas e a Janad tem feito isso. Tenho visto ela ir para as esta\u00e7\u00f5es de \u00f4nibus, para as portas dos postinhos reivindicar melhorias, e quero que ela melhore cada vez mais o nosso transporte coletivo, melhore ainda mais nossa sa\u00fade, melhore a zona rural, e que cuide das pessoas\u201d, frisou L\u00e9o.<\/p>\n\n\n\n<p>\u201cN\u00f3s buscamos a uni\u00e3o em todos os momentos. A democracia, em alguns momentos, nos divide. Em alguns munic\u00edpios nos dividiram, Eduardo. E eu fiz uma observa\u00e7\u00e3o a pouco. O Uni\u00e3o Brasil, o PP, o Republicanos, em momentos nas principais cidades do Tocantins, os partidos fizeram op\u00e7\u00f5es por caminhos diferentes. Mas em Palmas, todos os partidos que comp\u00f5em a base do governador Wanderlei Barbosa est\u00e3o com Janad Valcari. Eu tenho certeza que essa uni\u00e3o, ela n\u00e3o \u00e9 por acaso, ela faz parte da consci\u00eancia nossa que queremos uma cidade cada vez melhor, cada vez melhor para as pessoas morarem, cada vez mais digna, cada vez mais justa\u201d, ressaltou o parlamentar.<\/p>\n\n\n\n<p><strong>Republicanos Palmas<\/strong><\/p>\n\n\n\n<p>Na tarde desta sexta-feira, durante a conven\u00e7\u00e3o do Republicanos em Palmas, L\u00e9o Barbosa, que \u00e9 o presidente metropolitano do partido na capital, falou que o objetivo \u00e9 eleger o maior n\u00famero de vereadores e que o Republicanos tem um time de homens e mulheres preparados para representar os palmenses na C\u00e2mara Municipal.<\/p>\n\n\n\n<p>\u201cO que nos alegra mais \u00e9 saber que temos homens e mulheres que est\u00e3o prontos pra rodar essa cidade, para pedir o voto, conquistar a confian\u00e7a do povo e represent\u00e1-los bem na C\u00e2mara. Voc\u00eas podem ter certeza que o time do Republicanos \u00e9 o melhor time de candidatos a vereador e vereadora da capital\u201d, comentou Barbosa.<\/p>\n","protected":false},"excerpt":{"rendered":"<p>O deputado estadual L\u00e9o Barbosa participou na noite desta sexta-feira, 02, da conven\u00e7\u00e3o partid\u00e1ria que oficializou a candidatura de Janad Valcari a prefeita de Palmas. Durante discurso no palanque montado na Pra\u00e7a dos Girass\u00f3is, o parlamentar destacou a trajet\u00f3ria pessoal e pol\u00edtica da candidata e refor\u00e7ou a uni\u00e3o dos partidos em prol do projeto de [&hellip;]<\/p>\n","protected":false},"author":2,"featured_media":20296,"comment_status":"open","ping_status":"open","sticky":false,"template":"","format":"standard","meta":[],"categories":[4],"tags":[13],"_links":{"self":[{"href":"https:\/\/dgospel.com.br\/portal\/index.php\/wp-json\/wp\/v2\/posts\/20295"}],"collection":[{"href":"https:\/\/dgospel.com.br\/portal\/index.php\/wp-json\/wp\/v2\/posts"}],"about":[{"href":"https:\/\/dgospel.com.br\/portal\/index.php\/wp-json\/wp\/v2\/types\/post"}],"author":[{"embeddable":true,"href":"https:\/\/dgospel.com.br\/portal\/index.php\/wp-json\/wp\/v2\/users\/2"}],"replies":[{"embeddable":true,"href":"https:\/\/dgospel.com.br\/portal\/index.php\/wp-json\/wp\/v2\/comments?post=20295"}],"version-history":[{"count":1,"href":"https:\/\/dgospel.com.br\/portal\/index.php\/wp-json\/wp\/v2\/posts\/20295\/revisions"}],"predecessor-version":[{"id":20297,"href":"https:\/\/dgospel.com.br\/portal\/index.php\/wp-json\/wp\/v2\/posts\/20295\/revisions\/20297"}],"wp:featuredmedia":[{"embeddable":true,"href":"https:\/\/dgospel.com.br\/portal\/index.php\/wp-json\/wp\/v2\/media\/20296"}],"wp:attachment":[{"href":"https:\/\/dgospel.com.br\/portal\/index.php\/wp-json\/wp\/v2\/media?parent=20295"}],"wp:term":[{"taxonomy":"category","embeddable":true,"href":"https:\/\/dgospel.com.br\/portal\/index.php\/wp-json\/wp\/v2\/categories?post=20295"},{"taxonomy":"post_tag","embeddable":true,"href":"https:\/\/dgospel.com.br\/portal\/index.php\/wp-json\/wp\/v2\/tags?post=20295"}],"curies":[{"name":"wp","href":"https:\/\/api.w.org\/{rel}","templated":true}]}}