{"id":203,"date":"2018-05-16T15:42:42","date_gmt":"2018-05-16T18:42:42","guid":{"rendered":"http:\/\/dgospel.com.br\/portal\/?p=203"},"modified":"2018-05-16T15:42:42","modified_gmt":"2018-05-16T18:42:42","slug":"atuacao-de-defensores-publicos-e-destacada-em-sessao-solene-na-camara-de-palmas","status":"publish","type":"post","link":"https:\/\/dgospel.com.br\/portal\/index.php\/2018\/05\/16\/atuacao-de-defensores-publicos-e-destacada-em-sessao-solene-na-camara-de-palmas\/","title":{"rendered":"Atua\u00e7\u00e3o de defensores p\u00fablicos \u00e9 destacada em sess\u00e3o solene na C\u00e2mara de Palmas"},"content":{"rendered":"<div class=\"\">\n<div id=\"content\">\n<div id=\"content-core\">\n<div id=\"parent-fieldname-text\" class=\"plain\">\n<p>A C\u00e2mara de Palmas realizou nesta quarta-feira, 16, sess\u00e3o solene em homenagem ao Dia Nacional da Defensoria P\u00fablica e do Defensor P\u00fablico. A data \u00e9 celebrada em 19 de maio. A iniciativa da solenidade \u00e9 do vereador L\u00facio Campelo (PR), que destacou o trabalho do defensor Arthur de P\u00e1dua, homenageado na sess\u00e3o.<\/p>\n<p>O parlamentar ressaltou a atua\u00e7\u00e3o do defensor na garantia de direitos dos pacientes que aguardam cirurgias, exames e rem\u00e9dios. \u201cArthur prestou e presta assist\u00eancia a muitas pessoas que necessitam de atendimento na sa\u00fade\u201d, pontuou.<\/p>\n<p>A pedido de L\u00facio, emocionado, o defensor recebeu o T\u00edtulo de Cidad\u00e3o Palmense e o dedicou \u00e0 sua fam\u00edlia, presente na ocasi\u00e3o, e a todos os servidores da Defensoria P\u00fablica do Tocantins.<\/p>\n<p>Na oportunidade, Arthur destacou a busca pela humaniza\u00e7\u00e3o do atendimento nas unidades de sa\u00fade do Estado. De acordo com o defensor foram realizados 6 mil atendimentos no \u00faltimo ano. \u201cA Defensoria nos deu a oportunidade de mudar a vida das pessoas e por isso sou muito grato. \u00c9 um trabalho feito em equipe\u201d, ressaltou.<\/p>\n<p>Sobre o trabalho na Defensoria, Arthur ressaltou o empenho dos servidores na garantia dos direitos da popula\u00e7\u00e3o palmense. \u201cNossos assistidos s\u00e3o v\u00edtimas da falta de pol\u00edticas p\u00fablicas direcionadas ao cidad\u00e3o carente e por isso precisamos continuar firmes na defesa dos direitos coletivos\u201d, salientou.<\/p>\n<p>O presidente da Casa, vereador Folha (PSD), falou sobre a import\u00e2ncia da Defensoria para o cidad\u00e3o. \u201cInfelizmente, nem todos t\u00eam o devido acesso \u00e0 defesa de seus direitos, mas gra\u00e7as \u00e0 Defensoria esse cen\u00e1rio tem se revertido\u201d, destacou.<\/p>\n<p>Tamb\u00e9m participaram da solenidade a subdefensora p\u00fablica geral do Estado Estellamaris Postal, o presidente da Associa\u00e7\u00e3o dos Defensores P\u00fablicos do Estado, Fabr\u00edcio Dias Braga de Sousa, o diretor do N\u00facleo Regional de Palmas, Leonardo Oliveira Coelho, o superintendente de Defensores P\u00fablicos, F\u00e1bio Monteiro dos Santos, a promotora de Justi\u00e7a do Mist\u00e9rio P\u00fablico Estadual, Maria Roseli de Almeida Pery e representando a Prefeitura, o procurador Italo Ricardo.<\/p>\n<\/div>\n<\/div>\n<div id=\"viewlet-below-content-body\">\n<div class=\"visualClear\"><\/div>\n<div class=\"documentActions\"><\/div>\n<\/div>\n<\/div>\n<\/div>\n<div id=\"viewlet-below-content\"><\/div>\n","protected":false},"excerpt":{"rendered":"<p>A C\u00e2mara de Palmas realizou nesta quarta-feira, 16, sess\u00e3o solene em homenagem ao Dia Nacional da Defensoria P\u00fablica e do Defensor P\u00fablico. A data \u00e9 celebrada em 19 de maio. A iniciativa da solenidade \u00e9 do vereador L\u00facio Campelo (PR), que destacou o trabalho do defensor Arthur de P\u00e1dua, homenageado na sess\u00e3o. O parlamentar ressaltou [&hellip;]<\/p>\n","protected":false},"author":2,"featured_media":204,"comment_status":"open","ping_status":"open","sticky":false,"template":"","format":"standard","meta":[],"categories":[8],"tags":[],"_links":{"self":[{"href":"https:\/\/dgospel.com.br\/portal\/index.php\/wp-json\/wp\/v2\/posts\/203"}],"collection":[{"href":"https:\/\/dgospel.com.br\/portal\/index.php\/wp-json\/wp\/v2\/posts"}],"about":[{"href":"https:\/\/dgospel.com.br\/portal\/index.php\/wp-json\/wp\/v2\/types\/post"}],"author":[{"embeddable":true,"href":"https:\/\/dgospel.com.br\/portal\/index.php\/wp-json\/wp\/v2\/users\/2"}],"replies":[{"embeddable":true,"href":"https:\/\/dgospel.com.br\/portal\/index.php\/wp-json\/wp\/v2\/comments?post=203"}],"version-history":[{"count":1,"href":"https:\/\/dgospel.com.br\/portal\/index.php\/wp-json\/wp\/v2\/posts\/203\/revisions"}],"predecessor-version":[{"id":205,"href":"https:\/\/dgospel.com.br\/portal\/index.php\/wp-json\/wp\/v2\/posts\/203\/revisions\/205"}],"wp:featuredmedia":[{"embeddable":true,"href":"https:\/\/dgospel.com.br\/portal\/index.php\/wp-json\/wp\/v2\/media\/204"}],"wp:attachment":[{"href":"https:\/\/dgospel.com.br\/portal\/index.php\/wp-json\/wp\/v2\/media?parent=203"}],"wp:term":[{"taxonomy":"category","embeddable":true,"href":"https:\/\/dgospel.com.br\/portal\/index.php\/wp-json\/wp\/v2\/categories?post=203"},{"taxonomy":"post_tag","embeddable":true,"href":"https:\/\/dgospel.com.br\/portal\/index.php\/wp-json\/wp\/v2\/tags?post=203"}],"curies":[{"name":"wp","href":"https:\/\/api.w.org\/{rel}","templated":true}]}}