{"id":20302,"date":"2024-08-04T10:50:28","date_gmt":"2024-08-04T13:50:28","guid":{"rendered":"https:\/\/dgospel.com.br\/portal\/?p=20302"},"modified":"2024-08-04T10:50:29","modified_gmt":"2024-08-04T13:50:29","slug":"em-convencao-do-pl-juarez-rigol-e-enaltecido-pelo-deputado-gipao-e-candidata-a-prefeita-janad-valcari","status":"publish","type":"post","link":"https:\/\/dgospel.com.br\/portal\/index.php\/2024\/08\/04\/em-convencao-do-pl-juarez-rigol-e-enaltecido-pelo-deputado-gipao-e-candidata-a-prefeita-janad-valcari\/","title":{"rendered":"Em conven\u00e7\u00e3o do PL, Juarez Rigol \u00e9 enaltecido pelo deputado Gip\u00e3o e candidata a prefeita Janad Valcari"},"content":{"rendered":"\n<p>Ao lado de Janad Valcari, Juarez Rigol teve sua candidatura a vereador oficializada durante conven\u00e7\u00e3o hist\u00f3rica do Partido Liberal (PL) e aliados nesta sexta-feira (02), na Pra\u00e7a dos Girass\u00f3is, em Palmas.<\/p>\n\n\n\n<p>Acompanhado de um expressivo n\u00famero de apoiadores e l\u00edderes pol\u00edticos e religiosos, Rigol relembrou dos desafios que j\u00e1 enfrentou em sua vida p\u00fablica e destacou que a supera\u00e7\u00e3o de cada obst\u00e1culo lhe garantiram experi\u00eancia para continuar sua caminhada.&nbsp;<\/p>\n\n\n\n<p>\u201cEntramos nesta disputa com o firme prop\u00f3sito de vencer. Estou grato a Deus, por esse momento t\u00e3o importante. A homologa\u00e7\u00e3o da minha candidatura \u00e9 mais um passo dado em dire\u00e7\u00e3o ao objetivo de representar bem a popula\u00e7\u00e3o palmense, defender os valores crist\u00e3os e lutar pelo desenvolvimento da nossa cidade\u201d, afirmou o candidato.<\/p>\n\n\n\n<p>Presente no evento, o deputado estadual Gip\u00e3o (PL), apoiador declarado de Juarez, parabenizou o l\u00edder, mencionando sua coragem e compet\u00eancia para assumir uma cadeira no parlamento municipal da capital.<\/p>\n\n\n\n<p>\u201cJuarez Rigol tem capacidade t\u00e9cnica e pol\u00edtica para assumir o cargo de vereador. E eu n\u00e3o quero contribuir apenas com palavras quero contribuir tamb\u00e9m com a\u00e7\u00e3o. Tenho convic\u00e7\u00e3o que, com a ajuda de Deus e de cada um de voc\u00eas, temos aqui um dos pr\u00f3ximos vereadores de palmas\u201d, declarou o parlamentar.<\/p>\n\n\n\n<p><\/p>\n\n\n\n<figure class=\"wp-block-image size-large\"><img loading=\"lazy\" width=\"1024\" height=\"1024\" src=\"https:\/\/dgospel.com.br\/portal\/wp-content\/uploads\/2024\/08\/0-2-1024x1024.jpg\" alt=\"\" class=\"wp-image-20304\" srcset=\"https:\/\/dgospel.com.br\/portal\/wp-content\/uploads\/2024\/08\/0-2-1024x1024.jpg 1024w, https:\/\/dgospel.com.br\/portal\/wp-content\/uploads\/2024\/08\/0-2-300x300.jpg 300w, https:\/\/dgospel.com.br\/portal\/wp-content\/uploads\/2024\/08\/0-2-150x150.jpg 150w, https:\/\/dgospel.com.br\/portal\/wp-content\/uploads\/2024\/08\/0-2-768x768.jpg 768w, https:\/\/dgospel.com.br\/portal\/wp-content\/uploads\/2024\/08\/0-2.jpg 1080w\" sizes=\"(max-width: 1024px) 100vw, 1024px\" \/><\/figure>\n\n\n\n<p>Para a candidata a prefeita, Janad Valcari, Rigol ser\u00e1 um forte aliado, estando inclusive, entre os mais votados nas elei\u00e7\u00f5es municipais deste ano.<\/p>\n\n\n\n<p>Na capital, o Partido Liberal atualmente conta com quatro parlamentares de mandato na c\u00e2mara. Segundo a lideran\u00e7a regional da sigla, a expectativa \u00e9 de ocupar de 6 a 7 cadeiras no parlamento municipal nestas elei\u00e7\u00f5es.<\/p>\n\n\n\n<p><strong>Quem \u00e9 Juarez Rigol?<\/strong><\/p>\n\n\n\n<p>Juarez Rigol \u00e9 advogado com vasta experi\u00eancia no campo jur\u00eddico, com mais de trinta anos de carreira. \u00c9 tamb\u00e9m considerado um educador conceituado com mais quinze anos de atua\u00e7\u00e3o na educa\u00e7\u00e3o. Al\u00e9m disso, \u00e9 pastor evang\u00e9lico e possui um extenso hist\u00f3rico no desenvolvimento social, e promo\u00e7\u00e3o de a\u00e7\u00f5es globais e ofertando cursos preparat\u00f3rios para jovens da capital.<\/p>\n","protected":false},"excerpt":{"rendered":"<p>Ao lado de Janad Valcari, Juarez Rigol teve sua candidatura a vereador oficializada durante conven\u00e7\u00e3o hist\u00f3rica do Partido Liberal (PL) e aliados nesta sexta-feira (02), na Pra\u00e7a dos Girass\u00f3is, em Palmas. Acompanhado de um expressivo n\u00famero de apoiadores e l\u00edderes pol\u00edticos e religiosos, Rigol relembrou dos desafios que j\u00e1 enfrentou em sua vida p\u00fablica e [&hellip;]<\/p>\n","protected":false},"author":2,"featured_media":20303,"comment_status":"open","ping_status":"open","sticky":false,"template":"","format":"standard","meta":[],"categories":[4],"tags":[],"_links":{"self":[{"href":"https:\/\/dgospel.com.br\/portal\/index.php\/wp-json\/wp\/v2\/posts\/20302"}],"collection":[{"href":"https:\/\/dgospel.com.br\/portal\/index.php\/wp-json\/wp\/v2\/posts"}],"about":[{"href":"https:\/\/dgospel.com.br\/portal\/index.php\/wp-json\/wp\/v2\/types\/post"}],"author":[{"embeddable":true,"href":"https:\/\/dgospel.com.br\/portal\/index.php\/wp-json\/wp\/v2\/users\/2"}],"replies":[{"embeddable":true,"href":"https:\/\/dgospel.com.br\/portal\/index.php\/wp-json\/wp\/v2\/comments?post=20302"}],"version-history":[{"count":1,"href":"https:\/\/dgospel.com.br\/portal\/index.php\/wp-json\/wp\/v2\/posts\/20302\/revisions"}],"predecessor-version":[{"id":20305,"href":"https:\/\/dgospel.com.br\/portal\/index.php\/wp-json\/wp\/v2\/posts\/20302\/revisions\/20305"}],"wp:featuredmedia":[{"embeddable":true,"href":"https:\/\/dgospel.com.br\/portal\/index.php\/wp-json\/wp\/v2\/media\/20303"}],"wp:attachment":[{"href":"https:\/\/dgospel.com.br\/portal\/index.php\/wp-json\/wp\/v2\/media?parent=20302"}],"wp:term":[{"taxonomy":"category","embeddable":true,"href":"https:\/\/dgospel.com.br\/portal\/index.php\/wp-json\/wp\/v2\/categories?post=20302"},{"taxonomy":"post_tag","embeddable":true,"href":"https:\/\/dgospel.com.br\/portal\/index.php\/wp-json\/wp\/v2\/tags?post=20302"}],"curies":[{"name":"wp","href":"https:\/\/api.w.org\/{rel}","templated":true}]}}