{"id":20306,"date":"2024-08-05T11:57:05","date_gmt":"2024-08-05T14:57:05","guid":{"rendered":"https:\/\/dgospel.com.br\/portal\/?p=20306"},"modified":"2024-08-05T11:57:05","modified_gmt":"2024-08-05T14:57:05","slug":"uniao-europeia-nao-reconhece-reeleicao-de-maduro-e-cobra-atas","status":"publish","type":"post","link":"https:\/\/dgospel.com.br\/portal\/index.php\/2024\/08\/05\/uniao-europeia-nao-reconhece-reeleicao-de-maduro-e-cobra-atas\/","title":{"rendered":"Uni\u00e3o Europeia n\u00e3o reconhece reelei\u00e7\u00e3o de Maduro e cobra atas"},"content":{"rendered":"\n<p>Ap\u00f3s sete pa\u00edses da Uni\u00e3o Europeia emitirem uma declara\u00e7\u00e3o conjunta para que o governo da Venezuela divulgasse as atas da elei\u00e7\u00e3o presidencial no s\u00e1bado (3), a Uni\u00e3o Europeia afirmou na noite deste domingo (4), que os resultados na regi\u00e3o \u201cn\u00e3o podem ser reconhecidos\u201d.<\/p>\n\n\n\n<p>\u2013 O Conselho Nacional Eleitoral da Venezuela (CNE) ainda n\u00e3o publicou os registros oficiais de vota\u00e7\u00e3o das se\u00e7\u00f5es eleitorais. Sem evid\u00eancias para apoi\u00e1-los, os resultados publicados em 2 de agosto pelo CNE n\u00e3o podem ser reconhecidos \u2013 afirmou em nota o bloco econ\u00f4mico que re\u00fane 27 pa\u00edses do continente europeu.<\/p>\n\n\n\n<p>O comunicado menciona ainda que qualquer tentativa de atrasar a publica\u00e7\u00e3o completa dos registros oficiais de vota\u00e7\u00e3o s\u00f3 lan\u00e7ar\u00e1 mais d\u00favidas sobre a credibilidade dos resultados oficialmente publicados.<\/p>\n\n\n\n<p>O bloco europeu acrescenta que c\u00f3pias dos registros de vota\u00e7\u00e3o eleitoral publicados pela oposi\u00e7\u00e3o e revisados por diversas organiza\u00e7\u00f5es independentes indicam que Edmundo Gonz\u00e1lez Urrutia, o l\u00edder da oposi\u00e7\u00e3o, parece ser o vencedor das elei\u00e7\u00f5es presidenciais por uma maioria significativa.<\/p>\n\n\n\n<p>Para a Uni\u00e3o Europeia, \u00e9 necess\u00e1rio que seja realizada uma verifica\u00e7\u00e3o independente dos registros eleitorais por meio de uma entidade de grande renome.<\/p>\n\n\n\n<p>\u2013 A Uni\u00e3o Europeia est\u00e1 seriamente preocupada com o n\u00famero crescente de deten\u00e7\u00f5es arbitr\u00e1rias e o ass\u00e9dio cont\u00ednuo da oposi\u00e7\u00e3o \u2013 afirmou o bloco europeu,<\/p>\n\n\n\n<p>E pediu ainda que as autoridades venezuelanas interrompam o avan\u00e7o nas deten\u00e7\u00f5es arbitr\u00e1rias, al\u00e9m de conter a repress\u00e3o e cessar a ret\u00f3rica violenta contra membros da oposi\u00e7\u00e3o e da sociedade civil, em conjunto com a liberta\u00e7\u00e3o dos presos pol\u00edticos.<\/p>\n\n\n\n<p>Por outro lado, o bloco defendeu que as manifesta\u00e7\u00f5es pol\u00edticas na regi\u00e3o permane\u00e7am pac\u00edficas.<\/p>\n\n\n\n<p>\u2013 A Uni\u00e3o Europeia pede calma e conten\u00e7\u00e3o. As autoridades venezuelanas, incluindo as for\u00e7as de seguran\u00e7a, devem respeitar integralmente os direitos humanos, incluindo a liberdade de express\u00e3o e de reuni\u00e3o.<\/p>\n\n\n\n<p>A organiza\u00e7\u00e3o tamb\u00e9m reconheceu os esfor\u00e7os dos \u201cparceiros regionais\u201d voltados para a promo\u00e7\u00e3o do di\u00e1logo, al\u00e9m de uma solu\u00e7\u00e3o negociada para a crise.<\/p>\n\n\n\n<p>*AE<\/p>\n","protected":false},"excerpt":{"rendered":"<p>Ap\u00f3s sete pa\u00edses da Uni\u00e3o Europeia emitirem uma declara\u00e7\u00e3o conjunta para que o governo da Venezuela divulgasse as atas da elei\u00e7\u00e3o presidencial no s\u00e1bado (3), a Uni\u00e3o Europeia afirmou na noite deste domingo (4), que os resultados na regi\u00e3o \u201cn\u00e3o podem ser reconhecidos\u201d. \u2013 O Conselho Nacional Eleitoral da Venezuela (CNE) ainda n\u00e3o publicou os [&hellip;]<\/p>\n","protected":false},"author":2,"featured_media":20307,"comment_status":"open","ping_status":"open","sticky":false,"template":"","format":"standard","meta":[],"categories":[12,16],"tags":[],"_links":{"self":[{"href":"https:\/\/dgospel.com.br\/portal\/index.php\/wp-json\/wp\/v2\/posts\/20306"}],"collection":[{"href":"https:\/\/dgospel.com.br\/portal\/index.php\/wp-json\/wp\/v2\/posts"}],"about":[{"href":"https:\/\/dgospel.com.br\/portal\/index.php\/wp-json\/wp\/v2\/types\/post"}],"author":[{"embeddable":true,"href":"https:\/\/dgospel.com.br\/portal\/index.php\/wp-json\/wp\/v2\/users\/2"}],"replies":[{"embeddable":true,"href":"https:\/\/dgospel.com.br\/portal\/index.php\/wp-json\/wp\/v2\/comments?post=20306"}],"version-history":[{"count":1,"href":"https:\/\/dgospel.com.br\/portal\/index.php\/wp-json\/wp\/v2\/posts\/20306\/revisions"}],"predecessor-version":[{"id":20308,"href":"https:\/\/dgospel.com.br\/portal\/index.php\/wp-json\/wp\/v2\/posts\/20306\/revisions\/20308"}],"wp:featuredmedia":[{"embeddable":true,"href":"https:\/\/dgospel.com.br\/portal\/index.php\/wp-json\/wp\/v2\/media\/20307"}],"wp:attachment":[{"href":"https:\/\/dgospel.com.br\/portal\/index.php\/wp-json\/wp\/v2\/media?parent=20306"}],"wp:term":[{"taxonomy":"category","embeddable":true,"href":"https:\/\/dgospel.com.br\/portal\/index.php\/wp-json\/wp\/v2\/categories?post=20306"},{"taxonomy":"post_tag","embeddable":true,"href":"https:\/\/dgospel.com.br\/portal\/index.php\/wp-json\/wp\/v2\/tags?post=20306"}],"curies":[{"name":"wp","href":"https:\/\/api.w.org\/{rel}","templated":true}]}}