{"id":20319,"date":"2024-08-05T20:46:19","date_gmt":"2024-08-05T23:46:19","guid":{"rendered":"https:\/\/dgospel.com.br\/portal\/?p=20319"},"modified":"2024-08-05T20:46:20","modified_gmt":"2024-08-05T23:46:20","slug":"nicaragua-expulsou-mais-de-23-do-clero-sob-regime-socialista-de-daniel-ortega","status":"publish","type":"post","link":"https:\/\/dgospel.com.br\/portal\/index.php\/2024\/08\/05\/nicaragua-expulsou-mais-de-23-do-clero-sob-regime-socialista-de-daniel-ortega\/","title":{"rendered":"Nicar\u00e1gua expulsou mais de 23% do clero sob regime socialista de Daniel Ortega"},"content":{"rendered":"\n<p>Um sacerdote for\u00e7ado ao ex\u00edlio descreveu a persegui\u00e7\u00e3o implac\u00e1vel que a Igreja Cat\u00f3lica enfrenta na&nbsp;<a href=\"https:\/\/guiame.com.br\/gospel\/missoes-acao-social\/nicaragua-regime-ortega-mantem-100-pastores-presos.html\"><strong>Nicar\u00e1gua<\/strong><\/a>&nbsp;desde 2018, afirmando que \u201ca Igreja foi decapitada\u201d.<\/p>\n\n\n\n<p>Em entrevista ao La Prensa, sob estritas condi\u00e7\u00f5es de confidencialidade, ele afirmou que acredita que o presidente do regime comunista, comandado por&nbsp;<a href=\"https:\/\/guiame.com.br\/gospel\/missoes-acao-social\/repressao-da-fe-crista-nicaragua-volta-proibir-procissoes-da-semana-santa.html\"><strong>Daniel Ortega<\/strong><\/a>&nbsp;e Rosario Murillo, est\u00e1 determinado a, se n\u00e3o destruir, pelo menos reduzir a Igreja Cat\u00f3lica na Nicar\u00e1gua \u00e0 insignific\u00e2ncia.<\/p>\n\n\n\n<p>Desde abril de 2018, mais de 140 figuras religiosas, incluindo um n\u00fancio apost\u00f3lico, tr\u00eas bispos e v\u00e1rios padres, foram for\u00e7adas a deixar a Nicar\u00e1gua ap\u00f3s a brutal repress\u00e3o da rebeli\u00e3o cidad\u00e3 pela ditadura.<\/p>\n\n\n\n<p>A repress\u00e3o resultou na morte de mais de 325 nicaraguenses, conforme relatado por organiza\u00e7\u00f5es internacionais e especialistas em direitos humanos encomendados pela Organiza\u00e7\u00e3o dos Estados Americanos e pelas Na\u00e7\u00f5es Unidas.<\/p>\n\n\n\n<p>A Igreja denunciou os assassinatos, pris\u00f5es ilegais, julgamentos sum\u00e1rios e a repress\u00e3o generalizada do regime. Essa viol\u00eancia, amplamente reconhecida pela comunidade internacional como crimes contra a humanidade, foi perpetrada pela ditadura.<\/p>\n\n\n\n<p>\u201cPor causa dessa den\u00fancia, a Igreja \u00e9 um inc\u00f4modo para eles\u201d, diz o sacerdote.<\/p>\n\n\n\n<p><strong>Ditadura<\/strong><\/p>\n\n\n\n<p>Uma contagem realizada pela La Prensa estima que h\u00e1 pelo menos 611 membros do clero na Nicar\u00e1gua. Os 143 sacerdotes representam cerca de 23% do clero na prov\u00edncia eclesi\u00e1stica da Nicar\u00e1gua, que inclui uma arquidiocese e oito dioceses.<\/p>\n\n\n\n<p>Todas as dioceses foram afetadas pela repress\u00e3o do regime, que expulsa padres de v\u00e1rias maneiras: alguns s\u00e3o for\u00e7ados ao ex\u00edlio, outros n\u00e3o podem retornar, mesmo sendo nicaraguenses, e h\u00e1 casos extremos em que 30 membros do clero foram presos por meses antes de serem banidos para o Vaticano.<\/p>\n\n\n\n<p>Em outubro de 2023, a&nbsp;<a href=\"https:\/\/guiame.com.br\/gospel\/missoes-acao-social\/cristas-sao-espancadas-por-orarem-em-voz-alta-em-prisao-na-nicaragua.html\"><strong>ditadura<\/strong><\/a>&nbsp;expulsou 12 figuras religiosas e, em janeiro de 2024, mais 18, incluindo os Bispos Isidoro Mora, da Diocese de Siuna, e Rolando \u00c1lvarez, da Diocese de Matagalpa, uma das mais afetadas.<\/p>\n\n\n\n<p>\u201cEssa aus\u00eancia afeta toda a prov\u00edncia. H\u00e1 dioceses como Matagalpa, onde quase metade do clero est\u00e1 no ex\u00edlio. Outras dioceses que enfrentam problemas s\u00e3o Estel\u00ed e a Arquidiocese de Man\u00e1gua. Os sacerdotes restantes s\u00e3o jovens, mas est\u00e3o fazendo o que podem\u201d, diz o padre.<\/p>\n\n\n\n<p>A opera\u00e7\u00e3o da ditadura contra o clero tem sido meticulosa e abrangente. Al\u00e9m de expulsar as vozes mais cr\u00edticas do p\u00falpito e da m\u00eddia independente, agora no ex\u00edlio, o regime tamb\u00e9m removeu sacerdotes altamente qualificados.<\/p>\n\n\n\n<p><strong>Expuls\u00f5es<\/strong><\/p>\n\n\n\n<p>Em dezembro de 2023, a repress\u00e3o se intensificou com a expuls\u00e3o de figuras-chave. Um caso emblem\u00e1tico foi a pris\u00e3o e subsequente expuls\u00e3o do Padre Ra\u00fal Zamora, pastor da Par\u00f3quia da Divina Miseric\u00f3rdia em Villa Fontana, Man\u00e1gua.<\/p>\n\n\n\n<p>Na noite de 13 de julho e na madrugada de 14 de julho de 2018, sua&nbsp;<a href=\"https:\/\/guiame.com.br\/gospel\/mundo-cristao\/o-cristianismo-esta-sob-ataque-diz-pastor-apos-biblias-queimadas-em-frente-igreja.html\"><strong>igreja foi atacada<\/strong><\/a>&nbsp;por paramilitares durante 12 horas, ap\u00f3s o padre abrigar estudantes da Universidade Nacional Aut\u00f4noma da Nicar\u00e1gua (UNAN) que estavam fugindo de tiros.<\/p>\n\n\n\n<p>O estudante Gerald V\u00e1squez L\u00f3pez morreu dentro da igreja ap\u00f3s ser baleado na cabe\u00e7a fora do templo. O Padre Zamora deixou os buracos de bala nas paredes da igreja como um testemunho da brutal agress\u00e3o.<\/p>\n\n\n\n<p><strong>Regime atrapalha a transi\u00e7\u00e3o geracional<\/strong><\/p>\n\n\n\n<p>Embora atualmente n\u00e3o haja padres na pris\u00e3o e a Igreja evite coment\u00e1rios que possam perturbar a ditadura, os relatos de ass\u00e9dio continuam. A repress\u00e3o parece ter entrado em uma nova fase, agora visando a transi\u00e7\u00e3o geracional dentro da institui\u00e7\u00e3o.<\/p>\n\n\n\n<p>No s\u00e1bado, 27 de julho, o administrador &#8220;Ad Omnia&#8221; da Diocese de Estel\u00ed, Padre Frutos Valle (a mais alta autoridade na aus\u00eancia do bispo), foi ordenado pela pol\u00edcia do regime a cancelar a ordena\u00e7\u00e3o de tr\u00eas di\u00e1conos.<\/p>\n\n\n\n<p>Ap\u00f3s o cancelamento ser divulgado na m\u00eddia, a pol\u00edcia deteve o Padre Valle, de 80 anos, e o levou para pris\u00e3o domiciliar ilegal, sem acusa\u00e7\u00f5es ou investiga\u00e7\u00e3o formal.<\/p>\n\n\n\n<p>Segundo a padre e pesquisadora Martha Patricia Molina, os seminaristas enfrentam um problema mais amplo: a impossibilidade de validar e complementar seus estudos do semin\u00e1rio, j\u00e1 que n\u00e3o h\u00e1 universidades na Nicar\u00e1gua que reconhe\u00e7am ou ampliem suas ofertas acad\u00eamicas. Isso serve como um desincentivo adicional para os jovens que desejam ingressar no semin\u00e1rio em um pa\u00eds onde a Igreja est\u00e1 cercada.<\/p>\n\n\n\n<p>\u201cN\u00e3o \u00e9 o mesmo que um padre receba a prepara\u00e7\u00e3o apenas do semin\u00e1rio, como \u00e9 para quem tamb\u00e9m tem forma\u00e7\u00e3o acad\u00eamica, que oferece uma perspectiva diferente e complementa a prepara\u00e7\u00e3o fornecida no semin\u00e1rio\u201d, explicou Molina.<\/p>\n\n\n\n<p>Os seminaristas complementaram seus estudos teol\u00f3gicos com cursos de Filosofia e Humanidades da Universidade Juan Pablo II e da Universidade Imaculada Concei\u00e7\u00e3o de Man\u00e1gua.<\/p>\n\n\n\n<p><strong>Ex\u00edlio<\/strong><\/p>\n\n\n\n<p>Dos 10 bispos que comp\u00f5em a Confer\u00eancia Episcopal da Nicar\u00e1gua (CEN), tr\u00eas est\u00e3o no ex\u00edlio: Monsenhor Silvio B\u00e1ez, Bispo Auxiliar da Arquidiocese de Man\u00e1gua; Monsenhor Rolando \u00c1lvarez, Bispo de Matagalpa; e Monsenhor Isidoro Mora, Bispo de Siuna.<\/p>\n\n\n\n<p>Monsenhor Abelardo Mata, ex-bispo de Estel\u00ed, aposentou-se em 2021, e o cardeal Leopoldo Brenes, arcebispo de Man\u00e1gua, e Monsenhor Carlos Enrique Herrera, bispo de Jinotega, atingiram a idade de 75 anos e devem apresentar suas ren\u00fancias. No entanto, o Papa pode permitir que permane\u00e7am em suas fun\u00e7\u00f5es por mais tempo, se continuarem a desempenhar plenamente seus deveres.<\/p>\n\n\n\n<p>Dado que a ditadura provavelmente n\u00e3o permitir\u00e1 o retorno dos bispos exilados, a Nicar\u00e1gua dever\u00e1 nomear tr\u00eas novos bispos para substituir os aposentados. O Vaticano tamb\u00e9m precisar\u00e1 encontrar uma forma de lidar com a situa\u00e7\u00e3o dos bispos exilados.<\/p>\n\n\n\n<p>A situa\u00e7\u00e3o \u00e9 complicada devido ao n\u00famero de sacerdotes que foram for\u00e7ados a sair. \u201cAtualmente, n\u00e3o h\u00e1 candidatos. O Papa provavelmente estender\u00e1 os mandatos do cardeal e do bispo Herrera, mas a situa\u00e7\u00e3o \u00e9 dif\u00edcil, especialmente porque n\u00e3o h\u00e1 n\u00fancio,\u201d afirmou o padre.<\/p>\n\n\n\n<p>N\u00e3o h\u00e1, no momento, sacerdotes com a capacidade de serem bispos. Apesar de alguns desejarem a posi\u00e7\u00e3o, como o padre Julio Arana, da Igreja de S\u00e3o Judas Tadeu em San Judas, e o padre Boanerges Carballo, da Igreja de Santo Domingo em Las Sierritas de Man\u00e1gua, ambos considerados pr\u00f3ximos da ditadura.<\/p>\n","protected":false},"excerpt":{"rendered":"<p>Um sacerdote for\u00e7ado ao ex\u00edlio descreveu a persegui\u00e7\u00e3o implac\u00e1vel que a Igreja Cat\u00f3lica enfrenta na&nbsp;Nicar\u00e1gua&nbsp;desde 2018, afirmando que \u201ca Igreja foi decapitada\u201d. Em entrevista ao La Prensa, sob estritas condi\u00e7\u00f5es de confidencialidade, ele afirmou que acredita que o presidente do regime comunista, comandado por&nbsp;Daniel Ortega&nbsp;e Rosario Murillo, est\u00e1 determinado a, se n\u00e3o destruir, pelo menos [&hellip;]<\/p>\n","protected":false},"author":2,"featured_media":20320,"comment_status":"open","ping_status":"open","sticky":false,"template":"","format":"standard","meta":[],"categories":[12,16],"tags":[],"_links":{"self":[{"href":"https:\/\/dgospel.com.br\/portal\/index.php\/wp-json\/wp\/v2\/posts\/20319"}],"collection":[{"href":"https:\/\/dgospel.com.br\/portal\/index.php\/wp-json\/wp\/v2\/posts"}],"about":[{"href":"https:\/\/dgospel.com.br\/portal\/index.php\/wp-json\/wp\/v2\/types\/post"}],"author":[{"embeddable":true,"href":"https:\/\/dgospel.com.br\/portal\/index.php\/wp-json\/wp\/v2\/users\/2"}],"replies":[{"embeddable":true,"href":"https:\/\/dgospel.com.br\/portal\/index.php\/wp-json\/wp\/v2\/comments?post=20319"}],"version-history":[{"count":1,"href":"https:\/\/dgospel.com.br\/portal\/index.php\/wp-json\/wp\/v2\/posts\/20319\/revisions"}],"predecessor-version":[{"id":20321,"href":"https:\/\/dgospel.com.br\/portal\/index.php\/wp-json\/wp\/v2\/posts\/20319\/revisions\/20321"}],"wp:featuredmedia":[{"embeddable":true,"href":"https:\/\/dgospel.com.br\/portal\/index.php\/wp-json\/wp\/v2\/media\/20320"}],"wp:attachment":[{"href":"https:\/\/dgospel.com.br\/portal\/index.php\/wp-json\/wp\/v2\/media?parent=20319"}],"wp:term":[{"taxonomy":"category","embeddable":true,"href":"https:\/\/dgospel.com.br\/portal\/index.php\/wp-json\/wp\/v2\/categories?post=20319"},{"taxonomy":"post_tag","embeddable":true,"href":"https:\/\/dgospel.com.br\/portal\/index.php\/wp-json\/wp\/v2\/tags?post=20319"}],"curies":[{"name":"wp","href":"https:\/\/api.w.org\/{rel}","templated":true}]}}