{"id":20328,"date":"2024-08-06T11:36:36","date_gmt":"2024-08-06T14:36:36","guid":{"rendered":"https:\/\/dgospel.com.br\/portal\/?p=20328"},"modified":"2024-08-06T11:36:37","modified_gmt":"2024-08-06T14:36:37","slug":"crise-na-venezuela-30-lideres-internacionais-cobram-para-lula-reafirme-compromisso-com-a-democracia-e-a-liberdade","status":"publish","type":"post","link":"https:\/\/dgospel.com.br\/portal\/index.php\/2024\/08\/06\/crise-na-venezuela-30-lideres-internacionais-cobram-para-lula-reafirme-compromisso-com-a-democracia-e-a-liberdade\/","title":{"rendered":"Crise na Venezuela: 30 l\u00edderes internacionais cobram para Lula \u201creafirme compromisso com a democracia e a liberdade\u201d"},"content":{"rendered":"\n<p>Na manh\u00e3 desta segunda-feira (05), uma carta significativa foi enviada ao presidente brasileiro Luiz In\u00e1cio Lula da Silva por 30 ex-chefes de Estado e de governo da Espanha e Am\u00e9rica Latina. Os signat\u00e1rios, membros da Iniciativa Democr\u00e1tica da Espanha e das Am\u00e9ricas (IDEA), exortaram Lula a reafirmar o compromisso do Brasil com a democracia e a liberdade, em especial no contexto venezuelano.<\/p>\n\n\n\n<p>A carta enfatiza a necessidade de Lula adotar uma posi\u00e7\u00e3o que promova a democracia na Venezuela, em um momento em que o pa\u00eds enfrenta profundas controv\u00e9rsias eleitorais. \u201cO que est\u00e1 acontecendo \u00e9 um esc\u00e2ndalo. Todos os governos americanos e europeus sabem disso. Admitir tal precedente prejudicar\u00e1 mortalmente os esfor\u00e7os que continuar\u00e3o a ser feitos com tanto sacrif\u00edcio nas Am\u00e9ricas para defender a tr\u00edade da democracia, do Estado e dos direitos humanos\u201d, destacou o documento.<\/p>\n\n\n\n<p>Entre os ex-l\u00edderes que assinaram a carta est\u00e3o Maur\u00edcio Macri (Argentina), \u00c1lvaro Uribe e Iv\u00e1n Duque (Col\u00f4mbia), Vicente Fox (M\u00e9xico), Guillermo Lasso (Equador) e Carlos Mesa (Bol\u00edvia). Curiosamente, o ex-presidente brasileiro Fernando Henrique Cardoso, embora membro do IDEA, n\u00e3o assinou a carta.<\/p>\n\n\n\n<p>A solicita\u00e7\u00e3o chega em um contexto onde a oposi\u00e7\u00e3o venezuelana, liderada por Edmundo Gonz\u00e1lez, reivindica a vit\u00f3ria nas recentes elei\u00e7\u00f5es, alegando ter o respaldo das atas eleitorais. Os Estados Unidos j\u00e1 reconheceram a vit\u00f3ria de Gonz\u00e1lez, enquanto uma contagem independente realizada pela Associated Press tamb\u00e9m confirmou sua lideran\u00e7a com uma margem de 500 mil votos.<\/p>\n\n\n\n<p>Este apelo dos ex-l\u00edderes acontece ap\u00f3s a vit\u00f3ria de Nicol\u00e1s Maduro ser anunciada pelo Conselho Nacional Eleitoral (CNE) da Venezuela, \u00f3rg\u00e3o comandado por um aliado do presidente e marcado por alega\u00e7\u00f5es de atraso na contagem de votos devido a um ataque cibern\u00e9tico. A oposi\u00e7\u00e3o, tendo acesso a mais de 80% das atas eleitorais, publicou esses documentos em um site, possibilitando a verifica\u00e7\u00e3o independente dos resultados pela AP.<\/p>\n\n\n\n<p>A press\u00e3o internacional sobre o Brasil para que adote uma postura mais ativa na promo\u00e7\u00e3o da democracia na Venezuela \u00e9 crescente, especialmente em face das tens\u00f5es e disputas eleitorais que marcam a pol\u00edtica venezuelana. A resposta do presidente Lula a estas solicita\u00e7\u00f5es ainda est\u00e1 pendente e \u00e9 aguardada com grande expectativa.<\/p>\n","protected":false},"excerpt":{"rendered":"<p>Na manh\u00e3 desta segunda-feira (05), uma carta significativa foi enviada ao presidente brasileiro Luiz In\u00e1cio Lula da Silva por 30 ex-chefes de Estado e de governo da Espanha e Am\u00e9rica Latina. Os signat\u00e1rios, membros da Iniciativa Democr\u00e1tica da Espanha e das Am\u00e9ricas (IDEA), exortaram Lula a reafirmar o compromisso do Brasil com a democracia e [&hellip;]<\/p>\n","protected":false},"author":2,"featured_media":20329,"comment_status":"open","ping_status":"open","sticky":false,"template":"","format":"standard","meta":[],"categories":[4],"tags":[13],"_links":{"self":[{"href":"https:\/\/dgospel.com.br\/portal\/index.php\/wp-json\/wp\/v2\/posts\/20328"}],"collection":[{"href":"https:\/\/dgospel.com.br\/portal\/index.php\/wp-json\/wp\/v2\/posts"}],"about":[{"href":"https:\/\/dgospel.com.br\/portal\/index.php\/wp-json\/wp\/v2\/types\/post"}],"author":[{"embeddable":true,"href":"https:\/\/dgospel.com.br\/portal\/index.php\/wp-json\/wp\/v2\/users\/2"}],"replies":[{"embeddable":true,"href":"https:\/\/dgospel.com.br\/portal\/index.php\/wp-json\/wp\/v2\/comments?post=20328"}],"version-history":[{"count":1,"href":"https:\/\/dgospel.com.br\/portal\/index.php\/wp-json\/wp\/v2\/posts\/20328\/revisions"}],"predecessor-version":[{"id":20330,"href":"https:\/\/dgospel.com.br\/portal\/index.php\/wp-json\/wp\/v2\/posts\/20328\/revisions\/20330"}],"wp:featuredmedia":[{"embeddable":true,"href":"https:\/\/dgospel.com.br\/portal\/index.php\/wp-json\/wp\/v2\/media\/20329"}],"wp:attachment":[{"href":"https:\/\/dgospel.com.br\/portal\/index.php\/wp-json\/wp\/v2\/media?parent=20328"}],"wp:term":[{"taxonomy":"category","embeddable":true,"href":"https:\/\/dgospel.com.br\/portal\/index.php\/wp-json\/wp\/v2\/categories?post=20328"},{"taxonomy":"post_tag","embeddable":true,"href":"https:\/\/dgospel.com.br\/portal\/index.php\/wp-json\/wp\/v2\/tags?post=20328"}],"curies":[{"name":"wp","href":"https:\/\/api.w.org\/{rel}","templated":true}]}}