{"id":20337,"date":"2024-08-06T20:53:47","date_gmt":"2024-08-06T23:53:47","guid":{"rendered":"https:\/\/dgospel.com.br\/portal\/?p=20337"},"modified":"2024-08-06T20:53:48","modified_gmt":"2024-08-06T23:53:48","slug":"policia-militar-inicia-curso-de-policiamento-de-transito-rodoviario-com-aula-inaugural-em-palmas","status":"publish","type":"post","link":"https:\/\/dgospel.com.br\/portal\/index.php\/2024\/08\/06\/policia-militar-inicia-curso-de-policiamento-de-transito-rodoviario-com-aula-inaugural-em-palmas\/","title":{"rendered":"Pol\u00edcia Militar inicia Curso de Policiamento de Tr\u00e2nsito Rodovi\u00e1rio com aula inaugural em Palmas"},"content":{"rendered":"\n<p>A Pol\u00edcia Militar do Tocantins (PMTO) deu in\u00edcio nessa segunda-feira, 5, ao 5\u00b0 Curso de Policiamento de Tr\u00e2nsito Rodovi\u00e1rio (5\u00b0 CPTR) em uma cerim\u00f4nia realizada no audit\u00f3rio do Quartel do Comando-Geral em Palmas (QCG). O evento marcou o come\u00e7o de uma jornada de 380 horas de treinamento intensivo para os policiais militares, distribu\u00eddas em 22 disciplinas que ser\u00e3o ministradas ao longo de sete semanas.<\/p>\n\n\n\n<p>O comandante-geral da PMTO, coronel PM M\u00e1rcio Ant\u00f4nio Barbosa de Mendon\u00e7a, destacou a relev\u00e2ncia do curso na capacita\u00e7\u00e3o dos policiais rodovi\u00e1rios e seu impacto na seguran\u00e7a p\u00fablica. &#8220;Este curso \u00e9 uma oportunidade para nossos policiais se especializarem e se prepararem ainda mais para as demandas do policiamento rodovi\u00e1rio, garantindo um servi\u00e7o de qualidade \u00e0 popula\u00e7\u00e3o&#8221;, afirmou o comandante.<\/p>\n\n\n\n<p>O coronel Barbosa tamb\u00e9m expressou suas preocupa\u00e7\u00f5es com o bem-estar dos policiais. \u201cTenho uma preocupa\u00e7\u00e3o muito grande com cada policial que est\u00e1 na rua. A a\u00e7\u00e3o do policial militar tem que ser baseada no profissionalismo e na capacita\u00e7\u00e3o e, para isso, estamos sempre buscando melhorar\u201d, destacou.&nbsp;<\/p>\n\n\n\n<p>O evento contou com a presen\u00e7a do comandante do Policiamento de Tr\u00e2nsito da Pol\u00edcia Militar do Mato Grosso do Sul, coronel Elcio Almeida, que falou sobre a honra de fazer esse interc\u00e2mbio de conhecimento com a PMTO. &#8220;\u00c9 a primeira vez que estou no Estado e me sinto grato por poder compartilhar conhecimento e contribuir com a forma\u00e7\u00e3o dos policiais militares do V CPTR&#8221;, afirmou coronel Almeida.<\/p>\n\n\n\n<p>A cerim\u00f4nia teve ainda a participa\u00e7\u00e3o do chefe do Estado-Maior da PM, coronel PM Cl\u00e1udio Thomaz Coelho de Souza; do sub-chefe do Estado-Maior, coronel PM Marizon Mendes Marques, que realizou a entrega do Certificado de Reconhecimento e uma homenagem ao palestrante, coronel Elcio, e do coordenador do 5\u00b0 CPTR, major PM Jos\u00e9 Willamy Aguiar Miranda.&nbsp;<\/p>\n\n\n\n<p><strong>Sobre o 5\u00ba Curso de Policiamento de Tr\u00e2nsito Rodovi\u00e1rio&nbsp;<\/strong><\/p>\n\n\n\n<p>O 5\u00b0 CPTR visa preparar os participantes para assumirem fun\u00e7\u00f5es e miss\u00f5es inerentes \u00e0 modalidade de policiamento especializado exercido pelo Batalh\u00e3o de Pol\u00edcia Militar Rodovi\u00e1rio e Divisas (BPMRED). Ao final do curso, os policiais militares ser\u00e3o certificados como patrulheiros rodovi\u00e1rios, prontos para contribuir com a seguran\u00e7a vi\u00e1ria do Estado.<\/p>\n\n\n\n<p>Al\u00e9m da aula inaugural, a cerim\u00f4nia contou com momentos de reflex\u00e3o sobre a import\u00e2ncia do compromisso e da dedica\u00e7\u00e3o dos policiais no desempenho de suas fun\u00e7\u00f5es. O curso \u00e9 visto como um passo fundamental para fortalecer as capacidades operacionais e intelectuais da corpora\u00e7\u00e3o, promovendo inova\u00e7\u00e3o e criatividade no enfrentamento das diversas demandas sociais e institucionais.<\/p>\n\n\n\n<p><img src=\"https:\/\/central.to.gov.br\/image\/387952?w=670&amp;h=383\"><\/p>\n\n\n\n<p>Comandante-Geral destacou a relev\u00e2ncia do curso na capacita\u00e7\u00e3o dos policiais rodovi\u00e1rios e seu impacto na seguran\u00e7a p\u00fablica &#8211; Felipe Cruz\/Governo do Tocantins&nbsp;<a href=\"https:\/\/central.to.gov.br\/image\/387952?f=1\" target=\"_blank\" rel=\"noreferrer noopener\"><em>file_download<\/em><\/a><\/p>\n\n\n\n<p><img src=\"https:\/\/central.to.gov.br\/image\/387951?w=670&amp;h=383\"><\/p>\n\n\n\n<p>Curso vai preparar os participantes para miss\u00f5es inerentes \u00e0 modalidade de policiamento especializado do BPMRED &#8211; Felipe Cruz\/Governo do Tocantins&nbsp;<a href=\"https:\/\/central.to.gov.br\/image\/387951?f=1\" target=\"_blank\" rel=\"noreferrer noopener\"><em>file_download<\/em><\/a><\/p>\n\n\n\n<p><img src=\"https:\/\/central.to.gov.br\/image\/387949?w=670&amp;h=383\"><\/p>\n\n\n\n<p>Comandante do Policiamento de Tr\u00e2nsito da Pol\u00edcia Militar do Mato Grosso do Sul, coronel Elcio Almeida, foi convidado a palestrar na aula inaugural &#8211; Felipe Cruz\/Governo do Tocantins&nbsp;<a href=\"https:\/\/central.to.gov.br\/image\/387949?f=1\" target=\"_blank\" rel=\"noreferrer noopener\"><em>file_download<\/em><\/a><\/p>\n\n\n\n<p><img src=\"https:\/\/central.to.gov.br\/image\/387950?w=670&amp;h=383\"><\/p>\n\n\n\n<p>Apresenta\u00e7\u00e3o da turma pelo coordenador do curso, major Jos\u00e9 Willamy Aguiar Miranda &#8211; Felipe Cruz\/Governo do Tocantins&nbsp;<a href=\"https:\/\/central.to.gov.br\/image\/387950?f=1\" target=\"_blank\" rel=\"noreferrer noopener\"><em>file_download<\/em><\/a><a href=\"javascript:\"><em>keyboard_arrow_up<\/em><\/a><\/p>\n","protected":false},"excerpt":{"rendered":"<p>A Pol\u00edcia Militar do Tocantins (PMTO) deu in\u00edcio nessa segunda-feira, 5, ao 5\u00b0 Curso de Policiamento de Tr\u00e2nsito Rodovi\u00e1rio (5\u00b0 CPTR) em uma cerim\u00f4nia realizada no audit\u00f3rio do Quartel do Comando-Geral em Palmas (QCG). O evento marcou o come\u00e7o de uma jornada de 380 horas de treinamento intensivo para os policiais militares, distribu\u00eddas em 22 [&hellip;]<\/p>\n","protected":false},"author":2,"featured_media":20338,"comment_status":"open","ping_status":"open","sticky":false,"template":"","format":"standard","meta":[],"categories":[3],"tags":[13],"_links":{"self":[{"href":"https:\/\/dgospel.com.br\/portal\/index.php\/wp-json\/wp\/v2\/posts\/20337"}],"collection":[{"href":"https:\/\/dgospel.com.br\/portal\/index.php\/wp-json\/wp\/v2\/posts"}],"about":[{"href":"https:\/\/dgospel.com.br\/portal\/index.php\/wp-json\/wp\/v2\/types\/post"}],"author":[{"embeddable":true,"href":"https:\/\/dgospel.com.br\/portal\/index.php\/wp-json\/wp\/v2\/users\/2"}],"replies":[{"embeddable":true,"href":"https:\/\/dgospel.com.br\/portal\/index.php\/wp-json\/wp\/v2\/comments?post=20337"}],"version-history":[{"count":1,"href":"https:\/\/dgospel.com.br\/portal\/index.php\/wp-json\/wp\/v2\/posts\/20337\/revisions"}],"predecessor-version":[{"id":20339,"href":"https:\/\/dgospel.com.br\/portal\/index.php\/wp-json\/wp\/v2\/posts\/20337\/revisions\/20339"}],"wp:featuredmedia":[{"embeddable":true,"href":"https:\/\/dgospel.com.br\/portal\/index.php\/wp-json\/wp\/v2\/media\/20338"}],"wp:attachment":[{"href":"https:\/\/dgospel.com.br\/portal\/index.php\/wp-json\/wp\/v2\/media?parent=20337"}],"wp:term":[{"taxonomy":"category","embeddable":true,"href":"https:\/\/dgospel.com.br\/portal\/index.php\/wp-json\/wp\/v2\/categories?post=20337"},{"taxonomy":"post_tag","embeddable":true,"href":"https:\/\/dgospel.com.br\/portal\/index.php\/wp-json\/wp\/v2\/tags?post=20337"}],"curies":[{"name":"wp","href":"https:\/\/api.w.org\/{rel}","templated":true}]}}