{"id":20344,"date":"2024-08-07T17:00:08","date_gmt":"2024-08-07T20:00:08","guid":{"rendered":"https:\/\/dgospel.com.br\/portal\/?p=20344"},"modified":"2024-08-07T17:00:10","modified_gmt":"2024-08-07T20:00:10","slug":"ex-candidata-a-vereadora-pelo-pt-e-presa-em-operacao-na-cracolandia","status":"publish","type":"post","link":"https:\/\/dgospel.com.br\/portal\/index.php\/2024\/08\/07\/ex-candidata-a-vereadora-pelo-pt-e-presa-em-operacao-na-cracolandia\/","title":{"rendered":"Ex-candidata a vereadora pelo PT \u00e9 presa em opera\u00e7\u00e3o na Cracol\u00e2ndia"},"content":{"rendered":"\n<p>Na \u00faltima ter\u00e7a-feira, uma opera\u00e7\u00e3o conduzida pelo Minist\u00e9rio P\u00fablico do Estado de S\u00e3o Paulo (MPSP) resultou na pris\u00e3o de seis pessoas acusadas de envolvimento com o tr\u00e1fico de drogas na regi\u00e3o central da capital paulista, incluindo a Cracol\u00e2ndia. Entre os detidos est\u00e1 Janaina da Concei\u00e7\u00e3o Cerqueira Xavier, de 44 anos, que foi candidata \u00e0 C\u00e2mara Municipal de S\u00e3o Paulo pelo PT nas elei\u00e7\u00f5es de 2020 e atualmente ocupa a posi\u00e7\u00e3o de suplente.<\/p>\n\n\n\n<p>Janaina \u00e9 apontada como uma das principais operadoras de um hotel na Alameda Bar\u00e3o de Piracicaba, que supostamente funcionava como um ponto de venda de drogas. A a\u00e7\u00e3o policial foi motivada por intercepta\u00e7\u00f5es de mensagens de WhatsApp, nas quais a suspeita detalhava atividades na Favela do Moinho, pr\u00f3xima \u00e0 Cracol\u00e2ndia.<\/p>\n\n\n\n<p>As investiga\u00e7\u00f5es indicam que Janaina e seus associados, incluindo Leonardo Monteiro Moja, conhecido como \u201cLeo do Moinho\u201d, estariam vinculados ao Primeiro Comando da Capital (PCC), com Leo sendo descrito como o chefe do tr\u00e1fico na Favela do Moinho. Al\u00e9m das pris\u00f5es, foram apreendidos documentos e outros materiais que podem ajudar a esclarecer a extens\u00e3o das opera\u00e7\u00f5es de tr\u00e1fico na \u00e1rea.<\/p>\n\n\n\n<p>O MPSP continua investigando o caso e n\u00e3o descarta a possibilidade de mais pris\u00f5es conforme o desenvolvimento das apura\u00e7\u00f5es. A situa\u00e7\u00e3o na Cracol\u00e2ndia tem sido um desafio constante para as autoridades locais, que buscam solu\u00e7\u00f5es para combater o tr\u00e1fico de drogas e oferecer suporte \u00e0 recupera\u00e7\u00e3o dos dependentes qu\u00edmicos.<\/p>\n","protected":false},"excerpt":{"rendered":"<p>Na \u00faltima ter\u00e7a-feira, uma opera\u00e7\u00e3o conduzida pelo Minist\u00e9rio P\u00fablico do Estado de S\u00e3o Paulo (MPSP) resultou na pris\u00e3o de seis pessoas acusadas de envolvimento com o tr\u00e1fico de drogas na regi\u00e3o central da capital paulista, incluindo a Cracol\u00e2ndia. Entre os detidos est\u00e1 Janaina da Concei\u00e7\u00e3o Cerqueira Xavier, de 44 anos, que foi candidata \u00e0 C\u00e2mara [&hellip;]<\/p>\n","protected":false},"author":2,"featured_media":20345,"comment_status":"open","ping_status":"open","sticky":false,"template":"","format":"standard","meta":[],"categories":[10],"tags":[],"_links":{"self":[{"href":"https:\/\/dgospel.com.br\/portal\/index.php\/wp-json\/wp\/v2\/posts\/20344"}],"collection":[{"href":"https:\/\/dgospel.com.br\/portal\/index.php\/wp-json\/wp\/v2\/posts"}],"about":[{"href":"https:\/\/dgospel.com.br\/portal\/index.php\/wp-json\/wp\/v2\/types\/post"}],"author":[{"embeddable":true,"href":"https:\/\/dgospel.com.br\/portal\/index.php\/wp-json\/wp\/v2\/users\/2"}],"replies":[{"embeddable":true,"href":"https:\/\/dgospel.com.br\/portal\/index.php\/wp-json\/wp\/v2\/comments?post=20344"}],"version-history":[{"count":1,"href":"https:\/\/dgospel.com.br\/portal\/index.php\/wp-json\/wp\/v2\/posts\/20344\/revisions"}],"predecessor-version":[{"id":20346,"href":"https:\/\/dgospel.com.br\/portal\/index.php\/wp-json\/wp\/v2\/posts\/20344\/revisions\/20346"}],"wp:featuredmedia":[{"embeddable":true,"href":"https:\/\/dgospel.com.br\/portal\/index.php\/wp-json\/wp\/v2\/media\/20345"}],"wp:attachment":[{"href":"https:\/\/dgospel.com.br\/portal\/index.php\/wp-json\/wp\/v2\/media?parent=20344"}],"wp:term":[{"taxonomy":"category","embeddable":true,"href":"https:\/\/dgospel.com.br\/portal\/index.php\/wp-json\/wp\/v2\/categories?post=20344"},{"taxonomy":"post_tag","embeddable":true,"href":"https:\/\/dgospel.com.br\/portal\/index.php\/wp-json\/wp\/v2\/tags?post=20344"}],"curies":[{"name":"wp","href":"https:\/\/api.w.org\/{rel}","templated":true}]}}