{"id":20350,"date":"2024-08-07T20:04:51","date_gmt":"2024-08-07T23:04:51","guid":{"rendered":"https:\/\/dgospel.com.br\/portal\/?p=20350"},"modified":"2024-08-07T20:04:52","modified_gmt":"2024-08-07T23:04:52","slug":"presidente-do-chile-diz-nao-ter-duvidas-de-que-maduro-tentou-cometer-fraude","status":"publish","type":"post","link":"https:\/\/dgospel.com.br\/portal\/index.php\/2024\/08\/07\/presidente-do-chile-diz-nao-ter-duvidas-de-que-maduro-tentou-cometer-fraude\/","title":{"rendered":"Presidente do Chile diz n\u00e3o ter d\u00favidas de que Maduro \u2018tentou cometer fraude\u2019"},"content":{"rendered":"\n<p>O presidente do Chile, Gabriel Boric, afirmou, nesta quarta-feira (7), que n\u00e3o tem d\u00favidas de que o governo de Nicol\u00e1s Maduro \u201ctentou cometer fraude\u201d durante as \u00faltimas elei\u00e7\u00f5es na Venezuela.<\/p>\n\n\n\n<p>Em declara\u00e7\u00f5es \u00e0 imprensa, Boric explicou que a prova \u00e9 a relut\u00e2ncia em mostrar os registros eleitorais.<\/p>\n\n\n\n<p>O l\u00edder chileno disse que o pa\u00eds \u201cn\u00e3o reconhece a autoproclamada vit\u00f3ria de Maduro e n\u00e3o confia na independ\u00eancia ou imparcialidade das institui\u00e7\u00f5es atuais na Venezuela, e \u00e9 por isso que declara que validar\u00e1 os resultados que foram verificados por \u00f3rg\u00e3os internacionais independentes do regime\u201d.<\/p>\n\n\n\n<p>Sobre o reconhecimento dos resultados, Boric disse que as li\u00e7\u00f5es devem ser aprendidas com as experi\u00eancias passadas.<\/p>\n\n\n\n<p>\u2013 N\u00e3o podemos, como comunidade internacional, cometer o mesmo erro que foi cometido na \u00e9poca com Guaid\u00f3, e isso \u00e9 compreendido pela maioria dos pa\u00edses \u2013 declarou.<\/p>\n\n\n\n<p>O presidente chileno disse que confia nos esfor\u00e7os que est\u00e3o sendo feitos pelos pa\u00edses com \u201ccapacidade de negocia\u00e7\u00e3o e di\u00e1logo\u201d com as diferentes partes envolvidas.<\/p>\n\n\n\n<p>\u2013 Voc\u00eas viram os discursos depreciativos que alguns dos l\u00edderes do atual governo [da Venezuela] fizeram contra n\u00f3s, e eu n\u00e3o vou responder nos mesmos termos, n\u00e3o \u00e9 a tradi\u00e7\u00e3o do Chile \u2013 declarou.<\/p>\n\n\n\n<p>Boric tamb\u00e9m destacou que \u201cgraves viola\u00e7\u00f5es dos direitos humanos est\u00e3o sendo cometidas, reprimindo pessoas que est\u00e3o se manifestando e iniciando processos criminais que s\u00e3o ris\u00edveis e que n\u00e3o seriam aceit\u00e1veis em qualquer pa\u00eds democr\u00e1tico contra l\u00edderes da oposi\u00e7\u00e3o\u201d.<\/p>\n\n\n\n<p>\u2013 E eu digo isso independentemente da posi\u00e7\u00e3o de cada um em rela\u00e7\u00e3o \u00e0 oposi\u00e7\u00e3o, porque aqui h\u00e1 princ\u00edpios que devem ser defendidos em todos os momentos, independentemente das diferen\u00e7as, e \u00e9 isso que temos feito como pol\u00edtica internacional \u2013 afirmou, ao responder \u00e0s cr\u00edticas de dentro de sua pr\u00f3pria coaliz\u00e3o e, em particular, \u00e0 posi\u00e7\u00e3o do Partido Comunista.<\/p>\n\n\n\n<p>Boric ressaltou que \u00e9 necess\u00e1rio ter \u201cvis\u00e3o de longo prazo\u201d ao pensar nas \u201ccentenas de milhares de venezuelanos que hoje est\u00e3o espalhados pela Am\u00e9rica Latina e, em particular, em nosso pa\u00eds\u201d.<\/p>\n\n\n\n<p>\u2013 Quando vejo os rostos de pessoas trabalhadoras que est\u00e3o desesperadas, porque tiveram que deixar seu pa\u00eds em condi\u00e7\u00f5es extremamente prec\u00e1rias, s\u00f3 posso entender e condenar o que o regime de Nicol\u00e1s Maduro vem fazendo h\u00e1 algum tempo \u2013 concluiu.<\/p>\n\n\n\n<p>*EFE<\/p>\n","protected":false},"excerpt":{"rendered":"<p>O presidente do Chile, Gabriel Boric, afirmou, nesta quarta-feira (7), que n\u00e3o tem d\u00favidas de que o governo de Nicol\u00e1s Maduro \u201ctentou cometer fraude\u201d durante as \u00faltimas elei\u00e7\u00f5es na Venezuela. Em declara\u00e7\u00f5es \u00e0 imprensa, Boric explicou que a prova \u00e9 a relut\u00e2ncia em mostrar os registros eleitorais. O l\u00edder chileno disse que o pa\u00eds \u201cn\u00e3o [&hellip;]<\/p>\n","protected":false},"author":2,"featured_media":20351,"comment_status":"open","ping_status":"open","sticky":false,"template":"","format":"standard","meta":[],"categories":[16],"tags":[],"_links":{"self":[{"href":"https:\/\/dgospel.com.br\/portal\/index.php\/wp-json\/wp\/v2\/posts\/20350"}],"collection":[{"href":"https:\/\/dgospel.com.br\/portal\/index.php\/wp-json\/wp\/v2\/posts"}],"about":[{"href":"https:\/\/dgospel.com.br\/portal\/index.php\/wp-json\/wp\/v2\/types\/post"}],"author":[{"embeddable":true,"href":"https:\/\/dgospel.com.br\/portal\/index.php\/wp-json\/wp\/v2\/users\/2"}],"replies":[{"embeddable":true,"href":"https:\/\/dgospel.com.br\/portal\/index.php\/wp-json\/wp\/v2\/comments?post=20350"}],"version-history":[{"count":1,"href":"https:\/\/dgospel.com.br\/portal\/index.php\/wp-json\/wp\/v2\/posts\/20350\/revisions"}],"predecessor-version":[{"id":20352,"href":"https:\/\/dgospel.com.br\/portal\/index.php\/wp-json\/wp\/v2\/posts\/20350\/revisions\/20352"}],"wp:featuredmedia":[{"embeddable":true,"href":"https:\/\/dgospel.com.br\/portal\/index.php\/wp-json\/wp\/v2\/media\/20351"}],"wp:attachment":[{"href":"https:\/\/dgospel.com.br\/portal\/index.php\/wp-json\/wp\/v2\/media?parent=20350"}],"wp:term":[{"taxonomy":"category","embeddable":true,"href":"https:\/\/dgospel.com.br\/portal\/index.php\/wp-json\/wp\/v2\/categories?post=20350"},{"taxonomy":"post_tag","embeddable":true,"href":"https:\/\/dgospel.com.br\/portal\/index.php\/wp-json\/wp\/v2\/tags?post=20350"}],"curies":[{"name":"wp","href":"https:\/\/api.w.org\/{rel}","templated":true}]}}