{"id":20356,"date":"2024-08-07T20:08:57","date_gmt":"2024-08-07T23:08:57","guid":{"rendered":"https:\/\/dgospel.com.br\/portal\/?p=20356"},"modified":"2024-08-07T20:08:58","modified_gmt":"2024-08-07T23:08:58","slug":"urrutia-nao-vai-a-auditoria-do-stf-venezuelano-por-risco-de-prisao","status":"publish","type":"post","link":"https:\/\/dgospel.com.br\/portal\/index.php\/2024\/08\/07\/urrutia-nao-vai-a-auditoria-do-stf-venezuelano-por-risco-de-prisao\/","title":{"rendered":"Urrutia n\u00e3o vai \u00e0 auditoria do STF venezuelano por risco de pris\u00e3o"},"content":{"rendered":"\n<p>Proclamado presidente da Venezuela pela oposi\u00e7\u00e3o, Edmundo Gonz\u00e1lez Urrutia afirmou que n\u00e3o atender\u00e1 \u00e0 convoca\u00e7\u00e3o para comparecer ao Tribunal Superior de Justi\u00e7a (TSJ) nesta quarta-feira (7), porque corre risco de ser preso pelo regime chavista.<\/p>\n\n\n\n<p>\u2013 Se eu for \u00e0 C\u00e2mara Eleitoral nestas condi\u00e7\u00f5es ficarei totalmente vulner\u00e1vel por causa da impot\u00eancia e \u00e0 viola\u00e7\u00e3o do devido processo e colocarei em risco n\u00e3o s\u00f3 a minha liberdade, mas, mais importante, a vontade do povo venezuelano, como expressaram em 28 de julho \u2013 assinalou na carta aberta publicada no X.<\/p>\n\n\n\n<p>A Corte M\u00e1xima chamou todos os dez candidatos presidenciais, incluindo o ditador Nicol\u00e1s Maduro, para uma auditoria sobre o contestado resultado das elei\u00e7\u00f5es. Maduro foi declarado vencedor pelo Conselho Nacional Eleitoral, com 51% dos votos, entretanto, n\u00e3o apresentou as atas eleitorais. A oposi\u00e7\u00e3o, por outro lado, apresentou documentos que apontam a vit\u00f3ria de Gonz\u00e1lez por 67%, que podem ser conferidos no site&nbsp;<a href=\"https:\/\/resultadosconvzla.com\/\" target=\"_blank\" rel=\"noreferrer noopener\">resultadosconvzla.com<\/a>.<\/p>\n\n\n\n<p>Na carta aberta, Gonz\u00e1lez ainda instou as autoridades a \u201crecuperarem a sensatez\u201d e buscarem um \u201cdi\u00e1logo franco\u201d na inst\u00e2ncia competente constitucionalmente, em um \u201cquadro aceit\u00e1vel para todos\u201d, em que os direitos humanos e a vontade do povo fiquem a salvo.<\/p>\n\n\n\n<p>Segundo o partido pol\u00edtico Vente Venezuela (VV), \u201ch\u00e1 mais de mil pessoas detidas arbitrariamente por exercerem o seu direito \u00e0 manifesta\u00e7\u00e3o pac\u00edfica, ap\u00f3s as elei\u00e7\u00f5es de 28 de julho\u201d. Al\u00e9m disso, a ONG Provea contabiliza ao menos 24 mortes.<\/p>\n\n\n\n<p>Al\u00e9m disso, a jovem Mar\u00eda Oropeza, coordenadora estadual do Comando Nacional de Campa\u00f1a (ConVzla), de Mar\u00eda Corina Machado, foi sequestrada por agentes do regime chavista na Venezuela e divulgou, em transmiss\u00e3o ao vivo, sua deten\u00e7\u00e3o. Ela foi levada na noite desta ter\u00e7a-feira (6), sem informa\u00e7\u00e3o sobre ordem judicial.<\/p>\n\n\n\n<p>Por meio de publica\u00e7\u00e3o nas redes sociais, Mar\u00eda Corina se pronunciou:<\/p>\n\n\n\n<p>\u2013 Esta \u00e9 Mar\u00eda Oropeza. Uma jovem extraordinariamente corajosa, inteligente e generosa. Ela \u00e9 a Coordenadora do ConVzla no estado de Portuguesa e fez um trabalho extraordin\u00e1rio unindo e organizando os cidad\u00e3os do seu estado. O regime acaba de lev\u00e1-la \u00e0 for\u00e7a e n\u00e3o sabemos onde ela est\u00e1. Eles a sequestraram! \u2013 denunciou a l\u00edder opositora.<\/p>\n","protected":false},"excerpt":{"rendered":"<p>Proclamado presidente da Venezuela pela oposi\u00e7\u00e3o, Edmundo Gonz\u00e1lez Urrutia afirmou que n\u00e3o atender\u00e1 \u00e0 convoca\u00e7\u00e3o para comparecer ao Tribunal Superior de Justi\u00e7a (TSJ) nesta quarta-feira (7), porque corre risco de ser preso pelo regime chavista. \u2013 Se eu for \u00e0 C\u00e2mara Eleitoral nestas condi\u00e7\u00f5es ficarei totalmente vulner\u00e1vel por causa da impot\u00eancia e \u00e0 viola\u00e7\u00e3o do [&hellip;]<\/p>\n","protected":false},"author":2,"featured_media":20357,"comment_status":"open","ping_status":"open","sticky":false,"template":"","format":"standard","meta":[],"categories":[16],"tags":[],"_links":{"self":[{"href":"https:\/\/dgospel.com.br\/portal\/index.php\/wp-json\/wp\/v2\/posts\/20356"}],"collection":[{"href":"https:\/\/dgospel.com.br\/portal\/index.php\/wp-json\/wp\/v2\/posts"}],"about":[{"href":"https:\/\/dgospel.com.br\/portal\/index.php\/wp-json\/wp\/v2\/types\/post"}],"author":[{"embeddable":true,"href":"https:\/\/dgospel.com.br\/portal\/index.php\/wp-json\/wp\/v2\/users\/2"}],"replies":[{"embeddable":true,"href":"https:\/\/dgospel.com.br\/portal\/index.php\/wp-json\/wp\/v2\/comments?post=20356"}],"version-history":[{"count":1,"href":"https:\/\/dgospel.com.br\/portal\/index.php\/wp-json\/wp\/v2\/posts\/20356\/revisions"}],"predecessor-version":[{"id":20358,"href":"https:\/\/dgospel.com.br\/portal\/index.php\/wp-json\/wp\/v2\/posts\/20356\/revisions\/20358"}],"wp:featuredmedia":[{"embeddable":true,"href":"https:\/\/dgospel.com.br\/portal\/index.php\/wp-json\/wp\/v2\/media\/20357"}],"wp:attachment":[{"href":"https:\/\/dgospel.com.br\/portal\/index.php\/wp-json\/wp\/v2\/media?parent=20356"}],"wp:term":[{"taxonomy":"category","embeddable":true,"href":"https:\/\/dgospel.com.br\/portal\/index.php\/wp-json\/wp\/v2\/categories?post=20356"},{"taxonomy":"post_tag","embeddable":true,"href":"https:\/\/dgospel.com.br\/portal\/index.php\/wp-json\/wp\/v2\/tags?post=20356"}],"curies":[{"name":"wp","href":"https:\/\/api.w.org\/{rel}","templated":true}]}}