{"id":20359,"date":"2024-08-08T19:49:33","date_gmt":"2024-08-08T22:49:33","guid":{"rendered":"https:\/\/dgospel.com.br\/portal\/?p=20359"},"modified":"2024-08-08T19:49:34","modified_gmt":"2024-08-08T22:49:34","slug":"ex-presidente-jair-bolsonaro-e-ovacionado-em-pernambuco","status":"publish","type":"post","link":"https:\/\/dgospel.com.br\/portal\/index.php\/2024\/08\/08\/ex-presidente-jair-bolsonaro-e-ovacionado-em-pernambuco\/","title":{"rendered":"Ex-presidente\u00a0Jair Bolsonaro \u00e9 ovacionado em Pernambuco"},"content":{"rendered":"\n<p>O ex-presidente Jair Bolsonaro (PL) est\u00e1 em Pernambuco e j\u00e1 passou pelas cidades de Recife e Olinda, na quarta-feira (7). Nesta quinta (8), ele tamb\u00e9m esteve em Gravat\u00e1 e Caruaru. Imagens foram divulgadas nas redes sociais.<\/p>\n\n\n\n<p>Um dos v\u00eddeos foi publicado pelo senador Fl\u00e1vio Bolsonaro (PL-RJ). A grava\u00e7\u00e3o mostra uma multid\u00e3o em volta do pol\u00edtico.<\/p>\n\n\n\n<p>No post, Fl\u00e1vio alfinetou Lula (PT).<\/p>\n\n\n\n<p>\u2013 E \u00e9 assim que Jair Messias Bolsonaro \u00e9 recebido no estado onde Lula nasceu. Nosso campe\u00e3o do povo e que, se Deus quiser, vai voltar a governar o Brasil e recolocar o pa\u00eds no caminho da prosperidade \u2013 destacou.<\/p>\n\n\n\n<p>Jair Bolsonaro tamb\u00e9m postou v\u00eddeos e agradeceu o apoio.<\/p>\n\n\n\n<p>Durante passagem pela capital pernambucana, ele visitou a sinagoga Kahal Zur Israel, a primeira das Am\u00e9ricas, fundada em 1636.<\/p>\n\n\n\n<p>Na sexta-feira (9), Bolsonaro estar\u00e1 em Itamb\u00e9 e no s\u00e1bado (10), estar\u00e1 novamente no Recife.<\/p>\n\n\n\n<figure class=\"wp-block-image\"><img src=\"https:\/\/static.cdn.pleno.news\/2024\/08\/Screenshot-7-3.png\" alt=\"\" class=\"wp-image-1367272\"\/><\/figure>\n\n\n\n<p><a href=\"https:\/\/www.instagram.com\/p\/C-a32eAO5oe\/\">https:\/\/www.instagram.com\/p\/C-a32eAO5oe\/<\/a><\/p>\n\n\n\n<p><a href=\"https:\/\/www.facebook.com\/watch\/?v=798985149111793\">https:\/\/www.facebook.com\/watch\/?v=798985149111793<\/a><\/p>\n","protected":false},"excerpt":{"rendered":"<p>O ex-presidente Jair Bolsonaro (PL) est\u00e1 em Pernambuco e j\u00e1 passou pelas cidades de Recife e Olinda, na quarta-feira (7). Nesta quinta (8), ele tamb\u00e9m esteve em Gravat\u00e1 e Caruaru. Imagens foram divulgadas nas redes sociais. Um dos v\u00eddeos foi publicado pelo senador Fl\u00e1vio Bolsonaro (PL-RJ). A grava\u00e7\u00e3o mostra uma multid\u00e3o em volta do pol\u00edtico. [&hellip;]<\/p>\n","protected":false},"author":2,"featured_media":20360,"comment_status":"open","ping_status":"open","sticky":false,"template":"","format":"standard","meta":[],"categories":[4],"tags":[],"_links":{"self":[{"href":"https:\/\/dgospel.com.br\/portal\/index.php\/wp-json\/wp\/v2\/posts\/20359"}],"collection":[{"href":"https:\/\/dgospel.com.br\/portal\/index.php\/wp-json\/wp\/v2\/posts"}],"about":[{"href":"https:\/\/dgospel.com.br\/portal\/index.php\/wp-json\/wp\/v2\/types\/post"}],"author":[{"embeddable":true,"href":"https:\/\/dgospel.com.br\/portal\/index.php\/wp-json\/wp\/v2\/users\/2"}],"replies":[{"embeddable":true,"href":"https:\/\/dgospel.com.br\/portal\/index.php\/wp-json\/wp\/v2\/comments?post=20359"}],"version-history":[{"count":1,"href":"https:\/\/dgospel.com.br\/portal\/index.php\/wp-json\/wp\/v2\/posts\/20359\/revisions"}],"predecessor-version":[{"id":20361,"href":"https:\/\/dgospel.com.br\/portal\/index.php\/wp-json\/wp\/v2\/posts\/20359\/revisions\/20361"}],"wp:featuredmedia":[{"embeddable":true,"href":"https:\/\/dgospel.com.br\/portal\/index.php\/wp-json\/wp\/v2\/media\/20360"}],"wp:attachment":[{"href":"https:\/\/dgospel.com.br\/portal\/index.php\/wp-json\/wp\/v2\/media?parent=20359"}],"wp:term":[{"taxonomy":"category","embeddable":true,"href":"https:\/\/dgospel.com.br\/portal\/index.php\/wp-json\/wp\/v2\/categories?post=20359"},{"taxonomy":"post_tag","embeddable":true,"href":"https:\/\/dgospel.com.br\/portal\/index.php\/wp-json\/wp\/v2\/tags?post=20359"}],"curies":[{"name":"wp","href":"https:\/\/api.w.org\/{rel}","templated":true}]}}