{"id":20385,"date":"2024-08-09T22:03:45","date_gmt":"2024-08-10T01:03:45","guid":{"rendered":"https:\/\/dgospel.com.br\/portal\/?p=20385"},"modified":"2024-08-09T22:03:47","modified_gmt":"2024-08-10T01:03:47","slug":"wanderlei-barbosa-exalta-potencial-turistico-do-tocantins-durante-visita-ao-salao-do-turismo-no-rio-de-janeiro","status":"publish","type":"post","link":"https:\/\/dgospel.com.br\/portal\/index.php\/2024\/08\/09\/wanderlei-barbosa-exalta-potencial-turistico-do-tocantins-durante-visita-ao-salao-do-turismo-no-rio-de-janeiro\/","title":{"rendered":"Wanderlei Barbosa exalta potencial tur\u00edstico do Tocantins durante visita ao Sal\u00e3o do Turismo no Rio de Janeiro"},"content":{"rendered":"\n<p>O governador Wanderlei Barbosa, acompanhado da primeira-dama do Tocantins e secret\u00e1ria extraordin\u00e1ria de Participa\u00e7\u00f5es Sociais, Karynne Sotero; e do secret\u00e1rio de Estado do Turismo (Setur), Hercy Filho, participou nessa quinta-feira, 8, no Rio de Janeiro\/RJ, da&nbsp;<em>8\u00aa Edi\u00e7\u00e3o do Sal\u00e3o do Turismo<\/em>. No evento, que em 2024 tem como tema:&nbsp;<em>Experi\u00eancias do Brasil: o turismo respons\u00e1vel e inclusivo impulsionando o desenvolvimento sustent\u00e1vel<\/em>, est\u00e3o sendo promovidas as riquezas, a cultura, os roteiros e os principais atrativos tur\u00edsticos do Tocantins.<\/p>\n\n\n\n<p>Anualmente, o Sal\u00e3o re\u00fane representantes dos 26 estados e do Distrito Federal em uma programa\u00e7\u00e3o cujo foco \u00e9 incentivar a estrutura\u00e7\u00e3o, a qualifica\u00e7\u00e3o e a comercializa\u00e7\u00e3o da oferta tur\u00edstica brasileira, contribuindo para um melhor posicionamento e ampliando a competitividade nos mercados dessas regi\u00f5es, nacionalmente e internacionalmente.&nbsp;<\/p>\n\n\n\n<p>Na ocasi\u00e3o, o governador Wanderlei Barbosa pontuou a import\u00e2ncia do Estado de participar de um evento dessa magnitude para a promo\u00e7\u00e3o do turismo tocantinense. \u201cAqui, est\u00e3o sendo mostrados o Jalap\u00e3o, as Serra Gerais, o Vale do Araguaia, a Bacia do Tocantins, os povos tradicionais e origin\u00e1rios, nosso artesanato, nossas manifesta\u00e7\u00f5es religiosas, a nossa Capital, Taquara\u00e7u, todos os pontos importantes do turismo. Nos pr\u00f3ximos dias, o Sal\u00e3o Nacional do Turismo ser\u00e1 nossa vitrine para mostrar o quanto nossas belezas s\u00e3o importantes e relevantes&#8221;, pontuou o chefe do Executivo.<\/p>\n\n\n\n<p>Durante o evento, est\u00e3o sendo realizadas reuni\u00f5es do Conselho Nacional de Turismo (CNT), do F\u00f3rum Nacional de Secret\u00e1rios e Dirigentes Estaduais de Turismo (Fornatur) e o 1\u00b0 Semin\u00e1rio Nacional de Regionaliza\u00e7\u00e3o do Turismo 2024. \u201c\u00c9 um prazer imenso ver o trabalho do Turismo do Tocantins sendo promovido e divulgado, mostrando nossas riquezas naturais e culturais, os nossos povos e nossa gastronomia. Aqui est\u00e1 o Brasil inteiro, nesses 4 dias, at\u00e9 o dia 11, por isso \u00e9 uma honra para n\u00f3s participarmos e, tamb\u00e9m, recebermos o prest\u00edgio da visita do nosso governador Wanderlei Barbosa e da primeira-dama do Tocantins, Karynne Soterro\u201d, afirmou o secret\u00e1rio de Estado do Turismo, Hercy Filho.<\/p>\n\n\n\n<p>Do Tocantins, todos os participantes que passarem pelo sal\u00e3o poder\u00e3o tamb\u00e9m conferir o bel\u00edssimo artesanato feito em capim-dourado e degustar algumas iguarias do nosso Estado, como o doce de buriti, o biscoito amor-perfeito e o tradicional&nbsp;<em>chambari<\/em>.&nbsp;<\/p>\n\n\n\n<p><strong>O evento<\/strong><\/p>\n\n\n\n<p>O&nbsp;<em>8\u00b0 Sal\u00e3o do Turismo: Conhe\u00e7a o Brasil<\/em>&nbsp;\u00e9 realizado pelo Minist\u00e9rio do Turismo e outros \u00f3rg\u00e3os do Governo Federal, em parceria com o Sistema Fecom\u00e9rcio do Rio de Janeiro, Sebrae, Sesc, Senac, a Secretaria de Turismo do Estado e a prefeitura da cidade do Rio de Janeiro. Em um espa\u00e7o de 40 mil m\u00b2, nesta edi\u00e7\u00e3o, s\u00e3o esperados, pela organiza\u00e7\u00e3o, 120 mil participantes, que ir\u00e3o conhecer toda a diversidade tur\u00edstica do pa\u00eds.&nbsp;<\/p>\n\n\n\n<p>Tamb\u00e9m participaram do evento o titular da Secretaria de Estado da Cultura (Secult), Ti\u00e3o Pinheiro; o secret\u00e1rio extraordin\u00e1rio de Representa\u00e7\u00e3o em Bras\u00edlia (Serb), Carlos Manzini; o secret\u00e1rio de Estado da Comunica\u00e7\u00e3o (Secom), M\u00e1rcio Rocha; e o presidente do Instituto Natureza do Tocantins (Naturatins), Renato Jayme.<\/p>\n\n\n\n<p><img src=\"https:\/\/central.to.gov.br\/image\/388485?w=670&amp;h=383\"><\/p>\n\n\n\n<p>Governador Wanderlei Barbosa, acompanhado da primeira-dama Karynne Sotero e do secret\u00e1rio Hercy Filho, promove as riquezas do Tocantins no 8\u00ba Sal\u00e3o Nacional do Turismo &#8211; Antonio Gon\u00e7alves\/Governo do Tocantins&nbsp;<a href=\"https:\/\/central.to.gov.br\/image\/388485?f=1\" target=\"_blank\" rel=\"noreferrer noopener\"><em>file_download<\/em><\/a><\/p>\n\n\n\n<p><img src=\"https:\/\/central.to.gov.br\/image\/388484?w=670&amp;h=383\"><\/p>\n\n\n\n<p>Estande do Tocantins no 8\u00ba Sal\u00e3o Nacional do Turismo, destacando as belezas naturais, cultura e gastronomia do Estado &#8211; Antonio Gon\u00e7alves\/Governo do Tocantins&nbsp;<a href=\"https:\/\/central.to.gov.br\/image\/388484?f=1\" target=\"_blank\" rel=\"noreferrer noopener\"><em>file_download<\/em><\/a><\/p>\n\n\n\n<p><img src=\"https:\/\/central.to.gov.br\/image\/388483?w=670&amp;h=383\"><\/p>\n\n\n\n<p>No evento, est\u00e3o sendo promovidos as riquezas, a cultura, os roteiros e os principais atrativos tur\u00edsticos do Tocantins &#8211; Antonio Gon\u00e7alves\/Governo do Tocantins&nbsp;<a href=\"https:\/\/central.to.gov.br\/image\/388483?f=1\" target=\"_blank\" rel=\"noreferrer noopener\"><em>file_download<\/em><\/a><\/p>\n\n\n\n<p><img src=\"https:\/\/central.to.gov.br\/image\/388482?w=670&amp;h=383\"><\/p>\n\n\n\n<p>Visitantes exploram o estande do Tocantins, conhecendo os principais atrativos tur\u00edsticos do Estado durante o 8\u00ba Sal\u00e3o Nacional do Turismo &#8211; Antonio Gon\u00e7alves\/Governo do Tocantins&nbsp;<a href=\"https:\/\/central.to.gov.br\/image\/388482?f=1\" target=\"_blank\" rel=\"noreferrer noopener\"><em>file_download<\/em><\/a><\/p>\n","protected":false},"excerpt":{"rendered":"<p>O governador Wanderlei Barbosa, acompanhado da primeira-dama do Tocantins e secret\u00e1ria extraordin\u00e1ria de Participa\u00e7\u00f5es Sociais, Karynne Sotero; e do secret\u00e1rio de Estado do Turismo (Setur), Hercy Filho, participou nessa quinta-feira, 8, no Rio de Janeiro\/RJ, da&nbsp;8\u00aa Edi\u00e7\u00e3o do Sal\u00e3o do Turismo. No evento, que em 2024 tem como tema:&nbsp;Experi\u00eancias do Brasil: o turismo respons\u00e1vel e [&hellip;]<\/p>\n","protected":false},"author":2,"featured_media":20386,"comment_status":"open","ping_status":"open","sticky":false,"template":"","format":"standard","meta":[],"categories":[3],"tags":[13],"_links":{"self":[{"href":"https:\/\/dgospel.com.br\/portal\/index.php\/wp-json\/wp\/v2\/posts\/20385"}],"collection":[{"href":"https:\/\/dgospel.com.br\/portal\/index.php\/wp-json\/wp\/v2\/posts"}],"about":[{"href":"https:\/\/dgospel.com.br\/portal\/index.php\/wp-json\/wp\/v2\/types\/post"}],"author":[{"embeddable":true,"href":"https:\/\/dgospel.com.br\/portal\/index.php\/wp-json\/wp\/v2\/users\/2"}],"replies":[{"embeddable":true,"href":"https:\/\/dgospel.com.br\/portal\/index.php\/wp-json\/wp\/v2\/comments?post=20385"}],"version-history":[{"count":1,"href":"https:\/\/dgospel.com.br\/portal\/index.php\/wp-json\/wp\/v2\/posts\/20385\/revisions"}],"predecessor-version":[{"id":20387,"href":"https:\/\/dgospel.com.br\/portal\/index.php\/wp-json\/wp\/v2\/posts\/20385\/revisions\/20387"}],"wp:featuredmedia":[{"embeddable":true,"href":"https:\/\/dgospel.com.br\/portal\/index.php\/wp-json\/wp\/v2\/media\/20386"}],"wp:attachment":[{"href":"https:\/\/dgospel.com.br\/portal\/index.php\/wp-json\/wp\/v2\/media?parent=20385"}],"wp:term":[{"taxonomy":"category","embeddable":true,"href":"https:\/\/dgospel.com.br\/portal\/index.php\/wp-json\/wp\/v2\/categories?post=20385"},{"taxonomy":"post_tag","embeddable":true,"href":"https:\/\/dgospel.com.br\/portal\/index.php\/wp-json\/wp\/v2\/tags?post=20385"}],"curies":[{"name":"wp","href":"https:\/\/api.w.org\/{rel}","templated":true}]}}