{"id":20391,"date":"2024-08-09T22:12:37","date_gmt":"2024-08-10T01:12:37","guid":{"rendered":"https:\/\/dgospel.com.br\/portal\/?p=20391"},"modified":"2024-08-09T22:12:38","modified_gmt":"2024-08-10T01:12:38","slug":"no-28-forum-de-governadores-da-amazonia-legal-wanderlei-barbosa-reforca-compromisso-do-tocantins-com-o-desenvolvimento-economico-da-regiao","status":"publish","type":"post","link":"https:\/\/dgospel.com.br\/portal\/index.php\/2024\/08\/09\/no-28-forum-de-governadores-da-amazonia-legal-wanderlei-barbosa-reforca-compromisso-do-tocantins-com-o-desenvolvimento-economico-da-regiao\/","title":{"rendered":"No 28\u00b0 F\u00f3rum de Governadores da Amaz\u00f4nia Legal, Wanderlei Barbosa refor\u00e7a compromisso do Tocantins com o desenvolvimento econ\u00f4mico da regi\u00e3o"},"content":{"rendered":"\n<p>O governador do Tocantins, Wanderlei Barbosa, participou nesta sexta-feira, 9, do 28\u00b0 F\u00f3rum de Governadores da Amaz\u00f4nia Legal, em Porto Velho\/RO. O encontro, que ocorreu nas depend\u00eancias do Pal\u00e1cio Rio Madeira (PRM), sede do Governo de Rond\u00f4nia, reuniu os titulares dos executivos estaduais do Acre, Amazonas, Amap\u00e1, Maranh\u00e3o, Mato Grosso, Par\u00e1, Roraima, Rond\u00f4nia e Tocantins. Acompanharam o governador no evento a primeira-dama e secret\u00e1ria extraordin\u00e1ria de Participa\u00e7\u00f5es Sociais, Karynne Sotero; o secret\u00e1rio de Estado do Meio Ambiente e Recursos H\u00eddricos, Marcello Lelis; e o presidente do Instituto de Terras do Tocantins (Itertins), Robson Figueiredo.&nbsp;<\/p>\n\n\n\n<p>Em seu pronunciamento, o governador Wanderlei Barbosa refor\u00e7ou o compromisso do Tocantins com o desenvolvimento econ\u00f4mico da regi\u00e3o, com responsabilidade ambiental. \u201cTratamos aqui de assuntos relevantes ao meio ambiente, visto que, em breve, vamos receber em nossa regi\u00e3o a COP [Confer\u00eancia das Partes]. Temos o desafio de produzir de maneira sustent\u00e1vel, j\u00e1 que a economia da Amaz\u00f4nia Legal precisa crescer. Desse crescimento, vamos conseguir levar para a nossa popula\u00e7\u00e3o uma sa\u00fade ainda melhor, assim como uma educa\u00e7\u00e3o de qualidade\u201d, enfatizou.<\/p>\n\n\n\n<p>O chefe do Executivo estadual continuou o seu discurso destacando que \u00e9 importante criar, na regi\u00e3o, mecanismos para o fomento do emprego e condi\u00e7\u00f5es para atrair investidores. \u201cTenho muito orgulho do Jalap\u00e3o, das Serras Gerais, da nossa capital Palmas, que \u00e9 banhada por um lago com forte apelo para os esportes n\u00e1uticos e a pesca esportiva. N\u00f3s temos estados ricos em belezas naturais para trabalharmos o turismo, mas tamb\u00e9m o agroneg\u00f3cio. Precisamos encontrar esse caminho, sem prejudicar a natureza. S\u00e3o 30 milh\u00f5es de brasileiros que moram na Amaz\u00f4nia legal e que precisam sobreviver\u201d, pontuou o governador Wanderlei Barbosa.<\/p>\n\n\n\n<p>&#8220;No F\u00f3rum, n\u00f3s falamos a respeito da infraestrutura, da seguran\u00e7a p\u00fablica e sobre v\u00e1rias outras \u00e1reas que o nosso povo necessita. E n\u00f3s, agora, em uni\u00e3o, estamos ainda mais fortes. Eu, enquanto governador de Rond\u00f4nia recebendo essas autoridades, fico extremamente feliz que, juntos, seremos ainda mais eficazes&#8221;, ressaltou o governador de Rond\u00f4nia e anfitri\u00e3o do encontro, Marcos Rocha.<\/p>\n\n\n\n<p>Ainda durante o 28\u00b0 F\u00f3rum de Governadores, foram debatidos o Fundo Multi-doadores das Na\u00e7\u00f5es Unidas para o Desenvolvimento Sustent\u00e1vel na Amaz\u00f4nia Legal (MPTF da Amaz\u00f4nia); a apresenta\u00e7\u00e3o do Fundo Clima; o an\u00fancio de recursos para a parceria entre o Banco Interamericano de Desenvolvimento (BID) e o Cons\u00f3rcio Amaz\u00f4nia Legal (CAL). Al\u00e9m disso, ocorreram o ato de assinatura do Acordo de Coopera\u00e7\u00e3o T\u00e9cnica entre os estados para fortalecer a seguran\u00e7a p\u00fablica na Amaz\u00f4nia Legal; e a assinatura da ata com as resolu\u00e7\u00f5es discutidas nas c\u00e2maras t\u00e9cnicas do F\u00f3rum.<\/p>\n\n\n\n<p><strong>Tem\u00e1ticas<\/strong><\/p>\n\n\n\n<p>O F\u00f3rum, realizado pelo Cons\u00f3rcio Interestadual de Desenvolvimento Sustent\u00e1vel da Amaz\u00f4nia Legal, \u00e9 uma excelente oportunidade para fomentar as potencialidades de cada estado que integra o grupo, uma vez que o evento se torna vitrine da regi\u00e3o para as demais \u00e1reas do pa\u00eds e do mundo, tendo em vista a import\u00e2ncia do bioma Amaz\u00f4nia ao desenvolvimento mundial.<\/p>\n\n\n\n<p>As c\u00e2maras setoriais da 28\u00aa edi\u00e7\u00e3o est\u00e3o relacionadas aos temas de governan\u00e7a fundi\u00e1ria; agricultura e economia verde; infraestrutura e transporte; meio ambiente e desenvolvimento sustent\u00e1vel; e seguran\u00e7a p\u00fablica, sendo debatidas nessa quinta-feira, 8. O resultado do trabalho desenvolvido pelas c\u00e2maras ser\u00e1 encaminhado ao Cons\u00f3rcio da Amaz\u00f4nia Legal, que \u00e9 a representa\u00e7\u00e3o oficial dos estados-membros da Regi\u00e3o Norte. As a\u00e7\u00f5es passam a integrar a agenda comum dos estados e o Cons\u00f3rcio \u00e9 respons\u00e1vel pela gest\u00e3o do trabalho.<\/p>\n\n\n\n<p>Entre as pautas elencadas, foi iniciado um di\u00e1logo entre o Governo do Tocantins e o Minist\u00e9rio do Desenvolvimento Agr\u00e1rio e Agricultura Familiar (MDA) para avan\u00e7ar na regulariza\u00e7\u00e3o fundi\u00e1ria local. O objetivo principal \u00e9 transferir as terras da Uni\u00e3o para o estado e tornar o Tocantins um l\u00edder nas iniciativas de concess\u00e3o de titularidade territorial. Tamb\u00e9m foi sugerida uma reuni\u00e3o em Bras\u00edlia\/DF para resolver quest\u00f5es relacionadas \u00e0s divisas dos estados da Amaz\u00f4nia Legal, com a participa\u00e7\u00e3o do Instituto Brasileiro de Geografia e Estat\u00edstica (IBGE) e de outros \u00f3rg\u00e3os competentes.<\/p>\n\n\n\n<p>Presente no F\u00f3rum, o secret\u00e1rio de Estado do Meio Ambiente e Recursos H\u00eddricos, Marcello Lelis, enfatizou que o encontro foi produtivo para o Tocantins, uma vez que importantes pautas ambientais avan\u00e7aram, em espec\u00edfico sobre o fomento de pol\u00edticas p\u00fablicas, al\u00e9m da redu\u00e7\u00e3o do desmatamento no Estado. \u201cO Tocantins tem um projeto de R$ 74 milh\u00f5es sendo aprovado pelo Fundo Amaz\u00f4nia. Ent\u00e3o, esse foi um ponto muito positivo deste encontro, al\u00e9m da troca de informa\u00e7\u00f5es e de experi\u00eancias entre os nove estados. N\u00f3s apresentamos aqui os nossos bons resultados, pois conseguimos reduzir o desmatamento no estado do Tocantins e inverter a curva. Nos \u00faltimos quatro meses de 2024, comparados com os quatro meses de 2023, n\u00f3s reduzimos 15% do desmatamento\u201d, apontou o secret\u00e1rio.<\/p>\n\n\n\n<p><img src=\"https:\/\/central.to.gov.br\/image\/388619?w=670&amp;h=383\"><\/p>\n\n\n\n<p>Em seu pronunciamento, o governador Wanderlei Barbosa refor\u00e7ou o compromisso do Tocantins com o desenvolvimento econ\u00f4mico da regi\u00e3o, com responsabilidade ambiental &#8211; Antonio Gon\u00e7alves\/Governo do Tocantins&nbsp;<a href=\"https:\/\/central.to.gov.br\/image\/388619?f=1\" target=\"_blank\" rel=\"noreferrer noopener\"><em>file_download<\/em><\/a><\/p>\n\n\n\n<p><img src=\"https:\/\/central.to.gov.br\/image\/388618?w=670&amp;h=383\"><\/p>\n\n\n\n<p>F\u00f3rum ocorreu nas depend\u00eancias do Pal\u00e1cio Rio Madeira (PRM), sede do Governo de Rond\u00f4nia &#8211; Antonio Gon\u00e7alves\/Governo do Tocantins&nbsp;<a href=\"https:\/\/central.to.gov.br\/image\/388618?f=1\" target=\"_blank\" rel=\"noreferrer noopener\"><em>file_download<\/em><\/a><\/p>\n\n\n\n<p><img src=\"https:\/\/central.to.gov.br\/image\/388617?w=670&amp;h=383\"><\/p>\n\n\n\n<p>Presente no F\u00f3rum, o secret\u00e1rio de Estado do Meio Ambiente e Recursos H\u00eddricos, Marcello Lelis, compartilhou os avan\u00e7os do Tocantins na redu\u00e7\u00e3o do desmatamento &#8211; Antonio Gon\u00e7alves\/Governo do Tocantins&nbsp;<a href=\"https:\/\/central.to.gov.br\/image\/388617?f=1\" target=\"_blank\" rel=\"noreferrer noopener\"><em>file_download<\/em><\/a><\/p>\n\n\n\n<p><img src=\"https:\/\/central.to.gov.br\/image\/388616?w=670&amp;h=383\"><\/p>\n\n\n\n<p>Governador Wanderlei Barbosa assina Acordo de Coopera\u00e7\u00e3o T\u00e9cnica para fortalecer a seguran\u00e7a p\u00fablica na Amaz\u00f4nia Legal &#8211; Antonio Gon\u00e7alves\/Governo do Tocantins&nbsp;<a href=\"https:\/\/central.to.gov.br\/image\/388616?f=1\" target=\"_blank\" rel=\"noreferrer noopener\"><em>file_download<\/em><\/a><\/p>\n\n\n\n<p><img src=\"https:\/\/central.to.gov.br\/image\/388615?w=670&amp;h=383\"><\/p>\n\n\n\n<p>Governadores da Amaz\u00f4nia Legal assinam acordos para fortalecer a seguran\u00e7a p\u00fablica e o desenvolvimento sustent\u00e1vel na regi\u00e3o &#8211; Antonio Gon\u00e7alves\/Governo do Tocantins&nbsp;<a href=\"https:\/\/central.to.gov.br\/image\/388615?f=1\" target=\"_blank\" rel=\"noreferrer noopener\"><em>file_download<\/em><\/a><\/p>\n\n\n\n<p><img src=\"https:\/\/central.to.gov.br\/image\/388614?w=670&amp;h=383\"><\/p>\n\n\n\n<p>Governador Wanderlei Barbosa, acompanhado da primeira-dama e secret\u00e1ria extraordin\u00e1ria de Participa\u00e7\u00f5es Sociais, Karynne Sotero, participou do 28\u00aa F\u00f3rum de Governadores da Amaz\u00f4nia Legal &#8211; Antonio Gon\u00e7alves\/Governo do Tocantins&nbsp;<a href=\"https:\/\/central.to.gov.br\/image\/388614?f=1\" target=\"_blank\" rel=\"noreferrer noopener\"><em>file_download<\/em><\/a><a href=\"javascript:\"><em>keyboard_arrow_up<\/em><\/a><\/p>\n","protected":false},"excerpt":{"rendered":"<p>O governador do Tocantins, Wanderlei Barbosa, participou nesta sexta-feira, 9, do 28\u00b0 F\u00f3rum de Governadores da Amaz\u00f4nia Legal, em Porto Velho\/RO. O encontro, que ocorreu nas depend\u00eancias do Pal\u00e1cio Rio Madeira (PRM), sede do Governo de Rond\u00f4nia, reuniu os titulares dos executivos estaduais do Acre, Amazonas, Amap\u00e1, Maranh\u00e3o, Mato Grosso, Par\u00e1, Roraima, Rond\u00f4nia e Tocantins. [&hellip;]<\/p>\n","protected":false},"author":2,"featured_media":20392,"comment_status":"open","ping_status":"open","sticky":false,"template":"","format":"standard","meta":[],"categories":[3],"tags":[13],"_links":{"self":[{"href":"https:\/\/dgospel.com.br\/portal\/index.php\/wp-json\/wp\/v2\/posts\/20391"}],"collection":[{"href":"https:\/\/dgospel.com.br\/portal\/index.php\/wp-json\/wp\/v2\/posts"}],"about":[{"href":"https:\/\/dgospel.com.br\/portal\/index.php\/wp-json\/wp\/v2\/types\/post"}],"author":[{"embeddable":true,"href":"https:\/\/dgospel.com.br\/portal\/index.php\/wp-json\/wp\/v2\/users\/2"}],"replies":[{"embeddable":true,"href":"https:\/\/dgospel.com.br\/portal\/index.php\/wp-json\/wp\/v2\/comments?post=20391"}],"version-history":[{"count":1,"href":"https:\/\/dgospel.com.br\/portal\/index.php\/wp-json\/wp\/v2\/posts\/20391\/revisions"}],"predecessor-version":[{"id":20393,"href":"https:\/\/dgospel.com.br\/portal\/index.php\/wp-json\/wp\/v2\/posts\/20391\/revisions\/20393"}],"wp:featuredmedia":[{"embeddable":true,"href":"https:\/\/dgospel.com.br\/portal\/index.php\/wp-json\/wp\/v2\/media\/20392"}],"wp:attachment":[{"href":"https:\/\/dgospel.com.br\/portal\/index.php\/wp-json\/wp\/v2\/media?parent=20391"}],"wp:term":[{"taxonomy":"category","embeddable":true,"href":"https:\/\/dgospel.com.br\/portal\/index.php\/wp-json\/wp\/v2\/categories?post=20391"},{"taxonomy":"post_tag","embeddable":true,"href":"https:\/\/dgospel.com.br\/portal\/index.php\/wp-json\/wp\/v2\/tags?post=20391"}],"curies":[{"name":"wp","href":"https:\/\/api.w.org\/{rel}","templated":true}]}}