{"id":20407,"date":"2024-08-12T10:26:38","date_gmt":"2024-08-12T13:26:38","guid":{"rendered":"https:\/\/dgospel.com.br\/portal\/?p=20407"},"modified":"2024-08-12T10:26:39","modified_gmt":"2024-08-12T13:26:39","slug":"ex-presidente-do-stf-nelson-jobim-diz-que-8-1-nao-foi-ataque-a-democracia","status":"publish","type":"post","link":"https:\/\/dgospel.com.br\/portal\/index.php\/2024\/08\/12\/ex-presidente-do-stf-nelson-jobim-diz-que-8-1-nao-foi-ataque-a-democracia\/","title":{"rendered":"Ex-presidente do STF Nelson Jobim diz que 8\/1 n\u00e3o foi ataque \u00e0 democracia"},"content":{"rendered":"\n<p>O ex-presidente do Supremo Tribunal Federal (STF), Nelson Jobim, disse que os atos de 8 de Janeiro n\u00e3o foram um atentado \u00e0 democracia, mas sim uma \u201cfrustra\u00e7\u00e3o\u201d. As declara\u00e7\u00f5es foram dadas ao&nbsp;<em>CNN Entrevistas<\/em>.<\/p>\n\n\n\n<p>Aquelas pessoas todas ficaram um tempo enorme na frente dos quart\u00e9is, acampados, aquela coisa toda, pretendendo que os militares interviessem para o governo. Ou seja, desse um golpe. [Os invasores] pretendiam uma interven\u00e7\u00e3o militar no processo pol\u00edtico [\u2026] e n\u00e3o conseguiram \u2013 falou.<\/p>\n\n\n\n<p>E completou:<\/p>\n\n\n\n<p>\u2013 Eu enxergo aquela manifesta\u00e7\u00e3o da rua, que \u00e9 tratada como golpe, como uma esp\u00e9cie de cara da frustra\u00e7\u00e3o que tiveram de n\u00e3o obter o golpe militar.<\/p>\n","protected":false},"excerpt":{"rendered":"<p>O ex-presidente do Supremo Tribunal Federal (STF), Nelson Jobim, disse que os atos de 8 de Janeiro n\u00e3o foram um atentado \u00e0 democracia, mas sim uma \u201cfrustra\u00e7\u00e3o\u201d. As declara\u00e7\u00f5es foram dadas ao&nbsp;CNN Entrevistas. Aquelas pessoas todas ficaram um tempo enorme na frente dos quart\u00e9is, acampados, aquela coisa toda, pretendendo que os militares interviessem para o [&hellip;]<\/p>\n","protected":false},"author":2,"featured_media":20408,"comment_status":"open","ping_status":"open","sticky":false,"template":"","format":"standard","meta":[],"categories":[12,10],"tags":[],"_links":{"self":[{"href":"https:\/\/dgospel.com.br\/portal\/index.php\/wp-json\/wp\/v2\/posts\/20407"}],"collection":[{"href":"https:\/\/dgospel.com.br\/portal\/index.php\/wp-json\/wp\/v2\/posts"}],"about":[{"href":"https:\/\/dgospel.com.br\/portal\/index.php\/wp-json\/wp\/v2\/types\/post"}],"author":[{"embeddable":true,"href":"https:\/\/dgospel.com.br\/portal\/index.php\/wp-json\/wp\/v2\/users\/2"}],"replies":[{"embeddable":true,"href":"https:\/\/dgospel.com.br\/portal\/index.php\/wp-json\/wp\/v2\/comments?post=20407"}],"version-history":[{"count":1,"href":"https:\/\/dgospel.com.br\/portal\/index.php\/wp-json\/wp\/v2\/posts\/20407\/revisions"}],"predecessor-version":[{"id":20409,"href":"https:\/\/dgospel.com.br\/portal\/index.php\/wp-json\/wp\/v2\/posts\/20407\/revisions\/20409"}],"wp:featuredmedia":[{"embeddable":true,"href":"https:\/\/dgospel.com.br\/portal\/index.php\/wp-json\/wp\/v2\/media\/20408"}],"wp:attachment":[{"href":"https:\/\/dgospel.com.br\/portal\/index.php\/wp-json\/wp\/v2\/media?parent=20407"}],"wp:term":[{"taxonomy":"category","embeddable":true,"href":"https:\/\/dgospel.com.br\/portal\/index.php\/wp-json\/wp\/v2\/categories?post=20407"},{"taxonomy":"post_tag","embeddable":true,"href":"https:\/\/dgospel.com.br\/portal\/index.php\/wp-json\/wp\/v2\/tags?post=20407"}],"curies":[{"name":"wp","href":"https:\/\/api.w.org\/{rel}","templated":true}]}}