{"id":20422,"date":"2024-08-13T19:55:23","date_gmt":"2024-08-13T22:55:23","guid":{"rendered":"https:\/\/dgospel.com.br\/portal\/?p=20422"},"modified":"2024-08-13T19:55:23","modified_gmt":"2024-08-13T22:55:23","slug":"china-declara-apoio-ao-ira-em-meio-a-tensao-regional-contra-israel","status":"publish","type":"post","link":"https:\/\/dgospel.com.br\/portal\/index.php\/2024\/08\/13\/china-declara-apoio-ao-ira-em-meio-a-tensao-regional-contra-israel\/","title":{"rendered":"China declara apoio ao Ir\u00e3 em meio \u00e0 tens\u00e3o regional contra Israel"},"content":{"rendered":"\n<p>O ministro das Rela\u00e7\u00f5es Exteriores da China, Wang Yi, declarou apoio ao Ir\u00e3 na defesa da \u201csoberania, seguran\u00e7a e dignidade nacional\u201d em meio \u00e0 tens\u00e3o do Oriente M\u00e9dio com Israel. O posicionamento foi externado durante uma conversa diplom\u00e1tica do chanceler chin\u00eas com o equivalente iraniano interino, Ali Bagheri Kani, no domingo (11) e publicado na imprensa oficial chinesa.<\/p>\n\n\n\n<p>A princ\u00edpio, a declara\u00e7\u00e3o chinesa apenas condena o assassinato do l\u00edder do Hamas, Ismail Haniyeh, em Teer\u00e3, sem fazer men\u00e7\u00f5es a Israel, e diz que apoia o Ir\u00e3 nos \u201cesfor\u00e7os para manter a paz e a estabilidade regional\u201d.<\/p>\n\n\n\n<p>\u2013 China apoia o Ir\u00e3 na defesa de sua soberania, seguran\u00e7a e dignidade nacional de acordo com a lei, e apoia o lado iraniano em seus esfor\u00e7os para manter a paz e a estabilidade regionais \u2013 diz o texto.<\/p>\n\n\n\n<p>Segundo o comunicado, Wang Yi e Bagheri Kani conversaram sobre a situa\u00e7\u00e3o geopol\u00edtica na regi\u00e3o, que piorou desde o assassinato de Haniyeh, atribu\u00eddo a Israel, embora o pa\u00eds n\u00e3o tenha assumido a autoria de maneira aberta. Desde ent\u00e3o, o Ir\u00e3 diz que a a\u00e7\u00e3o feriu a soberania nacional, acusa Israel de promover a viol\u00eancia na regi\u00e3o e promete uma retalia\u00e7\u00e3o contra o pa\u00eds nos pr\u00f3ximos dias.<\/p>\n\n\n\n<p>As amea\u00e7as levaram os Estados Unidos, maior aliado de Israel, a deslocar um submarino e um porta-avi\u00f5es para refor\u00e7ar a defesa israelense e dissuadir o conflito. Um grupo de pa\u00edses do Ocidente tamb\u00e9m pressiona o Ir\u00e3 a n\u00e3o prosseguir com a retalia\u00e7\u00e3o, mas o pa\u00eds rejeitou o apelo em um comunicado oficial nesta ter\u00e7a-feira (13).<\/p>\n\n\n\n<p>A declara\u00e7\u00e3o da China cita o Ir\u00e3 como um \u201cparceiro estrat\u00e9gico\u201d no Oriente M\u00e9dio e diz que o assassinato de Haniyeh no territ\u00f3rio iraniano violou as normas das rela\u00e7\u00f5es internacionais.<\/p>\n\n\n\n<p>\u2013 A China se op\u00f5e firmemente e condena fortemente o ato de assassinato (de Ismail Haniyeh) e o considera uma viola\u00e7\u00e3o grave das normas b\u00e1sicas das rela\u00e7\u00f5es internacionais, uma grave viola\u00e7\u00e3o da soberania, seguran\u00e7a e dignidade do Ir\u00e3 e enfraquecimento direto do processo de negocia\u00e7\u00e3o de cessar-fogo em Gaza, bem como um impacto na paz e estabilidade regionais \u2013 diz o texto.<\/p>\n\n\n\n<p>O Minist\u00e9rio das Rela\u00e7\u00f5es Exteriores do Ir\u00e3 tamb\u00e9m emitiu um comunicado sobre a conversa entre os dois chanceleres e afirmou que os dois tamb\u00e9m conversaram sobre o ataque israelense na Escola Al-Tabin, que matou mais de 90 palestinos na Faixa de Gaza no s\u00e1bado. A China, no entanto, n\u00e3o fez men\u00e7\u00e3o oficial a esse epis\u00f3dio.<\/p>\n\n\n\n<p>Na declara\u00e7\u00e3o, o Ir\u00e3 agradece o apoio chin\u00eas e o papel exercido por Pequim na crise Israel-Palestina, que considera imparcial. A China tem reiterado o pedido para a comunidade internacional para aumentar a press\u00e3o sobre as partes envolvidas para implementar resolu\u00e7\u00f5es do Conselho de Seguran\u00e7a da ONU e criar condi\u00e7\u00f5es para um cessar-fogo permanente na Faixa de Gaza.<\/p>\n\n\n\n<p>Ainda segundo o comunicado oficial iraniano, Bagheri Kani reiterou a Wang Yi a posi\u00e7\u00e3o oficial do pa\u00eds de retaliar a a\u00e7\u00e3o de Israel.<\/p>\n\n\n\n<p>\u2013 A Rep\u00fablica Isl\u00e2mica do Ir\u00e3 tem o direito inerente e leg\u00edtimo de defender sua integridade territorial e soberania contra a agress\u00e3o do regime sionista \u2013 declara.<\/p>\n\n\n\n<p><strong>DI\u00c1LOGO COM OUTROS PA\u00cdSES<\/strong><br>A conversa entre Bagheri Kani e Wang Yi fez parte de uma s\u00e9rie de telefonemas diplom\u00e1ticos do Ir\u00e3 ap\u00f3s o assassinato de Haniyeh, que o pa\u00eds atribui a Israel. Bagheri Kani tamb\u00e9m conversou com os chanceleres da It\u00e1lia, Holanda e Indon\u00e9sia nos \u00faltimos dias e fez uma declara\u00e7\u00e3o para rejeitar o apelo de Fran\u00e7a, Reino Unido e Alemanha de n\u00e3o prosseguir com uma a\u00e7\u00e3o contra Israel.<\/p>\n\n\n\n<p>De acordo com os comunicados oficiais do Minist\u00e9rio das Rela\u00e7\u00f5es Exteriores do Ir\u00e3, Bagheri Kani reiterou a todos os chanceleres que o pa\u00eds teve a seguran\u00e7a e a soberania nacional violadas e por isso tem o direito de retaliar Israel.<\/p>\n\n\n\n<p>Nesta ter\u00e7a, a ag\u00eancia de not\u00edcias iraniana Mehr afirmou que o pa\u00eds est\u00e1 realizando exerc\u00edcios militares no norte em prepara\u00e7\u00e3o para a retalia\u00e7\u00e3o.<\/p>\n\n\n\n<p>\u00c0 retalia\u00e7\u00e3o iraniana se somam as amea\u00e7as do grupo terrorista Hezbollah, sediado no L\u00edbano e aliado do Ir\u00e3, que teve um de seus comandantes, Fuad Shakur, assassinado em um ataque israelense nos sub\u00farbios de Beirute em julho. O Hezbollah tamb\u00e9m tem afirmado que vai retaliar a a\u00e7\u00e3o e pode coordenar o ataque junto com Teer\u00e3.<\/p>\n\n\n\n<p>Em resposta, Israel comunicou ao Ir\u00e3 e ao Hezbollah que atacar centros populacionais civis seria considerado uma linha vermelha para uma guerra ampla no Oriente M\u00e9dio. O Ir\u00e3 atacou Israel em abril deste ano com m\u00edsseis e drones, mas a ofensiva foi neutralizada pela defesa a\u00e9rea do pa\u00eds e por na\u00e7\u00f5es aliadas.<\/p>\n\n\n\n<p>A gravidade atual da situa\u00e7\u00e3o fez com que a comunidade internacional aumentasse os pedidos de cessar-fogo entre Israel e o Hamas, que pode diminuir as tens\u00f5es em toda a regi\u00e3o. Os negociadores se encontrar\u00e3o ainda esta semana em Doha, no Catar.<\/p>\n\n\n\n<p>*AE<\/p>\n","protected":false},"excerpt":{"rendered":"<p>O ministro das Rela\u00e7\u00f5es Exteriores da China, Wang Yi, declarou apoio ao Ir\u00e3 na defesa da \u201csoberania, seguran\u00e7a e dignidade nacional\u201d em meio \u00e0 tens\u00e3o do Oriente M\u00e9dio com Israel. O posicionamento foi externado durante uma conversa diplom\u00e1tica do chanceler chin\u00eas com o equivalente iraniano interino, Ali Bagheri Kani, no domingo (11) e publicado na [&hellip;]<\/p>\n","protected":false},"author":2,"featured_media":20423,"comment_status":"open","ping_status":"open","sticky":false,"template":"","format":"standard","meta":[],"categories":[12,16],"tags":[],"_links":{"self":[{"href":"https:\/\/dgospel.com.br\/portal\/index.php\/wp-json\/wp\/v2\/posts\/20422"}],"collection":[{"href":"https:\/\/dgospel.com.br\/portal\/index.php\/wp-json\/wp\/v2\/posts"}],"about":[{"href":"https:\/\/dgospel.com.br\/portal\/index.php\/wp-json\/wp\/v2\/types\/post"}],"author":[{"embeddable":true,"href":"https:\/\/dgospel.com.br\/portal\/index.php\/wp-json\/wp\/v2\/users\/2"}],"replies":[{"embeddable":true,"href":"https:\/\/dgospel.com.br\/portal\/index.php\/wp-json\/wp\/v2\/comments?post=20422"}],"version-history":[{"count":1,"href":"https:\/\/dgospel.com.br\/portal\/index.php\/wp-json\/wp\/v2\/posts\/20422\/revisions"}],"predecessor-version":[{"id":20424,"href":"https:\/\/dgospel.com.br\/portal\/index.php\/wp-json\/wp\/v2\/posts\/20422\/revisions\/20424"}],"wp:featuredmedia":[{"embeddable":true,"href":"https:\/\/dgospel.com.br\/portal\/index.php\/wp-json\/wp\/v2\/media\/20423"}],"wp:attachment":[{"href":"https:\/\/dgospel.com.br\/portal\/index.php\/wp-json\/wp\/v2\/media?parent=20422"}],"wp:term":[{"taxonomy":"category","embeddable":true,"href":"https:\/\/dgospel.com.br\/portal\/index.php\/wp-json\/wp\/v2\/categories?post=20422"},{"taxonomy":"post_tag","embeddable":true,"href":"https:\/\/dgospel.com.br\/portal\/index.php\/wp-json\/wp\/v2\/tags?post=20422"}],"curies":[{"name":"wp","href":"https:\/\/api.w.org\/{rel}","templated":true}]}}