{"id":20428,"date":"2024-08-13T20:24:24","date_gmt":"2024-08-13T23:24:24","guid":{"rendered":"https:\/\/dgospel.com.br\/portal\/?p=20428"},"modified":"2024-08-13T20:40:54","modified_gmt":"2024-08-13T23:40:54","slug":"israelenses-oram-e-jejuam-em-meio-as-ameacas-de-ataque-pelo-ira","status":"publish","type":"post","link":"https:\/\/dgospel.com.br\/portal\/index.php\/2024\/08\/13\/israelenses-oram-e-jejuam-em-meio-as-ameacas-de-ataque-pelo-ira\/","title":{"rendered":"Israelenses oram e jejuam em meio \u00e0s amea\u00e7as de ataque pelo Ir\u00e3"},"content":{"rendered":"\n<p>Em meio \u00e0s amea\u00e7as de ataque pelo Ir\u00e3 ap\u00f3s o assassinato do l\u00edder do Hamas, judeus est\u00e3o orando e jejuando em Israel, segundo o The Times of Israel.<\/p>\n\n\n\n<p>O dia do jejum anual marca o Tisha B&#8217;Av, que iniciou no p\u00f4r do sol de segunda-feira (12) e vai at\u00e9 o anoitecer desta ter\u00e7a-feira (13). Na data, os israelenses lamentam principalmente a destrui\u00e7\u00e3o dos dois antigos templos que ficavam em Jerusal\u00e9m e relembram a li\u00e7\u00e3o de que as lutas internas entre eles provocam sua pr\u00f3pria destrui\u00e7\u00e3o.<\/p>\n\n\n\n<p>Segundo analistas, o&nbsp;<a href=\"https:\/\/guiame.com.br\/gospel\/israel\/russia-fornece-defesas-aereas-ao-ira-diante-de-possivel-guerra-com-israel.html\"><strong>Ir\u00e3<\/strong><\/a>&nbsp;conhece o calend\u00e1rio judaico e poderia escolher o Tisha B&#8217;Av para atacar pelo seu significado ao povo judeu.&nbsp;<\/p>\n\n\n\n<p>Anteriormente, os inimigos de Israel j\u00e1 atacaram em datas comemorativas, como na Guerra do Yom Kippur, quando a na\u00e7\u00e3o israelense foi pega de surpresa em 1973 enquanto muitos soldados estavam jejuando e orando na sinagoga.<\/p>\n\n\n\n<p>Al\u00e9m disso, o Tisha B&#8217;Av j\u00e1 foi marcado por ataques contra a comunidade judaica em anos anteriores, como o bombardeio do centro judaico AMIA em Buenos Aires.&nbsp;<\/p>\n\n\n\n<p><strong>Temores<\/strong><\/p>\n\n\n\n<p>Agora, os judeus em todo o mundo est\u00e3o preocupados que outra trag\u00e9dia possa acontecer no dia de lamenta\u00e7\u00e3o.<\/p>\n\n\n\n<p>\u201cMe sinto mal do est\u00f4mago ao entrar em Tisha B&#8217;Av este ano \u2013 o dia mais triste do calend\u00e1rio judaico que come\u00e7a hoje \u00e0 noite&#8221;, desabafou o cantor Scott Borsky, no Facebook.&nbsp;<\/p>\n\n\n\n<p>&#8220;Os israelenses e o mundo est\u00e3o se preparando para a resposta do Ir\u00e3 ao assassinato do l\u00edder do Hamas. Fontes de intelig\u00eancia ocidentais dizem que isso pode acontecer em Tisha B&#8217;Av\u201d.<\/p>\n\n\n\n<p>Al\u00e9m das amea\u00e7as externas, os israelenses ainda lidam com o aumento das tens\u00f5es pol\u00edticas internas e as divis\u00f5es em Israel.<\/p>\n\n\n\n<p>\u201cEu me pego sentada e preocupada \u2013 e n\u00e3o por causa da amea\u00e7a do Ir\u00e3 ou do L\u00edbano, mas por causa do que nos tornamos. Por causa da legitimidade que demos ao \u00f3dio intransigente\u201d, escreveu a israelense Dina Epshtein, em postagem no Facebook.<\/p>\n\n\n\n<p>Alguns israelenses disseram que relembrar a hist\u00f3ria da destrui\u00e7\u00e3o do primeiro templo teve um significado mais forte neste Tisha B&#8217;Av, devido ao ataque de 7 de outubro.<\/p>\n\n\n\n<p>\u201cNos \u00faltimos anos, li [o livro de Lamenta\u00e7\u00f5es] sobre estupro de mulheres e sequestro de crian\u00e7as, e me conectei a isso como um exagero po\u00e9tico. Este ano vivemos o exagero \u2013 inimigos que praticavam esses mesmos n\u00edveis de crueldade. Ajuda lembrar que nosso povo j\u00e1 esteve aqui antes e sobreviveu\u201d, refletiu a rabina Leah Sarna no Instagram.<\/p>\n\n\n\n<p><strong>Amea\u00e7a de conflito mais amplo<\/strong><\/p>\n\n\n\n<p>As for\u00e7as israelenses permanecem em estado de alerta m\u00e1ximo, preparadas para poss\u00edveis&nbsp;<a href=\"https:\/\/guiame.com.br\/gospel\/israel\/cristaos-oram-por-israel-ira-pode-estar-reconsiderando-retaliacao-ao-pais.html\"><strong>retalia\u00e7\u00f5es do Ir\u00e3<\/strong><\/a>&nbsp;e de seus aliados ap\u00f3s a elimina\u00e7\u00e3o do principal l\u00edder do Hamas no m\u00eas passado.<\/p>\n\n\n\n<p>Na noite de domingo (11), o Hezbollah lan\u00e7ou uma&nbsp;<a href=\"https:\/\/guiame.com.br\/gospel\/israel\/hezbollah-ataca-israel-autoridades-alertam-para-retaliacao-iminente-do-ira.html\"><strong>s\u00e9rie de foguetes<\/strong><\/a>&nbsp;em dire\u00e7\u00e3o ao norte de Israel.<\/p>\n\n\n\n<p>Desde o in\u00edcio da guerra em Gaza, o lan\u00e7amento de foguetes contra Israel por militantes do Hezbollah apoiados pelo Ir\u00e3 a partir do sul do L\u00edbano tornou-se quase uma ocorr\u00eancia di\u00e1ria. O aumento desses ataques intensifica os temores de que um poss\u00edvel ataque iraniano possa escalar para um conflito regional mais amplo.<\/p>\n\n\n\n<p>O secret\u00e1rio de Defesa dos EUA, Lloyd Austin, destacou um submarino com m\u00edsseis guiados para o Oriente M\u00e9dio e acelerou a chegada de um grupo de ataque de porta-avi\u00f5es \u00e0 regi\u00e3o em antecipa\u00e7\u00e3o a um poss\u00edvel ataque iraniano contra Israel, conforme comunicado do Pent\u00e1gono na noite de domingo.<\/p>\n\n\n\n<p>O an\u00fancio foi feito ap\u00f3s uma liga\u00e7\u00e3o entre o secret\u00e1rio de Defesa dos EUA e seu hom\u00f3logo israelense, Yoav Gallant.<\/p>\n","protected":false},"excerpt":{"rendered":"<p>Em meio \u00e0s amea\u00e7as de ataque pelo Ir\u00e3 ap\u00f3s o assassinato do l\u00edder do Hamas, judeus est\u00e3o orando e jejuando em Israel, segundo o The Times of Israel. O dia do jejum anual marca o Tisha B&#8217;Av, que iniciou no p\u00f4r do sol de segunda-feira (12) e vai at\u00e9 o anoitecer desta ter\u00e7a-feira (13). Na [&hellip;]<\/p>\n","protected":false},"author":2,"featured_media":20429,"comment_status":"open","ping_status":"open","sticky":false,"template":"","format":"standard","meta":[],"categories":[12,16],"tags":[],"_links":{"self":[{"href":"https:\/\/dgospel.com.br\/portal\/index.php\/wp-json\/wp\/v2\/posts\/20428"}],"collection":[{"href":"https:\/\/dgospel.com.br\/portal\/index.php\/wp-json\/wp\/v2\/posts"}],"about":[{"href":"https:\/\/dgospel.com.br\/portal\/index.php\/wp-json\/wp\/v2\/types\/post"}],"author":[{"embeddable":true,"href":"https:\/\/dgospel.com.br\/portal\/index.php\/wp-json\/wp\/v2\/users\/2"}],"replies":[{"embeddable":true,"href":"https:\/\/dgospel.com.br\/portal\/index.php\/wp-json\/wp\/v2\/comments?post=20428"}],"version-history":[{"count":1,"href":"https:\/\/dgospel.com.br\/portal\/index.php\/wp-json\/wp\/v2\/posts\/20428\/revisions"}],"predecessor-version":[{"id":20430,"href":"https:\/\/dgospel.com.br\/portal\/index.php\/wp-json\/wp\/v2\/posts\/20428\/revisions\/20430"}],"wp:featuredmedia":[{"embeddable":true,"href":"https:\/\/dgospel.com.br\/portal\/index.php\/wp-json\/wp\/v2\/media\/20429"}],"wp:attachment":[{"href":"https:\/\/dgospel.com.br\/portal\/index.php\/wp-json\/wp\/v2\/media?parent=20428"}],"wp:term":[{"taxonomy":"category","embeddable":true,"href":"https:\/\/dgospel.com.br\/portal\/index.php\/wp-json\/wp\/v2\/categories?post=20428"},{"taxonomy":"post_tag","embeddable":true,"href":"https:\/\/dgospel.com.br\/portal\/index.php\/wp-json\/wp\/v2\/tags?post=20428"}],"curies":[{"name":"wp","href":"https:\/\/api.w.org\/{rel}","templated":true}]}}